{"id":572,"date":"2022-07-21T14:10:00","date_gmt":"2022-07-21T12:10:00","guid":{"rendered":"https:\/\/ht2techinfo.cd\/p\/mines2022\/?p=572"},"modified":"2022-07-21T15:10:24","modified_gmt":"2022-07-21T13:10:24","slug":"message-des-voeux-de-son-excellence-madame-la-ministre-des-mines-a-loccasion-de-la-celebration-de-la-fete-de-lindependance-de-la-rdc","status":"publish","type":"post","link":"https:\/\/mines.gouv.cd\/fr\/2022\/07\/21\/message-des-voeux-de-son-excellence-madame-la-ministre-des-mines-a-loccasion-de-la-celebration-de-la-fete-de-lindependance-de-la-rdc\/","title":{"rendered":"MESSAGE DES V\u0152UX DE SON EXCELLENCE MADAME LA MINISTRE DES MINES A L\u2019OCCASION DE LA CELEBRATION DE LA FETE DE L\u2019INDEPENDANCE DE LA RDC"},"content":{"rendered":"<div id=\"fb-root\"><\/div>\n\n<p>En ce jour m\u00e9morable du 30 juin 2022, notre pays la R\u00e9publique D\u00e9mocratique Congo, c\u00e9l\u00e8bre le 62e anniversaire de son accession \u00e0 la souverainet\u00e9 nationale et internationale.<\/p>\n\n\n\n<p>A cet effet, l\u2019ensemble du personnel du Minist\u00e8re des Mines et moi-m\u00eame souhaitons une bonne f\u00eate au Pr\u00e9sident de la R\u00e9publique, Chef de l\u2019Etat, Commandant Supr\u00eame des FARDC, Son Excellence F\u00e9lix-Antoine TSHISEKEDI TSHILOMBO, au Premier Ministre, Chef du Gouvernement, Son Excellence Jean Michel SAMA LUKONDE, aux membres du Gouvernement ainsi qu\u2019\u00e0 toute la population congolaise.<\/p>\n\n\n\n<p>Au regard des atrocit\u00e9s qui s\u00e9vissent dans la partie Est de notre pays, mon Minist\u00e8re saisit cette occasion pour r\u00e9it\u00e9rer son soutien sans faille&nbsp;&nbsp; aux vaillantes FARDC au front et poursuit la mat\u00e9rialisation de la vision du Premier citoyen de la R\u00e9publique, celle de faire b\u00e9n\u00e9ficier \u00e0 la population des ressources naturelles que regorgent le sol et le sous-sol de notre pays.<\/p>\n\n\n\n<p>Que vive la R\u00e9publique D\u00e9mocratique du Congo.<\/p>\n\n\n\n<p>&nbsp;&nbsp;&nbsp;&nbsp; Fait \u00e0 Kinshasa, le 29 juin 2022<\/p>\n\n\n\n<p>&nbsp;&nbsp;&nbsp;&nbsp; Antoinette N\u2019SAMBA KALAMBAYI<\/p>\n\n\n\n<p>&nbsp;&nbsp;&nbsp;&nbsp;&nbsp;&nbsp;&nbsp;&nbsp;&nbsp;&nbsp;&nbsp;&nbsp;&nbsp;&nbsp;&nbsp; Ministre des Mines<\/p>\n","protected":false},"excerpt":{"rendered":"<p>En ce jour m\u00e9morable du 30 juin 2022, notre pays la R\u00e9publique D\u00e9mocratique Congo, c\u00e9l\u00e8bre le 62e anniversaire de son accession \u00e0 la souverainet\u00e9 nationale et internationale. A cet effet, l\u2019ensemble du personnel du Minist\u00e8re des Mines et moi-m\u00eame souhaitons une bonne f\u00eate au Pr\u00e9sident de la R\u00e9publique, Chef de l\u2019Etat, Commandant Supr\u00eame des FARDC, [&hellip;]<\/p>\n","protected":false},"author":1,"featured_media":573,"comment_status":"open","ping_status":"open","sticky":true,"template":"","format":"standard","meta":{"tdm_status":"","tdm_grid_status":"","footnotes":""},"categories":[89,85],"tags":[],"class_list":{"0":"post-572","1":"post","2":"type-post","3":"status-publish","4":"format-standard","5":"has-post-thumbnail","7":"category-a-la-une","8":"category-actualite"},"amp_enabled":true,"_links":{"self":[{"href":"https:\/\/mines.gouv.cd\/fr\/wp-json\/wp\/v2\/posts\/572","targetHints":{"allow":["GET"]}}],"collection":[{"href":"https:\/\/mines.gouv.cd\/fr\/wp-json\/wp\/v2\/posts"}],"about":[{"href":"https:\/\/mines.gouv.cd\/fr\/wp-json\/wp\/v2\/types\/post"}],"author":[{"embeddable":true,"href":"https:\/\/mines.gouv.cd\/fr\/wp-json\/wp\/v2\/users\/1"}],"replies":[{"embeddable":true,"href":"https:\/\/mines.gouv.cd\/fr\/wp-json\/wp\/v2\/comments?post=572"}],"version-history":[{"count":1,"href":"https:\/\/mines.gouv.cd\/fr\/wp-json\/wp\/v2\/posts\/572\/revisions"}],"predecessor-version":[{"id":574,"href":"https:\/\/mines.gouv.cd\/fr\/wp-json\/wp\/v2\/posts\/572\/revisions\/574"}],"wp:featuredmedia":[{"embeddable":true,"href":"https:\/\/mines.gouv.cd\/fr\/wp-json\/wp\/v2\/media\/573"}],"wp:attachment":[{"href":"https:\/\/mines.gouv.cd\/fr\/wp-json\/wp\/v2\/media?parent=572"}],"wp:term":[{"taxonomy":"category","embeddable":true,"href":"https:\/\/mines.gouv.cd\/fr\/wp-json\/wp\/v2\/categories?post=572"},{"taxonomy":"post_tag","embeddable":true,"href":"https:\/\/mines.gouv.cd\/fr\/wp-json\/wp\/v2\/tags?post=572"}],"curies":[{"name":"wp","href":"https:\/\/api.w.org\/{rel}","templated":true}]}}