{"id":567,"date":"2022-07-04T15:53:45","date_gmt":"2022-07-04T13:53:45","guid":{"rendered":"https:\/\/ht2techinfo.cd\/p\/mines2022\/?p=567"},"modified":"2022-07-06T18:06:16","modified_gmt":"2022-07-06T16:06:16","slug":"la-cloture-de-la-pleniere-du-processus-de-kimberley-a-kasane-en-republique-du-botswana","status":"publish","type":"post","link":"https:\/\/mines.gouv.cd\/fr\/2022\/07\/04\/la-cloture-de-la-pleniere-du-processus-de-kimberley-a-kasane-en-republique-du-botswana\/","title":{"rendered":"LA CLOTURE DE LA PLENIERE DU PROCESSUS DE KIMBERLEY A KASANE EN REPUBLIQUE DU BOTSWANA"},"content":{"rendered":"<div id=\"fb-root\"><\/div>\n\n<p>Le Minist\u00e8re des Mines vient de prendre part \u00e0 la Pl\u00e9ni\u00e8re du Processus de Kimberley \u00e0 KASANE en R\u00e9publique du Botswana. Ces assises qui avaient d\u00e9marr\u00e9es le lundi 20 juin 2022 viennent de se terminer ce vendredi.<\/p>\n\n\n\n<p>Grande est la joie du Pr\u00e9sident du GTPAA, le Directeur Maurice MIEMA qui s\u2019est f\u00e9licit\u00e9 de l\u2019apport positif des experts du Minist\u00e8re des Mines, actifs dans des diff\u00e9rentes commissions et sous commissions.<\/p>\n\n\n\n<p>J.R. BONGENGWA\/ Expert au Minist\u00e8re des Mines<\/p>\n\n\n\n<figure class=\"wp-block-gallery has-nested-images columns-default is-cropped wp-block-gallery-1 is-layout-flex wp-block-gallery-is-layout-flex\">\n<figure class=\"wp-block-image size-large\"><img loading=\"lazy\" decoding=\"async\" width=\"1008\" height=\"756\" data-id=\"569\" src=\"https:\/\/ht2techinfo.cd\/p\/mines2022\/wp-content\/uploads\/2022\/07\/WhatsApp-Image-2022-06-24-at-19.10.381.jpeg\" alt=\"\" class=\"wp-image-569\" srcset=\"https:\/\/mines.gouv.cd\/fr\/wp-content\/uploads\/2022\/07\/WhatsApp-Image-2022-06-24-at-19.10.381.jpeg 1008w, https:\/\/mines.gouv.cd\/fr\/wp-content\/uploads\/2022\/07\/WhatsApp-Image-2022-06-24-at-19.10.381-600x450.jpeg 600w, https:\/\/mines.gouv.cd\/fr\/wp-content\/uploads\/2022\/07\/WhatsApp-Image-2022-06-24-at-19.10.381-300x225.jpeg 300w, https:\/\/mines.gouv.cd\/fr\/wp-content\/uploads\/2022\/07\/WhatsApp-Image-2022-06-24-at-19.10.381-768x576.jpeg 768w, https:\/\/mines.gouv.cd\/fr\/wp-content\/uploads\/2022\/07\/WhatsApp-Image-2022-06-24-at-19.10.381-696x522.jpeg 696w, https:\/\/mines.gouv.cd\/fr\/wp-content\/uploads\/2022\/07\/WhatsApp-Image-2022-06-24-at-19.10.381-560x420.jpeg 560w, https:\/\/mines.gouv.cd\/fr\/wp-content\/uploads\/2022\/07\/WhatsApp-Image-2022-06-24-at-19.10.381-80x60.jpeg 80w, https:\/\/mines.gouv.cd\/fr\/wp-content\/uploads\/2022\/07\/WhatsApp-Image-2022-06-24-at-19.10.381-265x198.jpeg 265w\" sizes=\"auto, (max-width: 1008px) 100vw, 1008px\" \/><\/figure>\n\n\n\n<figure class=\"wp-block-image size-large\"><img loading=\"lazy\" decoding=\"async\" width=\"992\" height=\"744\" data-id=\"568\" src=\"https:\/\/ht2techinfo.cd\/p\/mines2022\/wp-content\/uploads\/2022\/07\/WhatsApp-Image-2022-06-24-at-19.10.38.jpeg\" alt=\"\" class=\"wp-image-568\" srcset=\"https:\/\/mines.gouv.cd\/fr\/wp-content\/uploads\/2022\/07\/WhatsApp-Image-2022-06-24-at-19.10.38.jpeg 992w, https:\/\/mines.gouv.cd\/fr\/wp-content\/uploads\/2022\/07\/WhatsApp-Image-2022-06-24-at-19.10.38-600x450.jpeg 600w, https:\/\/mines.gouv.cd\/fr\/wp-content\/uploads\/2022\/07\/WhatsApp-Image-2022-06-24-at-19.10.38-300x225.jpeg 300w, https:\/\/mines.gouv.cd\/fr\/wp-content\/uploads\/2022\/07\/WhatsApp-Image-2022-06-24-at-19.10.38-768x576.jpeg 768w, https:\/\/mines.gouv.cd\/fr\/wp-content\/uploads\/2022\/07\/WhatsApp-Image-2022-06-24-at-19.10.38-696x522.jpeg 696w, https:\/\/mines.gouv.cd\/fr\/wp-content\/uploads\/2022\/07\/WhatsApp-Image-2022-06-24-at-19.10.38-560x420.jpeg 560w, https:\/\/mines.gouv.cd\/fr\/wp-content\/uploads\/2022\/07\/WhatsApp-Image-2022-06-24-at-19.10.38-80x60.jpeg 80w, https:\/\/mines.gouv.cd\/fr\/wp-content\/uploads\/2022\/07\/WhatsApp-Image-2022-06-24-at-19.10.38-265x198.jpeg 265w\" sizes=\"auto, (max-width: 992px) 100vw, 992px\" \/><\/figure>\n\n\n\n<figure class=\"wp-block-image size-large\"><img loading=\"lazy\" decoding=\"async\" width=\"992\" height=\"744\" data-id=\"570\" src=\"https:\/\/ht2techinfo.cd\/p\/mines2022\/wp-content\/uploads\/2022\/07\/WhatsApp-Image-2022-06-24-at-19.10.36.jpeg\" alt=\"\" class=\"wp-image-570\" srcset=\"https:\/\/mines.gouv.cd\/fr\/wp-content\/uploads\/2022\/07\/WhatsApp-Image-2022-06-24-at-19.10.36.jpeg 992w, https:\/\/mines.gouv.cd\/fr\/wp-content\/uploads\/2022\/07\/WhatsApp-Image-2022-06-24-at-19.10.36-600x450.jpeg 600w, https:\/\/mines.gouv.cd\/fr\/wp-content\/uploads\/2022\/07\/WhatsApp-Image-2022-06-24-at-19.10.36-300x225.jpeg 300w, https:\/\/mines.gouv.cd\/fr\/wp-content\/uploads\/2022\/07\/WhatsApp-Image-2022-06-24-at-19.10.36-768x576.jpeg 768w, https:\/\/mines.gouv.cd\/fr\/wp-content\/uploads\/2022\/07\/WhatsApp-Image-2022-06-24-at-19.10.36-696x522.jpeg 696w, https:\/\/mines.gouv.cd\/fr\/wp-content\/uploads\/2022\/07\/WhatsApp-Image-2022-06-24-at-19.10.36-560x420.jpeg 560w, https:\/\/mines.gouv.cd\/fr\/wp-content\/uploads\/2022\/07\/WhatsApp-Image-2022-06-24-at-19.10.36-80x60.jpeg 80w, https:\/\/mines.gouv.cd\/fr\/wp-content\/uploads\/2022\/07\/WhatsApp-Image-2022-06-24-at-19.10.36-265x198.jpeg 265w\" sizes=\"auto, (max-width: 992px) 100vw, 992px\" \/><\/figure>\n<\/figure>\n","protected":false},"excerpt":{"rendered":"<p>Le Minist\u00e8re des Mines vient de prendre part \u00e0 la Pl\u00e9ni\u00e8re du Processus de Kimberley \u00e0 KASANE en R\u00e9publique du Botswana. Ces assises qui avaient d\u00e9marr\u00e9es le lundi 20 juin 2022 viennent de se terminer ce vendredi. Grande est la joie du Pr\u00e9sident du GTPAA, le Directeur Maurice MIEMA qui s\u2019est f\u00e9licit\u00e9 de l\u2019apport positif [&hellip;]<\/p>\n","protected":false},"author":1,"featured_media":570,"comment_status":"open","ping_status":"open","sticky":false,"template":"","format":"standard","meta":{"tdm_status":"","tdm_grid_status":"","footnotes":""},"categories":[89,85,80,87],"tags":[],"class_list":{"0":"post-567","1":"post","2":"type-post","3":"status-publish","4":"format-standard","5":"has-post-thumbnail","7":"category-a-la-une","8":"category-actualite","9":"category-bonne-gouvernance","10":"category-or-et-diamants"},"amp_enabled":true,"_links":{"self":[{"href":"https:\/\/mines.gouv.cd\/fr\/wp-json\/wp\/v2\/posts\/567","targetHints":{"allow":["GET"]}}],"collection":[{"href":"https:\/\/mines.gouv.cd\/fr\/wp-json\/wp\/v2\/posts"}],"about":[{"href":"https:\/\/mines.gouv.cd\/fr\/wp-json\/wp\/v2\/types\/post"}],"author":[{"embeddable":true,"href":"https:\/\/mines.gouv.cd\/fr\/wp-json\/wp\/v2\/users\/1"}],"replies":[{"embeddable":true,"href":"https:\/\/mines.gouv.cd\/fr\/wp-json\/wp\/v2\/comments?post=567"}],"version-history":[{"count":1,"href":"https:\/\/mines.gouv.cd\/fr\/wp-json\/wp\/v2\/posts\/567\/revisions"}],"predecessor-version":[{"id":571,"href":"https:\/\/mines.gouv.cd\/fr\/wp-json\/wp\/v2\/posts\/567\/revisions\/571"}],"wp:featuredmedia":[{"embeddable":true,"href":"https:\/\/mines.gouv.cd\/fr\/wp-json\/wp\/v2\/media\/570"}],"wp:attachment":[{"href":"https:\/\/mines.gouv.cd\/fr\/wp-json\/wp\/v2\/media?parent=567"}],"wp:term":[{"taxonomy":"category","embeddable":true,"href":"https:\/\/mines.gouv.cd\/fr\/wp-json\/wp\/v2\/categories?post=567"},{"taxonomy":"post_tag","embeddable":true,"href":"https:\/\/mines.gouv.cd\/fr\/wp-json\/wp\/v2\/tags?post=567"}],"curies":[{"name":"wp","href":"https:\/\/api.w.org\/{rel}","templated":true}]}}