{"id":3670,"date":"2026-03-03T19:56:45","date_gmt":"2026-03-03T18:56:45","guid":{"rendered":"https:\/\/mines.gouv.cd\/fr\/?p=3670"},"modified":"2026-03-03T19:56:46","modified_gmt":"2026-03-03T18:56:46","slug":"son-excellence-monsieur-louis-watum-kabamba-ministre-des-mines-conduit-la-delegation-congolaise-a-la-convention-annuelle-du-prospectors-developers-association-of-canada-pdac-2026","status":"publish","type":"post","link":"https:\/\/mines.gouv.cd\/fr\/2026\/03\/03\/son-excellence-monsieur-louis-watum-kabamba-ministre-des-mines-conduit-la-delegation-congolaise-a-la-convention-annuelle-du-prospectors-developers-association-of-canada-pdac-2026\/","title":{"rendered":"Son Excellence Monsieur Louis Watum Kabamba, Ministre des Mines, conduit la d\u00e9l\u00e9gation congolaise \u00e0 la convention annuelle du Prospectors &amp; Developers Association of Canada (PDAC 2026)."},"content":{"rendered":"<div id=\"fb-root\"><\/div>\n\n<p>Son Excellence Monsieur Louis Watum Kabamba, Ministre des Mines, conduit la d\u00e9l\u00e9gation congolaise \u00e0 la convention annuelle du Prospectors &amp; Developers Association of Canada (PDAC 2026), principal forum mondial de l\u2019exploration et du d\u00e9veloppement minier.<\/p>\n\n\n\n<p>Cette participation s\u2019inscrit dans la vision de Son Excellence Monsieur F\u00e9lix Antoine Tshisekedi Tshilombo, Pr\u00e9sident de la R\u00e9publique, et sous la coordination de Madame Judith Suminwa Tuluka, Premi\u00e8re Ministre, visant \u00e0 positionner la RDC comme acteur strat\u00e9gique et responsable du secteur minier mondial.<\/p>\n\n\n\n<figure class=\"wp-block-image size-large\"><img loading=\"lazy\" decoding=\"async\" width=\"1024\" height=\"576\" src=\"https:\/\/mines.gouv.cd\/fr\/wp-content\/uploads\/2026\/03\/WhatsApp-Image-2026-03-03-at-18.57.24-1024x576.jpeg\" alt=\"\" class=\"wp-image-3656\" srcset=\"https:\/\/mines.gouv.cd\/fr\/wp-content\/uploads\/2026\/03\/WhatsApp-Image-2026-03-03-at-18.57.24-1024x576.jpeg 1024w, https:\/\/mines.gouv.cd\/fr\/wp-content\/uploads\/2026\/03\/WhatsApp-Image-2026-03-03-at-18.57.24-300x169.jpeg 300w, https:\/\/mines.gouv.cd\/fr\/wp-content\/uploads\/2026\/03\/WhatsApp-Image-2026-03-03-at-18.57.24-768x432.jpeg 768w, https:\/\/mines.gouv.cd\/fr\/wp-content\/uploads\/2026\/03\/WhatsApp-Image-2026-03-03-at-18.57.24-1536x864.jpeg 1536w, https:\/\/mines.gouv.cd\/fr\/wp-content\/uploads\/2026\/03\/WhatsApp-Image-2026-03-03-at-18.57.24-2048x1152.jpeg 2048w, https:\/\/mines.gouv.cd\/fr\/wp-content\/uploads\/2026\/03\/WhatsApp-Image-2026-03-03-at-18.57.24-696x392.jpeg 696w, https:\/\/mines.gouv.cd\/fr\/wp-content\/uploads\/2026\/03\/WhatsApp-Image-2026-03-03-at-18.57.24-1068x601.jpeg 1068w, https:\/\/mines.gouv.cd\/fr\/wp-content\/uploads\/2026\/03\/WhatsApp-Image-2026-03-03-at-18.57.24-1920x1080.jpeg 1920w, https:\/\/mines.gouv.cd\/fr\/wp-content\/uploads\/2026\/03\/WhatsApp-Image-2026-03-03-at-18.57.24-747x420.jpeg 747w\" sizes=\"auto, (max-width: 1024px) 100vw, 1024px\" \/><\/figure>\n\n\n\n<p>Au PDAC 2026, la RDC met en avant :<\/p>\n\n\n\n<p>\u2022\u2060&nbsp; \u2060Ses opportunit\u00e9s d\u2019investissement dans les min\u00e9raux critiques ;<\/p>\n\n\n\n<p>\u2022\u2060&nbsp; \u2060Les r\u00e9formes engag\u00e9es en mati\u00e8re de gouvernance, de transparence et de tra\u00e7abilit\u00e9 ;<\/p>\n\n\n\n<p>\u2022\u2060&nbsp; \u2060Sa politique de transformation locale \u00e0 travers les zones \u00e9conomiques sp\u00e9ciales.<\/p>\n\n\n\n<p>Au cours de cette journ\u00e9e, le Ministre a visit\u00e9 les stands de la RDC, notamment celui du Minist\u00e8re des Mines et celui de la Province du Lualaba, mettant en valeur le potentiel minier national et la dynamique des provinces productrices.<\/p>\n\n\n\n<p>Par la suite, il a pris part au 11\u1d49 Sommet international des Ministres des Mines, cadre strat\u00e9gique de dialogue entre pays producteurs et consommateurs. Les \u00e9changes ont port\u00e9 sur la s\u00e9curisation des cha\u00eenes d\u2019approvisionnement, l\u2019alignement des politiques mini\u00e8res et le financement des nouveaux projets n\u00e9cessaires \u00e0 la transition \u00e9nerg\u00e9tique mondiale.<\/p>\n\n\n\n<figure class=\"wp-block-image size-large\"><img loading=\"lazy\" decoding=\"async\" width=\"1024\" height=\"576\" src=\"https:\/\/mines.gouv.cd\/fr\/wp-content\/uploads\/2026\/03\/WhatsApp-Image-2026-03-03-at-18.57.23-1024x576.jpeg\" alt=\"\" class=\"wp-image-3655\" srcset=\"https:\/\/mines.gouv.cd\/fr\/wp-content\/uploads\/2026\/03\/WhatsApp-Image-2026-03-03-at-18.57.23-1024x576.jpeg 1024w, https:\/\/mines.gouv.cd\/fr\/wp-content\/uploads\/2026\/03\/WhatsApp-Image-2026-03-03-at-18.57.23-300x169.jpeg 300w, https:\/\/mines.gouv.cd\/fr\/wp-content\/uploads\/2026\/03\/WhatsApp-Image-2026-03-03-at-18.57.23-768x432.jpeg 768w, https:\/\/mines.gouv.cd\/fr\/wp-content\/uploads\/2026\/03\/WhatsApp-Image-2026-03-03-at-18.57.23-1536x864.jpeg 1536w, https:\/\/mines.gouv.cd\/fr\/wp-content\/uploads\/2026\/03\/WhatsApp-Image-2026-03-03-at-18.57.23-2048x1152.jpeg 2048w, https:\/\/mines.gouv.cd\/fr\/wp-content\/uploads\/2026\/03\/WhatsApp-Image-2026-03-03-at-18.57.23-696x392.jpeg 696w, https:\/\/mines.gouv.cd\/fr\/wp-content\/uploads\/2026\/03\/WhatsApp-Image-2026-03-03-at-18.57.23-1068x601.jpeg 1068w, https:\/\/mines.gouv.cd\/fr\/wp-content\/uploads\/2026\/03\/WhatsApp-Image-2026-03-03-at-18.57.23-1920x1080.jpeg 1920w, https:\/\/mines.gouv.cd\/fr\/wp-content\/uploads\/2026\/03\/WhatsApp-Image-2026-03-03-at-18.57.23-747x420.jpeg 747w\" sizes=\"auto, (max-width: 1024px) 100vw, 1024px\" \/><\/figure>\n\n\n\n<p>La RDC confirme ainsi son engagement \u00e0 b\u00e2tir un secteur minier moderne, attractif et b\u00e9n\u00e9fique tant pour la nation que POURRAIT ses partenaires internationaux.<\/p>\n\n\n\n<figure class=\"wp-block-gallery has-nested-images columns-default is-cropped wp-block-gallery-1 is-layout-flex wp-block-gallery-is-layout-flex\">\n<figure class=\"wp-block-image size-large\"><img loading=\"lazy\" decoding=\"async\" width=\"1024\" height=\"576\" data-id=\"3654\" src=\"https:\/\/mines.gouv.cd\/fr\/wp-content\/uploads\/2026\/03\/WhatsApp-Image-2026-03-03-at-18.57.23-1-1024x576.jpeg\" alt=\"\" class=\"wp-image-3654\" srcset=\"https:\/\/mines.gouv.cd\/fr\/wp-content\/uploads\/2026\/03\/WhatsApp-Image-2026-03-03-at-18.57.23-1-1024x576.jpeg 1024w, https:\/\/mines.gouv.cd\/fr\/wp-content\/uploads\/2026\/03\/WhatsApp-Image-2026-03-03-at-18.57.23-1-300x169.jpeg 300w, https:\/\/mines.gouv.cd\/fr\/wp-content\/uploads\/2026\/03\/WhatsApp-Image-2026-03-03-at-18.57.23-1-768x432.jpeg 768w, https:\/\/mines.gouv.cd\/fr\/wp-content\/uploads\/2026\/03\/WhatsApp-Image-2026-03-03-at-18.57.23-1-1536x864.jpeg 1536w, https:\/\/mines.gouv.cd\/fr\/wp-content\/uploads\/2026\/03\/WhatsApp-Image-2026-03-03-at-18.57.23-1-2048x1152.jpeg 2048w, https:\/\/mines.gouv.cd\/fr\/wp-content\/uploads\/2026\/03\/WhatsApp-Image-2026-03-03-at-18.57.23-1-696x392.jpeg 696w, https:\/\/mines.gouv.cd\/fr\/wp-content\/uploads\/2026\/03\/WhatsApp-Image-2026-03-03-at-18.57.23-1-1068x601.jpeg 1068w, https:\/\/mines.gouv.cd\/fr\/wp-content\/uploads\/2026\/03\/WhatsApp-Image-2026-03-03-at-18.57.23-1-1920x1080.jpeg 1920w, https:\/\/mines.gouv.cd\/fr\/wp-content\/uploads\/2026\/03\/WhatsApp-Image-2026-03-03-at-18.57.23-1-747x420.jpeg 747w\" sizes=\"auto, (max-width: 1024px) 100vw, 1024px\" \/><\/figure>\n\n\n\n<figure class=\"wp-block-image size-large\"><img loading=\"lazy\" decoding=\"async\" width=\"1024\" height=\"576\" data-id=\"3652\" src=\"https:\/\/mines.gouv.cd\/fr\/wp-content\/uploads\/2026\/03\/WhatsApp-Image-2026-03-03-at-18.57.24-2-1024x576.jpeg\" alt=\"\" class=\"wp-image-3652\" srcset=\"https:\/\/mines.gouv.cd\/fr\/wp-content\/uploads\/2026\/03\/WhatsApp-Image-2026-03-03-at-18.57.24-2-1024x576.jpeg 1024w, https:\/\/mines.gouv.cd\/fr\/wp-content\/uploads\/2026\/03\/WhatsApp-Image-2026-03-03-at-18.57.24-2-300x169.jpeg 300w, https:\/\/mines.gouv.cd\/fr\/wp-content\/uploads\/2026\/03\/WhatsApp-Image-2026-03-03-at-18.57.24-2-768x432.jpeg 768w, https:\/\/mines.gouv.cd\/fr\/wp-content\/uploads\/2026\/03\/WhatsApp-Image-2026-03-03-at-18.57.24-2-1536x864.jpeg 1536w, https:\/\/mines.gouv.cd\/fr\/wp-content\/uploads\/2026\/03\/WhatsApp-Image-2026-03-03-at-18.57.24-2-2048x1152.jpeg 2048w, https:\/\/mines.gouv.cd\/fr\/wp-content\/uploads\/2026\/03\/WhatsApp-Image-2026-03-03-at-18.57.24-2-696x392.jpeg 696w, https:\/\/mines.gouv.cd\/fr\/wp-content\/uploads\/2026\/03\/WhatsApp-Image-2026-03-03-at-18.57.24-2-1068x601.jpeg 1068w, https:\/\/mines.gouv.cd\/fr\/wp-content\/uploads\/2026\/03\/WhatsApp-Image-2026-03-03-at-18.57.24-2-1920x1080.jpeg 1920w, https:\/\/mines.gouv.cd\/fr\/wp-content\/uploads\/2026\/03\/WhatsApp-Image-2026-03-03-at-18.57.24-2-747x420.jpeg 747w\" sizes=\"auto, (max-width: 1024px) 100vw, 1024px\" \/><\/figure>\n\n\n\n<figure class=\"wp-block-image size-large\"><img loading=\"lazy\" decoding=\"async\" width=\"1024\" height=\"683\" data-id=\"3640\" src=\"https:\/\/mines.gouv.cd\/fr\/wp-content\/uploads\/2026\/02\/WhatsApp-Image-2026-02-19-at-15.59.46-1024x683.jpeg\" alt=\"\" class=\"wp-image-3640\" srcset=\"https:\/\/mines.gouv.cd\/fr\/wp-content\/uploads\/2026\/02\/WhatsApp-Image-2026-02-19-at-15.59.46-1024x683.jpeg 1024w, https:\/\/mines.gouv.cd\/fr\/wp-content\/uploads\/2026\/02\/WhatsApp-Image-2026-02-19-at-15.59.46-300x200.jpeg 300w, https:\/\/mines.gouv.cd\/fr\/wp-content\/uploads\/2026\/02\/WhatsApp-Image-2026-02-19-at-15.59.46-768x512.jpeg 768w, https:\/\/mines.gouv.cd\/fr\/wp-content\/uploads\/2026\/02\/WhatsApp-Image-2026-02-19-at-15.59.46-1536x1025.jpeg 1536w, https:\/\/mines.gouv.cd\/fr\/wp-content\/uploads\/2026\/02\/WhatsApp-Image-2026-02-19-at-15.59.46-2048x1366.jpeg 2048w, https:\/\/mines.gouv.cd\/fr\/wp-content\/uploads\/2026\/02\/WhatsApp-Image-2026-02-19-at-15.59.46-696x464.jpeg 696w, https:\/\/mines.gouv.cd\/fr\/wp-content\/uploads\/2026\/02\/WhatsApp-Image-2026-02-19-at-15.59.46-1068x712.jpeg 1068w, https:\/\/mines.gouv.cd\/fr\/wp-content\/uploads\/2026\/02\/WhatsApp-Image-2026-02-19-at-15.59.46-1920x1281.jpeg 1920w, https:\/\/mines.gouv.cd\/fr\/wp-content\/uploads\/2026\/02\/WhatsApp-Image-2026-02-19-at-15.59.46-630x420.jpeg 630w\" sizes=\"auto, (max-width: 1024px) 100vw, 1024px\" \/><\/figure>\n<\/figure>\n","protected":false},"excerpt":{"rendered":"<p>Son Excellence Monsieur Louis Watum Kabamba, Ministre des Mines, conduit la d\u00e9l\u00e9gation congolaise \u00e0 la convention annuelle du Prospectors &amp; Developers Association of Canada (PDAC 2026), principal forum mondial de l\u2019exploration et du d\u00e9veloppement minier. Cette participation s\u2019inscrit dans la vision de Son Excellence Monsieur F\u00e9lix Antoine Tshisekedi Tshilombo, Pr\u00e9sident de la R\u00e9publique, et sous [&hellip;]<\/p>\n","protected":false},"author":1,"featured_media":3653,"comment_status":"closed","ping_status":"open","sticky":false,"template":"","format":"standard","meta":{"tdm_status":"","tdm_grid_status":"","footnotes":""},"categories":[89,85,86,81],"tags":[],"class_list":{"0":"post-3670","1":"post","2":"type-post","3":"status-publish","4":"format-standard","5":"has-post-thumbnail","7":"category-a-la-une","8":"category-actualite","9":"category-cuivre-cobalt","10":"category-investissement"},"amp_enabled":true,"_links":{"self":[{"href":"https:\/\/mines.gouv.cd\/fr\/wp-json\/wp\/v2\/posts\/3670","targetHints":{"allow":["GET"]}}],"collection":[{"href":"https:\/\/mines.gouv.cd\/fr\/wp-json\/wp\/v2\/posts"}],"about":[{"href":"https:\/\/mines.gouv.cd\/fr\/wp-json\/wp\/v2\/types\/post"}],"author":[{"embeddable":true,"href":"https:\/\/mines.gouv.cd\/fr\/wp-json\/wp\/v2\/users\/1"}],"replies":[{"embeddable":true,"href":"https:\/\/mines.gouv.cd\/fr\/wp-json\/wp\/v2\/comments?post=3670"}],"version-history":[{"count":1,"href":"https:\/\/mines.gouv.cd\/fr\/wp-json\/wp\/v2\/posts\/3670\/revisions"}],"predecessor-version":[{"id":3671,"href":"https:\/\/mines.gouv.cd\/fr\/wp-json\/wp\/v2\/posts\/3670\/revisions\/3671"}],"wp:featuredmedia":[{"embeddable":true,"href":"https:\/\/mines.gouv.cd\/fr\/wp-json\/wp\/v2\/media\/3653"}],"wp:attachment":[{"href":"https:\/\/mines.gouv.cd\/fr\/wp-json\/wp\/v2\/media?parent=3670"}],"wp:term":[{"taxonomy":"category","embeddable":true,"href":"https:\/\/mines.gouv.cd\/fr\/wp-json\/wp\/v2\/categories?post=3670"},{"taxonomy":"post_tag","embeddable":true,"href":"https:\/\/mines.gouv.cd\/fr\/wp-json\/wp\/v2\/tags?post=3670"}],"curies":[{"name":"wp","href":"https:\/\/api.w.org\/{rel}","templated":true}]}}