{"id":3651,"date":"2026-03-03T19:48:20","date_gmt":"2026-03-03T18:48:20","guid":{"rendered":"https:\/\/mines.gouv.cd\/fr\/?p=3651"},"modified":"2026-03-03T19:48:21","modified_gmt":"2026-03-03T18:48:21","slug":"prospectors-developers-association-of-canada-pdac-2026-le-ministre-des-mines-louis-watum-kabamba-a-pris-part-aujourdhui-au-mining-investment-in-africa-a-toronto-canada-le-3-mars","status":"publish","type":"post","link":"https:\/\/mines.gouv.cd\/fr\/2026\/03\/03\/prospectors-developers-association-of-canada-pdac-2026-le-ministre-des-mines-louis-watum-kabamba-a-pris-part-aujourdhui-au-mining-investment-in-africa-a-toronto-canada-le-3-mars\/","title":{"rendered":"Prospectors &amp; Developers Association of Canada (PDAC) 2026, le Ministre des Mines, Louis Watum Kabamba, a pris part aujourd\u2019hui au Mining Investment in Africa \u00e0 Toronto (Canada), le 3 mars 2026"},"content":{"rendered":"<div id=\"fb-root\"><\/div>\n\n<p>Dans le cadre du Prospectors &amp; Developers Association of Canada (PDAC) 2026, le Ministre des Mines, Louis Watum Kabamba, a pris part aujourd\u2019hui au Mining Investment in Africa, le plus grand forum africain sur les investissements miniers en Am\u00e9rique du Nord. L\u2019\u00e9v\u00e9nement a r\u00e9uni investisseurs, dirigeants et repr\u00e9sentants africains afin de discuter de partenariats durables et de la valorisation industrielle des ressources du continent.<\/p>\n\n\n\n<figure class=\"wp-block-image size-large\"><img loading=\"lazy\" decoding=\"async\" width=\"1024\" height=\"576\" src=\"https:\/\/mines.gouv.cd\/fr\/wp-content\/uploads\/2026\/03\/WhatsApp-Image-2026-03-03-at-18.56.41-1-1024x576.jpeg\" alt=\"\" class=\"wp-image-3667\" srcset=\"https:\/\/mines.gouv.cd\/fr\/wp-content\/uploads\/2026\/03\/WhatsApp-Image-2026-03-03-at-18.56.41-1-1024x576.jpeg 1024w, https:\/\/mines.gouv.cd\/fr\/wp-content\/uploads\/2026\/03\/WhatsApp-Image-2026-03-03-at-18.56.41-1-300x169.jpeg 300w, https:\/\/mines.gouv.cd\/fr\/wp-content\/uploads\/2026\/03\/WhatsApp-Image-2026-03-03-at-18.56.41-1-768x432.jpeg 768w, https:\/\/mines.gouv.cd\/fr\/wp-content\/uploads\/2026\/03\/WhatsApp-Image-2026-03-03-at-18.56.41-1-1536x864.jpeg 1536w, https:\/\/mines.gouv.cd\/fr\/wp-content\/uploads\/2026\/03\/WhatsApp-Image-2026-03-03-at-18.56.41-1-2048x1152.jpeg 2048w, https:\/\/mines.gouv.cd\/fr\/wp-content\/uploads\/2026\/03\/WhatsApp-Image-2026-03-03-at-18.56.41-1-696x392.jpeg 696w, https:\/\/mines.gouv.cd\/fr\/wp-content\/uploads\/2026\/03\/WhatsApp-Image-2026-03-03-at-18.56.41-1-1068x601.jpeg 1068w, https:\/\/mines.gouv.cd\/fr\/wp-content\/uploads\/2026\/03\/WhatsApp-Image-2026-03-03-at-18.56.41-1-1920x1080.jpeg 1920w, https:\/\/mines.gouv.cd\/fr\/wp-content\/uploads\/2026\/03\/WhatsApp-Image-2026-03-03-at-18.56.41-1-747x420.jpeg 747w\" sizes=\"auto, (max-width: 1024px) 100vw, 1024px\" \/><\/figure>\n\n\n\n<p>Lors de son intervention, le Ministre a insist\u00e9 sur la n\u00e9cessit\u00e9 de d\u00e9passer le mod\u00e8le extractif traditionnel :<\/p>\n\n\n\n<p>\u00ab La mani\u00e8re dont nous valorisons nos ressources naturelles ne peut plus se limiter \u00e0 la simple extraction. Elle doit s\u2019\u00e9tendre \u00e0 la connaissance, \u00e0 la transformation ainsi qu\u2019\u00e0 la souverainet\u00e9 industrielle et \u00e9conomique. \u00bb<\/p>\n\n\n\n<p>Son Excellence Monsieur Louis Watum Kabamba a rappel\u00e9 l\u2019importance strat\u00e9gique, pour l\u2019Afrique, de reprendre le contr\u00f4le de son destin \u00e9conomique :<\/p>\n\n\n\n<figure class=\"wp-block-image size-large\"><img loading=\"lazy\" decoding=\"async\" width=\"1024\" height=\"576\" src=\"https:\/\/mines.gouv.cd\/fr\/wp-content\/uploads\/2026\/03\/WhatsApp-Image-2026-03-03-at-18.56.41-1024x576.jpeg\" alt=\"\" class=\"wp-image-3668\" srcset=\"https:\/\/mines.gouv.cd\/fr\/wp-content\/uploads\/2026\/03\/WhatsApp-Image-2026-03-03-at-18.56.41-1024x576.jpeg 1024w, https:\/\/mines.gouv.cd\/fr\/wp-content\/uploads\/2026\/03\/WhatsApp-Image-2026-03-03-at-18.56.41-300x169.jpeg 300w, https:\/\/mines.gouv.cd\/fr\/wp-content\/uploads\/2026\/03\/WhatsApp-Image-2026-03-03-at-18.56.41-768x432.jpeg 768w, https:\/\/mines.gouv.cd\/fr\/wp-content\/uploads\/2026\/03\/WhatsApp-Image-2026-03-03-at-18.56.41-1536x864.jpeg 1536w, https:\/\/mines.gouv.cd\/fr\/wp-content\/uploads\/2026\/03\/WhatsApp-Image-2026-03-03-at-18.56.41-2048x1152.jpeg 2048w, https:\/\/mines.gouv.cd\/fr\/wp-content\/uploads\/2026\/03\/WhatsApp-Image-2026-03-03-at-18.56.41-696x392.jpeg 696w, https:\/\/mines.gouv.cd\/fr\/wp-content\/uploads\/2026\/03\/WhatsApp-Image-2026-03-03-at-18.56.41-1068x601.jpeg 1068w, https:\/\/mines.gouv.cd\/fr\/wp-content\/uploads\/2026\/03\/WhatsApp-Image-2026-03-03-at-18.56.41-1920x1080.jpeg 1920w, https:\/\/mines.gouv.cd\/fr\/wp-content\/uploads\/2026\/03\/WhatsApp-Image-2026-03-03-at-18.56.41-747x420.jpeg 747w\" sizes=\"auto, (max-width: 1024px) 100vw, 1024px\" \/><\/figure>\n\n\n\n<p>\u00ab Nous devons inverser la tendance d\u2019un mod\u00e8le \u00e9conomique qui nous condamnait \u00e0 exporter nos richesses brutes et \u00e0 racheter des produits finis hors du continent. \u00bb<\/p>\n\n\n\n<figure class=\"wp-block-image size-large\"><img loading=\"lazy\" decoding=\"async\" width=\"1024\" height=\"576\" src=\"https:\/\/mines.gouv.cd\/fr\/wp-content\/uploads\/2026\/03\/WhatsApp-Image-2026-03-03-at-18.56.40-1024x576.jpeg\" alt=\"\" class=\"wp-image-3661\" srcset=\"https:\/\/mines.gouv.cd\/fr\/wp-content\/uploads\/2026\/03\/WhatsApp-Image-2026-03-03-at-18.56.40-1024x576.jpeg 1024w, https:\/\/mines.gouv.cd\/fr\/wp-content\/uploads\/2026\/03\/WhatsApp-Image-2026-03-03-at-18.56.40-300x169.jpeg 300w, https:\/\/mines.gouv.cd\/fr\/wp-content\/uploads\/2026\/03\/WhatsApp-Image-2026-03-03-at-18.56.40-768x432.jpeg 768w, https:\/\/mines.gouv.cd\/fr\/wp-content\/uploads\/2026\/03\/WhatsApp-Image-2026-03-03-at-18.56.40-1536x864.jpeg 1536w, https:\/\/mines.gouv.cd\/fr\/wp-content\/uploads\/2026\/03\/WhatsApp-Image-2026-03-03-at-18.56.40-2048x1152.jpeg 2048w, https:\/\/mines.gouv.cd\/fr\/wp-content\/uploads\/2026\/03\/WhatsApp-Image-2026-03-03-at-18.56.40-696x392.jpeg 696w, https:\/\/mines.gouv.cd\/fr\/wp-content\/uploads\/2026\/03\/WhatsApp-Image-2026-03-03-at-18.56.40-1068x601.jpeg 1068w, https:\/\/mines.gouv.cd\/fr\/wp-content\/uploads\/2026\/03\/WhatsApp-Image-2026-03-03-at-18.56.40-1920x1080.jpeg 1920w, https:\/\/mines.gouv.cd\/fr\/wp-content\/uploads\/2026\/03\/WhatsApp-Image-2026-03-03-at-18.56.40-747x420.jpeg 747w\" sizes=\"auto, (max-width: 1024px) 100vw, 1024px\" \/><\/figure>\n\n\n\n<p>La vision nationale de la RDC repose sur un d\u00e9veloppement gagnant-gagnant :<\/p>\n\n\n\n<p>\u00ab La R\u00e9publique D\u00e9mocratique du Congo a choisi de rompre avec le mod\u00e8le extractif h\u00e9rit\u00e9 du pass\u00e9 colonial et de faire de l\u2019exploitation de ses minerais un levier de d\u00e9veloppement durable. Notre ambition est de devenir un acteur industriel central dans les cha\u00eenes de valeur mondiale des minerais et m\u00e9taux de transition \u00bb, a-t-il insist\u00e9.<\/p>\n\n\n\n<figure class=\"wp-block-image size-large\"><img loading=\"lazy\" decoding=\"async\" width=\"1024\" height=\"576\" src=\"https:\/\/mines.gouv.cd\/fr\/wp-content\/uploads\/2026\/03\/WhatsApp-Image-2026-03-03-at-18.56.41-2-1024x576.jpeg\" alt=\"\" class=\"wp-image-3663\" srcset=\"https:\/\/mines.gouv.cd\/fr\/wp-content\/uploads\/2026\/03\/WhatsApp-Image-2026-03-03-at-18.56.41-2-1024x576.jpeg 1024w, https:\/\/mines.gouv.cd\/fr\/wp-content\/uploads\/2026\/03\/WhatsApp-Image-2026-03-03-at-18.56.41-2-300x169.jpeg 300w, https:\/\/mines.gouv.cd\/fr\/wp-content\/uploads\/2026\/03\/WhatsApp-Image-2026-03-03-at-18.56.41-2-768x432.jpeg 768w, https:\/\/mines.gouv.cd\/fr\/wp-content\/uploads\/2026\/03\/WhatsApp-Image-2026-03-03-at-18.56.41-2-1536x864.jpeg 1536w, https:\/\/mines.gouv.cd\/fr\/wp-content\/uploads\/2026\/03\/WhatsApp-Image-2026-03-03-at-18.56.41-2-2048x1152.jpeg 2048w, https:\/\/mines.gouv.cd\/fr\/wp-content\/uploads\/2026\/03\/WhatsApp-Image-2026-03-03-at-18.56.41-2-696x392.jpeg 696w, https:\/\/mines.gouv.cd\/fr\/wp-content\/uploads\/2026\/03\/WhatsApp-Image-2026-03-03-at-18.56.41-2-1068x601.jpeg 1068w, https:\/\/mines.gouv.cd\/fr\/wp-content\/uploads\/2026\/03\/WhatsApp-Image-2026-03-03-at-18.56.41-2-1920x1080.jpeg 1920w, https:\/\/mines.gouv.cd\/fr\/wp-content\/uploads\/2026\/03\/WhatsApp-Image-2026-03-03-at-18.56.41-2-747x420.jpeg 747w\" sizes=\"auto, (max-width: 1024px) 100vw, 1024px\" \/><\/figure>\n\n\n\n<p>La RDC confirme ainsi sa volont\u00e9 d\u2019attirer des investissements responsables, de promouvoir des partenariats \u00e9quitables et de renforcer le r\u00f4le strat\u00e9gique de l\u2019Afrique dans la transition \u00e9nerg\u00e9tique mondiale.<\/p>\n\n\n\n<figure class=\"wp-block-gallery has-nested-images columns-default is-cropped wp-block-gallery-1 is-layout-flex wp-block-gallery-is-layout-flex\">\n<figure class=\"wp-block-image size-large\"><img loading=\"lazy\" decoding=\"async\" width=\"1024\" height=\"576\" data-id=\"3660\" src=\"https:\/\/mines.gouv.cd\/fr\/wp-content\/uploads\/2026\/03\/WhatsApp-Image-2026-03-03-at-18.56.42-3-1024x576.jpeg\" alt=\"\" class=\"wp-image-3660\" srcset=\"https:\/\/mines.gouv.cd\/fr\/wp-content\/uploads\/2026\/03\/WhatsApp-Image-2026-03-03-at-18.56.42-3-1024x576.jpeg 1024w, https:\/\/mines.gouv.cd\/fr\/wp-content\/uploads\/2026\/03\/WhatsApp-Image-2026-03-03-at-18.56.42-3-300x169.jpeg 300w, https:\/\/mines.gouv.cd\/fr\/wp-content\/uploads\/2026\/03\/WhatsApp-Image-2026-03-03-at-18.56.42-3-768x432.jpeg 768w, https:\/\/mines.gouv.cd\/fr\/wp-content\/uploads\/2026\/03\/WhatsApp-Image-2026-03-03-at-18.56.42-3-1536x864.jpeg 1536w, https:\/\/mines.gouv.cd\/fr\/wp-content\/uploads\/2026\/03\/WhatsApp-Image-2026-03-03-at-18.56.42-3-2048x1152.jpeg 2048w, https:\/\/mines.gouv.cd\/fr\/wp-content\/uploads\/2026\/03\/WhatsApp-Image-2026-03-03-at-18.56.42-3-696x392.jpeg 696w, https:\/\/mines.gouv.cd\/fr\/wp-content\/uploads\/2026\/03\/WhatsApp-Image-2026-03-03-at-18.56.42-3-1068x601.jpeg 1068w, https:\/\/mines.gouv.cd\/fr\/wp-content\/uploads\/2026\/03\/WhatsApp-Image-2026-03-03-at-18.56.42-3-1920x1080.jpeg 1920w, https:\/\/mines.gouv.cd\/fr\/wp-content\/uploads\/2026\/03\/WhatsApp-Image-2026-03-03-at-18.56.42-3-747x420.jpeg 747w\" sizes=\"auto, (max-width: 1024px) 100vw, 1024px\" \/><\/figure>\n\n\n\n<figure class=\"wp-block-image size-large\"><img loading=\"lazy\" decoding=\"async\" width=\"1024\" height=\"576\" data-id=\"3662\" src=\"https:\/\/mines.gouv.cd\/fr\/wp-content\/uploads\/2026\/03\/WhatsApp-Image-2026-03-03-at-18.56.41-3-1024x576.jpeg\" alt=\"\" class=\"wp-image-3662\" srcset=\"https:\/\/mines.gouv.cd\/fr\/wp-content\/uploads\/2026\/03\/WhatsApp-Image-2026-03-03-at-18.56.41-3-1024x576.jpeg 1024w, https:\/\/mines.gouv.cd\/fr\/wp-content\/uploads\/2026\/03\/WhatsApp-Image-2026-03-03-at-18.56.41-3-300x169.jpeg 300w, https:\/\/mines.gouv.cd\/fr\/wp-content\/uploads\/2026\/03\/WhatsApp-Image-2026-03-03-at-18.56.41-3-768x432.jpeg 768w, https:\/\/mines.gouv.cd\/fr\/wp-content\/uploads\/2026\/03\/WhatsApp-Image-2026-03-03-at-18.56.41-3-1536x864.jpeg 1536w, https:\/\/mines.gouv.cd\/fr\/wp-content\/uploads\/2026\/03\/WhatsApp-Image-2026-03-03-at-18.56.41-3-2048x1152.jpeg 2048w, https:\/\/mines.gouv.cd\/fr\/wp-content\/uploads\/2026\/03\/WhatsApp-Image-2026-03-03-at-18.56.41-3-696x392.jpeg 696w, https:\/\/mines.gouv.cd\/fr\/wp-content\/uploads\/2026\/03\/WhatsApp-Image-2026-03-03-at-18.56.41-3-1068x601.jpeg 1068w, https:\/\/mines.gouv.cd\/fr\/wp-content\/uploads\/2026\/03\/WhatsApp-Image-2026-03-03-at-18.56.41-3-1920x1080.jpeg 1920w, https:\/\/mines.gouv.cd\/fr\/wp-content\/uploads\/2026\/03\/WhatsApp-Image-2026-03-03-at-18.56.41-3-747x420.jpeg 747w\" sizes=\"auto, (max-width: 1024px) 100vw, 1024px\" \/><\/figure>\n\n\n\n<figure class=\"wp-block-image size-large\"><img loading=\"lazy\" decoding=\"async\" width=\"576\" height=\"1024\" data-id=\"3665\" src=\"https:\/\/mines.gouv.cd\/fr\/wp-content\/uploads\/2026\/03\/WhatsApp-Image-2026-03-03-at-18.56.42-1-576x1024.jpeg\" alt=\"\" class=\"wp-image-3665\" srcset=\"https:\/\/mines.gouv.cd\/fr\/wp-content\/uploads\/2026\/03\/WhatsApp-Image-2026-03-03-at-18.56.42-1-576x1024.jpeg 576w, https:\/\/mines.gouv.cd\/fr\/wp-content\/uploads\/2026\/03\/WhatsApp-Image-2026-03-03-at-18.56.42-1-169x300.jpeg 169w, https:\/\/mines.gouv.cd\/fr\/wp-content\/uploads\/2026\/03\/WhatsApp-Image-2026-03-03-at-18.56.42-1-768x1365.jpeg 768w, https:\/\/mines.gouv.cd\/fr\/wp-content\/uploads\/2026\/03\/WhatsApp-Image-2026-03-03-at-18.56.42-1-864x1536.jpeg 864w, https:\/\/mines.gouv.cd\/fr\/wp-content\/uploads\/2026\/03\/WhatsApp-Image-2026-03-03-at-18.56.42-1-1152x2048.jpeg 1152w, https:\/\/mines.gouv.cd\/fr\/wp-content\/uploads\/2026\/03\/WhatsApp-Image-2026-03-03-at-18.56.42-1-696x1237.jpeg 696w, https:\/\/mines.gouv.cd\/fr\/wp-content\/uploads\/2026\/03\/WhatsApp-Image-2026-03-03-at-18.56.42-1-1068x1899.jpeg 1068w, https:\/\/mines.gouv.cd\/fr\/wp-content\/uploads\/2026\/03\/WhatsApp-Image-2026-03-03-at-18.56.42-1-236x420.jpeg 236w, https:\/\/mines.gouv.cd\/fr\/wp-content\/uploads\/2026\/03\/WhatsApp-Image-2026-03-03-at-18.56.42-1.jpeg 1440w\" sizes=\"auto, (max-width: 576px) 100vw, 576px\" \/><\/figure>\n\n\n\n<figure class=\"wp-block-image size-large\"><img loading=\"lazy\" decoding=\"async\" width=\"576\" height=\"1024\" data-id=\"3664\" src=\"https:\/\/mines.gouv.cd\/fr\/wp-content\/uploads\/2026\/03\/WhatsApp-Image-2026-03-03-at-18.56.42-2-576x1024.jpeg\" alt=\"\" class=\"wp-image-3664\" srcset=\"https:\/\/mines.gouv.cd\/fr\/wp-content\/uploads\/2026\/03\/WhatsApp-Image-2026-03-03-at-18.56.42-2-576x1024.jpeg 576w, https:\/\/mines.gouv.cd\/fr\/wp-content\/uploads\/2026\/03\/WhatsApp-Image-2026-03-03-at-18.56.42-2-169x300.jpeg 169w, https:\/\/mines.gouv.cd\/fr\/wp-content\/uploads\/2026\/03\/WhatsApp-Image-2026-03-03-at-18.56.42-2-768x1365.jpeg 768w, https:\/\/mines.gouv.cd\/fr\/wp-content\/uploads\/2026\/03\/WhatsApp-Image-2026-03-03-at-18.56.42-2-864x1536.jpeg 864w, https:\/\/mines.gouv.cd\/fr\/wp-content\/uploads\/2026\/03\/WhatsApp-Image-2026-03-03-at-18.56.42-2-1152x2048.jpeg 1152w, https:\/\/mines.gouv.cd\/fr\/wp-content\/uploads\/2026\/03\/WhatsApp-Image-2026-03-03-at-18.56.42-2-696x1237.jpeg 696w, https:\/\/mines.gouv.cd\/fr\/wp-content\/uploads\/2026\/03\/WhatsApp-Image-2026-03-03-at-18.56.42-2-1068x1899.jpeg 1068w, https:\/\/mines.gouv.cd\/fr\/wp-content\/uploads\/2026\/03\/WhatsApp-Image-2026-03-03-at-18.56.42-2-236x420.jpeg 236w, https:\/\/mines.gouv.cd\/fr\/wp-content\/uploads\/2026\/03\/WhatsApp-Image-2026-03-03-at-18.56.42-2.jpeg 1440w\" sizes=\"auto, (max-width: 576px) 100vw, 576px\" \/><\/figure>\n<\/figure>\n","protected":false},"excerpt":{"rendered":"<p>Dans le cadre du Prospectors &amp; Developers Association of Canada (PDAC) 2026, le Ministre des Mines, Louis Watum Kabamba, a pris part aujourd\u2019hui au Mining Investment in Africa, le plus grand forum africain sur les investissements miniers en Am\u00e9rique du Nord. L\u2019\u00e9v\u00e9nement a r\u00e9uni investisseurs, dirigeants et repr\u00e9sentants africains afin de discuter de partenariats durables [&hellip;]<\/p>\n","protected":false},"author":1,"featured_media":3666,"comment_status":"closed","ping_status":"open","sticky":false,"template":"","format":"standard","meta":{"tdm_status":"","tdm_grid_status":"","footnotes":""},"categories":[89,85,80,81,84],"tags":[],"class_list":{"0":"post-3651","1":"post","2":"type-post","3":"status-publish","4":"format-standard","5":"has-post-thumbnail","7":"category-a-la-une","8":"category-actualite","9":"category-bonne-gouvernance","10":"category-investissement","11":"category-vulgarisation"},"amp_enabled":true,"_links":{"self":[{"href":"https:\/\/mines.gouv.cd\/fr\/wp-json\/wp\/v2\/posts\/3651","targetHints":{"allow":["GET"]}}],"collection":[{"href":"https:\/\/mines.gouv.cd\/fr\/wp-json\/wp\/v2\/posts"}],"about":[{"href":"https:\/\/mines.gouv.cd\/fr\/wp-json\/wp\/v2\/types\/post"}],"author":[{"embeddable":true,"href":"https:\/\/mines.gouv.cd\/fr\/wp-json\/wp\/v2\/users\/1"}],"replies":[{"embeddable":true,"href":"https:\/\/mines.gouv.cd\/fr\/wp-json\/wp\/v2\/comments?post=3651"}],"version-history":[{"count":1,"href":"https:\/\/mines.gouv.cd\/fr\/wp-json\/wp\/v2\/posts\/3651\/revisions"}],"predecessor-version":[{"id":3669,"href":"https:\/\/mines.gouv.cd\/fr\/wp-json\/wp\/v2\/posts\/3651\/revisions\/3669"}],"wp:featuredmedia":[{"embeddable":true,"href":"https:\/\/mines.gouv.cd\/fr\/wp-json\/wp\/v2\/media\/3666"}],"wp:attachment":[{"href":"https:\/\/mines.gouv.cd\/fr\/wp-json\/wp\/v2\/media?parent=3651"}],"wp:term":[{"taxonomy":"category","embeddable":true,"href":"https:\/\/mines.gouv.cd\/fr\/wp-json\/wp\/v2\/categories?post=3651"},{"taxonomy":"post_tag","embeddable":true,"href":"https:\/\/mines.gouv.cd\/fr\/wp-json\/wp\/v2\/tags?post=3651"}],"curies":[{"name":"wp","href":"https:\/\/api.w.org\/{rel}","templated":true}]}}