{"id":3642,"date":"2026-02-20T19:46:45","date_gmt":"2026-02-20T18:46:45","guid":{"rendered":"https:\/\/mines.gouv.cd\/fr\/?p=3642"},"modified":"2026-02-20T19:46:46","modified_gmt":"2026-02-20T18:46:46","slug":"la-signature-de-laccord-cadre-institutionnel-relatif-a-la-mise-en-oeuvre-du-programme-national-axis-asset-exchange-impact-sovereign-et-de-linitiative-goldconnect-integrant-le-meca","status":"publish","type":"post","link":"https:\/\/mines.gouv.cd\/fr\/2026\/02\/20\/la-signature-de-laccord-cadre-institutionnel-relatif-a-la-mise-en-oeuvre-du-programme-national-axis-asset-exchange-impact-sovereign-et-de-linitiative-goldconnect-integrant-le-meca\/","title":{"rendered":"La signature de l\u2019Accord-cadre institutionnel relatif \u00e0 la mise en \u0153uvre du Programme National AXIS (Asset-eXchange-Impact-Sovereign) et de l\u2019initiative GOLDCONNECT, int\u00e9grant le m\u00e9canisme innovant Sovereign Gold Reserve Token (SGRT)."},"content":{"rendered":"<div id=\"fb-root\"><\/div>\n\n<p>La c\u00e9r\u00e9monie s\u2019est tenue sous le Haut Patronage de Son Excellence F\u00e9lix Antoine Tshisekedi Tshilombo, Pr\u00e9sident de la R\u00e9publique, Chef de l\u2019\u00c9tat, et a r\u00e9uni le Minist\u00e8re des Mines et le Fonds Social de la R\u00e9publique D\u00e9mocratique du Congo.<\/p>\n\n\n\n<figure class=\"wp-block-image size-large\"><img loading=\"lazy\" decoding=\"async\" width=\"1024\" height=\"683\" src=\"https:\/\/mines.gouv.cd\/fr\/wp-content\/uploads\/2026\/02\/WhatsApp-Image-2026-02-19-at-15.59.43-1024x683.jpeg\" alt=\"\" class=\"wp-image-3638\" srcset=\"https:\/\/mines.gouv.cd\/fr\/wp-content\/uploads\/2026\/02\/WhatsApp-Image-2026-02-19-at-15.59.43-1024x683.jpeg 1024w, https:\/\/mines.gouv.cd\/fr\/wp-content\/uploads\/2026\/02\/WhatsApp-Image-2026-02-19-at-15.59.43-300x200.jpeg 300w, https:\/\/mines.gouv.cd\/fr\/wp-content\/uploads\/2026\/02\/WhatsApp-Image-2026-02-19-at-15.59.43-768x512.jpeg 768w, https:\/\/mines.gouv.cd\/fr\/wp-content\/uploads\/2026\/02\/WhatsApp-Image-2026-02-19-at-15.59.43-1536x1025.jpeg 1536w, https:\/\/mines.gouv.cd\/fr\/wp-content\/uploads\/2026\/02\/WhatsApp-Image-2026-02-19-at-15.59.43-2048x1366.jpeg 2048w, https:\/\/mines.gouv.cd\/fr\/wp-content\/uploads\/2026\/02\/WhatsApp-Image-2026-02-19-at-15.59.43-696x464.jpeg 696w, https:\/\/mines.gouv.cd\/fr\/wp-content\/uploads\/2026\/02\/WhatsApp-Image-2026-02-19-at-15.59.43-1068x712.jpeg 1068w, https:\/\/mines.gouv.cd\/fr\/wp-content\/uploads\/2026\/02\/WhatsApp-Image-2026-02-19-at-15.59.43-1920x1281.jpeg 1920w, https:\/\/mines.gouv.cd\/fr\/wp-content\/uploads\/2026\/02\/WhatsApp-Image-2026-02-19-at-15.59.43-630x420.jpeg 630w\" sizes=\"auto, (max-width: 1024px) 100vw, 1024px\" \/><\/figure>\n\n\n\n<p>Dans son intervention, Son Excellence Monsieur le Ministre des Mines, Louis Watum Kabamba, a rappel\u00e9 que cet Accord \u00ab ne constitue pas une simple formalit\u00e9 administrative, mais un acte strat\u00e9gique majeur dans la consolidation de la gouvernance du secteur minier artisanal \u00bb.<\/p>\n\n\n\n<p>Il a soulign\u00e9 que le Programme National AXIS et l\u2019initiative GOLDCONNECT visent notamment \u00e0 :<br>structurer les cha\u00eenes d\u2019approvisionnement de l\u2019or artisanal ;<br>garantir la transparence et la tra\u00e7abilit\u00e9 des flux ;<br>faciliter l\u2019acc\u00e8s \u00e0 des m\u00e9canismes de financement innovants, sans cr\u00e9ation de dette publique ni transfert de souverainet\u00e9 ;<br>renforcer l\u2019int\u00e9gration des exploitants artisanaux dans le circuit formel.<\/p>\n\n\n\n<figure class=\"wp-block-image size-large\"><img loading=\"lazy\" decoding=\"async\" width=\"1024\" height=\"683\" src=\"https:\/\/mines.gouv.cd\/fr\/wp-content\/uploads\/2026\/02\/WhatsApp-Image-2026-02-19-at-15.59.46-1024x683.jpeg\" alt=\"\" class=\"wp-image-3640\" srcset=\"https:\/\/mines.gouv.cd\/fr\/wp-content\/uploads\/2026\/02\/WhatsApp-Image-2026-02-19-at-15.59.46-1024x683.jpeg 1024w, https:\/\/mines.gouv.cd\/fr\/wp-content\/uploads\/2026\/02\/WhatsApp-Image-2026-02-19-at-15.59.46-300x200.jpeg 300w, https:\/\/mines.gouv.cd\/fr\/wp-content\/uploads\/2026\/02\/WhatsApp-Image-2026-02-19-at-15.59.46-768x512.jpeg 768w, https:\/\/mines.gouv.cd\/fr\/wp-content\/uploads\/2026\/02\/WhatsApp-Image-2026-02-19-at-15.59.46-1536x1025.jpeg 1536w, https:\/\/mines.gouv.cd\/fr\/wp-content\/uploads\/2026\/02\/WhatsApp-Image-2026-02-19-at-15.59.46-2048x1366.jpeg 2048w, https:\/\/mines.gouv.cd\/fr\/wp-content\/uploads\/2026\/02\/WhatsApp-Image-2026-02-19-at-15.59.46-696x464.jpeg 696w, https:\/\/mines.gouv.cd\/fr\/wp-content\/uploads\/2026\/02\/WhatsApp-Image-2026-02-19-at-15.59.46-1068x712.jpeg 1068w, https:\/\/mines.gouv.cd\/fr\/wp-content\/uploads\/2026\/02\/WhatsApp-Image-2026-02-19-at-15.59.46-1920x1281.jpeg 1920w, https:\/\/mines.gouv.cd\/fr\/wp-content\/uploads\/2026\/02\/WhatsApp-Image-2026-02-19-at-15.59.46-630x420.jpeg 630w\" sizes=\"auto, (max-width: 1024px) 100vw, 1024px\" \/><\/figure>\n\n\n\n<p>Cet Accord marque une \u00e9tape strat\u00e9gique dans la gouvernance de l\u2019exploitation aurif\u00e8re artisanale en R\u00e9publique D\u00e9mocratique du Congo. Il r\u00e9affirme notamment :<br>la primaut\u00e9 de la souverainet\u00e9 nationale sur les ressources naturelles ;<br>la n\u00e9cessit\u00e9 d\u2019un encadrement institutionnel clair, coordonn\u00e9 et juridiquement s\u00e9curis\u00e9 ;<br>l\u2019engagement en faveur d\u2019un mod\u00e8le minier artisanal responsable, tra\u00e7able et inclusif.<\/p>\n\n\n\n<figure class=\"wp-block-image size-large\"><img loading=\"lazy\" decoding=\"async\" width=\"1024\" height=\"683\" src=\"https:\/\/mines.gouv.cd\/fr\/wp-content\/uploads\/2026\/02\/WhatsApp-Image-2026-02-19-at-15.59.42-1024x683.jpeg\" alt=\"\" class=\"wp-image-3637\" srcset=\"https:\/\/mines.gouv.cd\/fr\/wp-content\/uploads\/2026\/02\/WhatsApp-Image-2026-02-19-at-15.59.42-1024x683.jpeg 1024w, https:\/\/mines.gouv.cd\/fr\/wp-content\/uploads\/2026\/02\/WhatsApp-Image-2026-02-19-at-15.59.42-300x200.jpeg 300w, https:\/\/mines.gouv.cd\/fr\/wp-content\/uploads\/2026\/02\/WhatsApp-Image-2026-02-19-at-15.59.42-768x512.jpeg 768w, https:\/\/mines.gouv.cd\/fr\/wp-content\/uploads\/2026\/02\/WhatsApp-Image-2026-02-19-at-15.59.42-1536x1025.jpeg 1536w, https:\/\/mines.gouv.cd\/fr\/wp-content\/uploads\/2026\/02\/WhatsApp-Image-2026-02-19-at-15.59.42-2048x1366.jpeg 2048w, https:\/\/mines.gouv.cd\/fr\/wp-content\/uploads\/2026\/02\/WhatsApp-Image-2026-02-19-at-15.59.42-696x464.jpeg 696w, https:\/\/mines.gouv.cd\/fr\/wp-content\/uploads\/2026\/02\/WhatsApp-Image-2026-02-19-at-15.59.42-1068x712.jpeg 1068w, https:\/\/mines.gouv.cd\/fr\/wp-content\/uploads\/2026\/02\/WhatsApp-Image-2026-02-19-at-15.59.42-1920x1281.jpeg 1920w, https:\/\/mines.gouv.cd\/fr\/wp-content\/uploads\/2026\/02\/WhatsApp-Image-2026-02-19-at-15.59.42-630x420.jpeg 630w\" sizes=\"auto, (max-width: 1024px) 100vw, 1024px\" \/><\/figure>\n\n\n\n<p>La mise en \u0153uvre du Programme National AXIS permettra de renforcer les retomb\u00e9es \u00e9conomiques au profit des communaut\u00e9s locales, d\u2019am\u00e9liorer les recettes publiques et de consolider la souverainet\u00e9 de l\u2019\u00c9tat sur ses ressources naturelles, dans le strict respect du cadre juridique national et des standards internationaux.<\/p>\n\n\n\n<p>La R\u00e9publique D\u00e9mocratique du Congo r\u00e9affirme sa volont\u00e9 de transformer durablement ses richesses naturelles en leviers de d\u00e9veloppement inclusif, responsable et souverain.<\/p>\n","protected":false},"excerpt":{"rendered":"<p>La c\u00e9r\u00e9monie s\u2019est tenue sous le Haut Patronage de Son Excellence F\u00e9lix Antoine Tshisekedi Tshilombo, Pr\u00e9sident de la R\u00e9publique, Chef de l\u2019\u00c9tat, et a r\u00e9uni le Minist\u00e8re des Mines et le Fonds Social de la R\u00e9publique D\u00e9mocratique du Congo. Dans son intervention, Son Excellence Monsieur le Ministre des Mines, Louis Watum Kabamba, a rappel\u00e9 que [&hellip;]<\/p>\n","protected":false},"author":1,"featured_media":3639,"comment_status":"closed","ping_status":"open","sticky":false,"template":"","format":"standard","meta":{"tdm_status":"","tdm_grid_status":"","footnotes":""},"categories":[89,85,80,88,83,84],"tags":[],"class_list":{"0":"post-3642","1":"post","2":"type-post","3":"status-publish","4":"format-standard","5":"has-post-thumbnail","7":"category-a-la-une","8":"category-actualite","9":"category-bonne-gouvernance","10":"category-stanifere","11":"category-transparence","12":"category-vulgarisation"},"amp_enabled":true,"_links":{"self":[{"href":"https:\/\/mines.gouv.cd\/fr\/wp-json\/wp\/v2\/posts\/3642","targetHints":{"allow":["GET"]}}],"collection":[{"href":"https:\/\/mines.gouv.cd\/fr\/wp-json\/wp\/v2\/posts"}],"about":[{"href":"https:\/\/mines.gouv.cd\/fr\/wp-json\/wp\/v2\/types\/post"}],"author":[{"embeddable":true,"href":"https:\/\/mines.gouv.cd\/fr\/wp-json\/wp\/v2\/users\/1"}],"replies":[{"embeddable":true,"href":"https:\/\/mines.gouv.cd\/fr\/wp-json\/wp\/v2\/comments?post=3642"}],"version-history":[{"count":1,"href":"https:\/\/mines.gouv.cd\/fr\/wp-json\/wp\/v2\/posts\/3642\/revisions"}],"predecessor-version":[{"id":3643,"href":"https:\/\/mines.gouv.cd\/fr\/wp-json\/wp\/v2\/posts\/3642\/revisions\/3643"}],"wp:featuredmedia":[{"embeddable":true,"href":"https:\/\/mines.gouv.cd\/fr\/wp-json\/wp\/v2\/media\/3639"}],"wp:attachment":[{"href":"https:\/\/mines.gouv.cd\/fr\/wp-json\/wp\/v2\/media?parent=3642"}],"wp:term":[{"taxonomy":"category","embeddable":true,"href":"https:\/\/mines.gouv.cd\/fr\/wp-json\/wp\/v2\/categories?post=3642"},{"taxonomy":"post_tag","embeddable":true,"href":"https:\/\/mines.gouv.cd\/fr\/wp-json\/wp\/v2\/tags?post=3642"}],"curies":[{"name":"wp","href":"https:\/\/api.w.org\/{rel}","templated":true}]}}