{"id":3627,"date":"2026-02-20T19:41:38","date_gmt":"2026-02-20T18:41:38","guid":{"rendered":"https:\/\/mines.gouv.cd\/fr\/?p=3627"},"modified":"2026-02-20T19:41:39","modified_gmt":"2026-02-20T18:41:39","slug":"apres-linvesting-in-african-mining-indaba-en-afrique-du-sud-le-ministre-des-mines-louis-watum-kabamba-sest-rendu-dans-la-province-du-northern-cape-pour-visiter-les-installations-d","status":"publish","type":"post","link":"https:\/\/mines.gouv.cd\/fr\/2026\/02\/20\/apres-linvesting-in-african-mining-indaba-en-afrique-du-sud-le-ministre-des-mines-louis-watum-kabamba-sest-rendu-dans-la-province-du-northern-cape-pour-visiter-les-installations-d\/","title":{"rendered":"Apr\u00e8s l\u2019Investing in African Mining Indaba en Afrique du Sud, le Ministre des Mines, Louis Watum Kabamba, s\u2019est rendu dans la province du Northern Cape pour visiter les installations de Kudumane Manganese Resources, ce vendredi 13 f\u00e9vrier 2026."},"content":{"rendered":"<div id=\"fb-root\"><\/div>\n\n<p>Cette mission s\u2019inscrit dans le prolongement des \u00e9changes engag\u00e9s en marge de l\u2019Indaba avec les investisseurs japonais du groupe AML Group, en vue d\u2019examiner concr\u00e8tement leur mod\u00e8le d\u2019exploitation mini\u00e8re et de transformation industrielle int\u00e9gr\u00e9e.<\/p>\n\n\n\n<figure class=\"wp-block-image size-large\"><img loading=\"lazy\" decoding=\"async\" width=\"1024\" height=\"574\" src=\"https:\/\/mines.gouv.cd\/fr\/wp-content\/uploads\/2026\/02\/WhatsApp-Image-2026-02-13-at-18.19.53-1024x574.jpeg\" alt=\"\" class=\"wp-image-3632\" srcset=\"https:\/\/mines.gouv.cd\/fr\/wp-content\/uploads\/2026\/02\/WhatsApp-Image-2026-02-13-at-18.19.53-1024x574.jpeg 1024w, https:\/\/mines.gouv.cd\/fr\/wp-content\/uploads\/2026\/02\/WhatsApp-Image-2026-02-13-at-18.19.53-300x168.jpeg 300w, https:\/\/mines.gouv.cd\/fr\/wp-content\/uploads\/2026\/02\/WhatsApp-Image-2026-02-13-at-18.19.53-768x431.jpeg 768w, https:\/\/mines.gouv.cd\/fr\/wp-content\/uploads\/2026\/02\/WhatsApp-Image-2026-02-13-at-18.19.53-696x390.jpeg 696w, https:\/\/mines.gouv.cd\/fr\/wp-content\/uploads\/2026\/02\/WhatsApp-Image-2026-02-13-at-18.19.53-1068x599.jpeg 1068w, https:\/\/mines.gouv.cd\/fr\/wp-content\/uploads\/2026\/02\/WhatsApp-Image-2026-02-13-at-18.19.53-749x420.jpeg 749w, https:\/\/mines.gouv.cd\/fr\/wp-content\/uploads\/2026\/02\/WhatsApp-Image-2026-02-13-at-18.19.53.jpeg 1280w\" sizes=\"auto, (max-width: 1024px) 100vw, 1024px\" \/><\/figure>\n\n\n\n<p>Sur le terrain, le Ministre a parcouru la mine \u00e0 ciel ouvert ainsi que les unit\u00e9s de traitement. Il a pu mesurer l\u2019ampleur des investissements r\u00e9alis\u00e9s :<br>\u2022\u2060 \u2060164 millions de dollars inject\u00e9s dans Kudumane Manganese Resources ;<br>\u2022\u2060 \u2060413,3 millions USD investis dans Pertama Ferroalloys.<\/p>\n\n\n\n<figure class=\"wp-block-image size-large\"><img loading=\"lazy\" decoding=\"async\" width=\"1024\" height=\"574\" src=\"https:\/\/mines.gouv.cd\/fr\/wp-content\/uploads\/2026\/02\/WhatsApp-Image-2026-02-13-at-18.19.52-1024x574.jpeg\" alt=\"\" class=\"wp-image-3630\" srcset=\"https:\/\/mines.gouv.cd\/fr\/wp-content\/uploads\/2026\/02\/WhatsApp-Image-2026-02-13-at-18.19.52-1024x574.jpeg 1024w, https:\/\/mines.gouv.cd\/fr\/wp-content\/uploads\/2026\/02\/WhatsApp-Image-2026-02-13-at-18.19.52-300x168.jpeg 300w, https:\/\/mines.gouv.cd\/fr\/wp-content\/uploads\/2026\/02\/WhatsApp-Image-2026-02-13-at-18.19.52-768x431.jpeg 768w, https:\/\/mines.gouv.cd\/fr\/wp-content\/uploads\/2026\/02\/WhatsApp-Image-2026-02-13-at-18.19.52-696x390.jpeg 696w, https:\/\/mines.gouv.cd\/fr\/wp-content\/uploads\/2026\/02\/WhatsApp-Image-2026-02-13-at-18.19.52-1068x599.jpeg 1068w, https:\/\/mines.gouv.cd\/fr\/wp-content\/uploads\/2026\/02\/WhatsApp-Image-2026-02-13-at-18.19.52-749x420.jpeg 749w, https:\/\/mines.gouv.cd\/fr\/wp-content\/uploads\/2026\/02\/WhatsApp-Image-2026-02-13-at-18.19.52.jpeg 1280w\" sizes=\"auto, (max-width: 1024px) 100vw, 1024px\" \/><\/figure>\n\n\n\n<p>Ces investissements illustrent un mod\u00e8le int\u00e9gr\u00e9, orient\u00e9 vers la transformation locale et la cr\u00e9ation de valeur ajout\u00e9e.<\/p>\n\n\n\n<p>Au-del\u00e0 des performances techniques et financi\u00e8res, la d\u00e9l\u00e9gation congolaise a \u00e9galement port\u00e9 une attention particuli\u00e8re \u00e0 l\u2019impact communautaire du projet, notamment en mati\u00e8re d\u2019infrastructures sociales et de services de sant\u00e9.<\/p>\n\n\n\n<figure class=\"wp-block-image size-large\"><img loading=\"lazy\" decoding=\"async\" width=\"1024\" height=\"574\" src=\"https:\/\/mines.gouv.cd\/fr\/wp-content\/uploads\/2026\/02\/WhatsApp-Image-2026-02-13-at-18.19.25-1024x574.jpeg\" alt=\"\" class=\"wp-image-3629\" srcset=\"https:\/\/mines.gouv.cd\/fr\/wp-content\/uploads\/2026\/02\/WhatsApp-Image-2026-02-13-at-18.19.25-1024x574.jpeg 1024w, https:\/\/mines.gouv.cd\/fr\/wp-content\/uploads\/2026\/02\/WhatsApp-Image-2026-02-13-at-18.19.25-300x168.jpeg 300w, https:\/\/mines.gouv.cd\/fr\/wp-content\/uploads\/2026\/02\/WhatsApp-Image-2026-02-13-at-18.19.25-768x431.jpeg 768w, https:\/\/mines.gouv.cd\/fr\/wp-content\/uploads\/2026\/02\/WhatsApp-Image-2026-02-13-at-18.19.25-696x390.jpeg 696w, https:\/\/mines.gouv.cd\/fr\/wp-content\/uploads\/2026\/02\/WhatsApp-Image-2026-02-13-at-18.19.25-1068x599.jpeg 1068w, https:\/\/mines.gouv.cd\/fr\/wp-content\/uploads\/2026\/02\/WhatsApp-Image-2026-02-13-at-18.19.25-749x420.jpeg 749w, https:\/\/mines.gouv.cd\/fr\/wp-content\/uploads\/2026\/02\/WhatsApp-Image-2026-02-13-at-18.19.25.jpeg 1280w\" sizes=\"auto, (max-width: 1024px) 100vw, 1024px\" \/><\/figure>\n\n\n\n<p>Ce d\u00e9placement strat\u00e9gique vise \u00e0 consolider la coop\u00e9ration \u00e9conomique et \u00e0 positionner la R\u00e9publique D\u00e9mocratique du Congo comme une destination prioritaire pour des investissements structurants dans le secteur du mangan\u00e8se.<\/p>\n\n\n\n<figure class=\"wp-block-gallery has-nested-images columns-default is-cropped wp-block-gallery-1 is-layout-flex wp-block-gallery-is-layout-flex\">\n<figure class=\"wp-block-image size-large\"><img loading=\"lazy\" decoding=\"async\" width=\"1024\" height=\"574\" data-id=\"3634\" src=\"https:\/\/mines.gouv.cd\/fr\/wp-content\/uploads\/2026\/02\/WhatsApp-Image-2026-02-13-at-18.19.54-1024x574.jpeg\" alt=\"\" class=\"wp-image-3634\" srcset=\"https:\/\/mines.gouv.cd\/fr\/wp-content\/uploads\/2026\/02\/WhatsApp-Image-2026-02-13-at-18.19.54-1024x574.jpeg 1024w, https:\/\/mines.gouv.cd\/fr\/wp-content\/uploads\/2026\/02\/WhatsApp-Image-2026-02-13-at-18.19.54-300x168.jpeg 300w, https:\/\/mines.gouv.cd\/fr\/wp-content\/uploads\/2026\/02\/WhatsApp-Image-2026-02-13-at-18.19.54-768x431.jpeg 768w, https:\/\/mines.gouv.cd\/fr\/wp-content\/uploads\/2026\/02\/WhatsApp-Image-2026-02-13-at-18.19.54-696x390.jpeg 696w, https:\/\/mines.gouv.cd\/fr\/wp-content\/uploads\/2026\/02\/WhatsApp-Image-2026-02-13-at-18.19.54-1068x599.jpeg 1068w, https:\/\/mines.gouv.cd\/fr\/wp-content\/uploads\/2026\/02\/WhatsApp-Image-2026-02-13-at-18.19.54-749x420.jpeg 749w, https:\/\/mines.gouv.cd\/fr\/wp-content\/uploads\/2026\/02\/WhatsApp-Image-2026-02-13-at-18.19.54.jpeg 1280w\" sizes=\"auto, (max-width: 1024px) 100vw, 1024px\" \/><\/figure>\n\n\n\n<figure class=\"wp-block-image size-large\"><img loading=\"lazy\" decoding=\"async\" width=\"574\" height=\"1024\" data-id=\"3633\" src=\"https:\/\/mines.gouv.cd\/fr\/wp-content\/uploads\/2026\/02\/WhatsApp-Image-2026-02-13-at-18.19.53-1-574x1024.jpeg\" alt=\"\" class=\"wp-image-3633\" srcset=\"https:\/\/mines.gouv.cd\/fr\/wp-content\/uploads\/2026\/02\/WhatsApp-Image-2026-02-13-at-18.19.53-1-574x1024.jpeg 574w, https:\/\/mines.gouv.cd\/fr\/wp-content\/uploads\/2026\/02\/WhatsApp-Image-2026-02-13-at-18.19.53-1-168x300.jpeg 168w, https:\/\/mines.gouv.cd\/fr\/wp-content\/uploads\/2026\/02\/WhatsApp-Image-2026-02-13-at-18.19.53-1-696x1241.jpeg 696w, https:\/\/mines.gouv.cd\/fr\/wp-content\/uploads\/2026\/02\/WhatsApp-Image-2026-02-13-at-18.19.53-1-236x420.jpeg 236w, https:\/\/mines.gouv.cd\/fr\/wp-content\/uploads\/2026\/02\/WhatsApp-Image-2026-02-13-at-18.19.53-1.jpeg 718w\" sizes=\"auto, (max-width: 574px) 100vw, 574px\" \/><\/figure>\n\n\n\n<figure class=\"wp-block-image size-large\"><img loading=\"lazy\" decoding=\"async\" width=\"1024\" height=\"574\" data-id=\"3635\" src=\"https:\/\/mines.gouv.cd\/fr\/wp-content\/uploads\/2026\/02\/WhatsApp-Image-2026-02-13-at-18.19.54-1-1024x574.jpeg\" alt=\"\" class=\"wp-image-3635\" srcset=\"https:\/\/mines.gouv.cd\/fr\/wp-content\/uploads\/2026\/02\/WhatsApp-Image-2026-02-13-at-18.19.54-1-1024x574.jpeg 1024w, https:\/\/mines.gouv.cd\/fr\/wp-content\/uploads\/2026\/02\/WhatsApp-Image-2026-02-13-at-18.19.54-1-300x168.jpeg 300w, https:\/\/mines.gouv.cd\/fr\/wp-content\/uploads\/2026\/02\/WhatsApp-Image-2026-02-13-at-18.19.54-1-768x431.jpeg 768w, https:\/\/mines.gouv.cd\/fr\/wp-content\/uploads\/2026\/02\/WhatsApp-Image-2026-02-13-at-18.19.54-1-696x390.jpeg 696w, https:\/\/mines.gouv.cd\/fr\/wp-content\/uploads\/2026\/02\/WhatsApp-Image-2026-02-13-at-18.19.54-1-1068x599.jpeg 1068w, https:\/\/mines.gouv.cd\/fr\/wp-content\/uploads\/2026\/02\/WhatsApp-Image-2026-02-13-at-18.19.54-1-749x420.jpeg 749w, https:\/\/mines.gouv.cd\/fr\/wp-content\/uploads\/2026\/02\/WhatsApp-Image-2026-02-13-at-18.19.54-1.jpeg 1280w\" sizes=\"auto, (max-width: 1024px) 100vw, 1024px\" \/><\/figure>\n\n\n\n<figure class=\"wp-block-image size-large\"><img loading=\"lazy\" decoding=\"async\" width=\"1024\" height=\"574\" data-id=\"3636\" src=\"https:\/\/mines.gouv.cd\/fr\/wp-content\/uploads\/2026\/02\/WhatsApp-Image-2026-02-13-at-18.19.55-1024x574.jpeg\" alt=\"\" class=\"wp-image-3636\" srcset=\"https:\/\/mines.gouv.cd\/fr\/wp-content\/uploads\/2026\/02\/WhatsApp-Image-2026-02-13-at-18.19.55-1024x574.jpeg 1024w, https:\/\/mines.gouv.cd\/fr\/wp-content\/uploads\/2026\/02\/WhatsApp-Image-2026-02-13-at-18.19.55-300x168.jpeg 300w, https:\/\/mines.gouv.cd\/fr\/wp-content\/uploads\/2026\/02\/WhatsApp-Image-2026-02-13-at-18.19.55-768x431.jpeg 768w, https:\/\/mines.gouv.cd\/fr\/wp-content\/uploads\/2026\/02\/WhatsApp-Image-2026-02-13-at-18.19.55-696x390.jpeg 696w, https:\/\/mines.gouv.cd\/fr\/wp-content\/uploads\/2026\/02\/WhatsApp-Image-2026-02-13-at-18.19.55-1068x599.jpeg 1068w, https:\/\/mines.gouv.cd\/fr\/wp-content\/uploads\/2026\/02\/WhatsApp-Image-2026-02-13-at-18.19.55-749x420.jpeg 749w, https:\/\/mines.gouv.cd\/fr\/wp-content\/uploads\/2026\/02\/WhatsApp-Image-2026-02-13-at-18.19.55.jpeg 1280w\" sizes=\"auto, (max-width: 1024px) 100vw, 1024px\" \/><\/figure>\n<\/figure>\n","protected":false},"excerpt":{"rendered":"<p>Cette mission s\u2019inscrit dans le prolongement des \u00e9changes engag\u00e9s en marge de l\u2019Indaba avec les investisseurs japonais du groupe AML Group, en vue d\u2019examiner concr\u00e8tement leur mod\u00e8le d\u2019exploitation mini\u00e8re et de transformation industrielle int\u00e9gr\u00e9e. Sur le terrain, le Ministre a parcouru la mine \u00e0 ciel ouvert ainsi que les unit\u00e9s de traitement. Il a pu [&hellip;]<\/p>\n","protected":false},"author":1,"featured_media":3631,"comment_status":"closed","ping_status":"open","sticky":false,"template":"","format":"standard","meta":{"tdm_status":"","tdm_grid_status":"","footnotes":""},"categories":[89,85,86,81,84],"tags":[],"class_list":{"0":"post-3627","1":"post","2":"type-post","3":"status-publish","4":"format-standard","5":"has-post-thumbnail","7":"category-a-la-une","8":"category-actualite","9":"category-cuivre-cobalt","10":"category-investissement","11":"category-vulgarisation"},"amp_enabled":true,"_links":{"self":[{"href":"https:\/\/mines.gouv.cd\/fr\/wp-json\/wp\/v2\/posts\/3627","targetHints":{"allow":["GET"]}}],"collection":[{"href":"https:\/\/mines.gouv.cd\/fr\/wp-json\/wp\/v2\/posts"}],"about":[{"href":"https:\/\/mines.gouv.cd\/fr\/wp-json\/wp\/v2\/types\/post"}],"author":[{"embeddable":true,"href":"https:\/\/mines.gouv.cd\/fr\/wp-json\/wp\/v2\/users\/1"}],"replies":[{"embeddable":true,"href":"https:\/\/mines.gouv.cd\/fr\/wp-json\/wp\/v2\/comments?post=3627"}],"version-history":[{"count":1,"href":"https:\/\/mines.gouv.cd\/fr\/wp-json\/wp\/v2\/posts\/3627\/revisions"}],"predecessor-version":[{"id":3641,"href":"https:\/\/mines.gouv.cd\/fr\/wp-json\/wp\/v2\/posts\/3627\/revisions\/3641"}],"wp:featuredmedia":[{"embeddable":true,"href":"https:\/\/mines.gouv.cd\/fr\/wp-json\/wp\/v2\/media\/3631"}],"wp:attachment":[{"href":"https:\/\/mines.gouv.cd\/fr\/wp-json\/wp\/v2\/media?parent=3627"}],"wp:term":[{"taxonomy":"category","embeddable":true,"href":"https:\/\/mines.gouv.cd\/fr\/wp-json\/wp\/v2\/categories?post=3627"},{"taxonomy":"post_tag","embeddable":true,"href":"https:\/\/mines.gouv.cd\/fr\/wp-json\/wp\/v2\/tags?post=3627"}],"curies":[{"name":"wp","href":"https:\/\/api.w.org\/{rel}","templated":true}]}}