{"id":3614,"date":"2026-02-11T17:14:24","date_gmt":"2026-02-11T16:14:24","guid":{"rendered":"https:\/\/mines.gouv.cd\/fr\/?p=3614"},"modified":"2026-02-11T17:43:23","modified_gmt":"2026-02-11T16:43:23","slug":"chaines-de-valeur-mondiales-largument-economique-en-faveur-des-investissements-en-amont-et-en-aval-en-rdc","status":"publish","type":"post","link":"https:\/\/mines.gouv.cd\/fr\/2026\/02\/11\/chaines-de-valeur-mondiales-largument-economique-en-faveur-des-investissements-en-amont-et-en-aval-en-rdc\/","title":{"rendered":"\u00ab Cha\u00eenes de valeur mondiales : l\u2019argument \u00e9conomique en faveur des investissements en amont et en aval en RDC \u00bb."},"content":{"rendered":"<div id=\"fb-root\"><\/div>\n\n<p>Ce mercredi 11 f\u00e9vrier 2026, \u00e0 Cape Town (Afrique du Sud), lors de Mining Indaba 2026, la R\u00e9publique D\u00e9mocratique du Congo a organis\u00e9 sa conf\u00e9rence-d\u00e9jeuner \u00ab DRC BREAKFAST \u00bb, plac\u00e9e sous le th\u00e8me :<br>\u00ab Cha\u00eenes de valeur mondiales : l\u2019argument \u00e9conomique en faveur des investissements en amont et en aval en RDC \u00bb.<\/p>\n\n\n\n<figure class=\"wp-block-image size-large\"><img loading=\"lazy\" decoding=\"async\" width=\"1024\" height=\"683\" src=\"https:\/\/mines.gouv.cd\/fr\/wp-content\/uploads\/2026\/02\/WhatsApp-Image-2026-02-11-at-14.24.40-1024x683.jpeg\" alt=\"\" class=\"wp-image-3601\" srcset=\"https:\/\/mines.gouv.cd\/fr\/wp-content\/uploads\/2026\/02\/WhatsApp-Image-2026-02-11-at-14.24.40-1024x683.jpeg 1024w, https:\/\/mines.gouv.cd\/fr\/wp-content\/uploads\/2026\/02\/WhatsApp-Image-2026-02-11-at-14.24.40-300x200.jpeg 300w, https:\/\/mines.gouv.cd\/fr\/wp-content\/uploads\/2026\/02\/WhatsApp-Image-2026-02-11-at-14.24.40-768x512.jpeg 768w, https:\/\/mines.gouv.cd\/fr\/wp-content\/uploads\/2026\/02\/WhatsApp-Image-2026-02-11-at-14.24.40-696x464.jpeg 696w, https:\/\/mines.gouv.cd\/fr\/wp-content\/uploads\/2026\/02\/WhatsApp-Image-2026-02-11-at-14.24.40-1068x712.jpeg 1068w, https:\/\/mines.gouv.cd\/fr\/wp-content\/uploads\/2026\/02\/WhatsApp-Image-2026-02-11-at-14.24.40-630x420.jpeg 630w, https:\/\/mines.gouv.cd\/fr\/wp-content\/uploads\/2026\/02\/WhatsApp-Image-2026-02-11-at-14.24.40.jpeg 1080w\" sizes=\"auto, (max-width: 1024px) 100vw, 1024px\" \/><\/figure>\n\n\n\n<p>S\u2019exprimant devant des parlementaires, diplomates, investisseurs et partenaires du secteur minier, le Ministre des Mines, Louis Watum Kabamba, a pr\u00e9sent\u00e9 la vision du Gouvernement : transformer localement une part croissante des ressources mini\u00e8res et faire en sorte que les richesses naturelles de la RDC contribuent durablement \u00e0 la paix et \u00e0 la prosp\u00e9rit\u00e9 du peuple congolais, tout en positionnant le pays comme un acteur industriel strat\u00e9gique de la transition \u00e9nerg\u00e9tique mondiale.<\/p>\n\n\n\n<p>Conform\u00e9ment \u00e0 la vision de Son Excellence le Pr\u00e9sident de la R\u00e9publique, F\u00e9lix Antoine Tshisekedi Tshilombo, et sous la coordination de Son Excellence la Premi\u00e8re Ministre, Judith Suminwa Tuluka, la RDC s\u2019engage \u00e0 passer d\u2019un mod\u00e8le centr\u00e9 sur l\u2019exportation de mati\u00e8res brutes \u00e0 un mod\u00e8le ax\u00e9 sur la cr\u00e9ation de valeur locale, le d\u00e9veloppement des cha\u00eenes de valeur des batteries, l\u2019industrialisation des minerais critiques et l\u2019int\u00e9gration des exploitations artisanales dans un cadre formel, structur\u00e9 et durable.<\/p>\n\n\n\n<p>Le Ministre a \u00e9galement mis en avant le renforcement de la s\u00e9curit\u00e9 juridique, l\u2019alignement sur les standards ESG internationaux, l\u2019am\u00e9lioration de la gouvernance ainsi que la lutte accrue contre la fraude et les circuits illicites, afin d\u2019offrir aux investisseurs un environnement pr\u00e9visible, transparent et comp\u00e9titif.<\/p>\n\n\n\n<figure class=\"wp-block-image size-large\"><img loading=\"lazy\" decoding=\"async\" width=\"1024\" height=\"683\" src=\"https:\/\/mines.gouv.cd\/fr\/wp-content\/uploads\/2026\/02\/WhatsApp-Image-2026-02-11-at-14.24.41-1024x683.jpeg\" alt=\"\" class=\"wp-image-3600\" srcset=\"https:\/\/mines.gouv.cd\/fr\/wp-content\/uploads\/2026\/02\/WhatsApp-Image-2026-02-11-at-14.24.41-1024x683.jpeg 1024w, https:\/\/mines.gouv.cd\/fr\/wp-content\/uploads\/2026\/02\/WhatsApp-Image-2026-02-11-at-14.24.41-300x200.jpeg 300w, https:\/\/mines.gouv.cd\/fr\/wp-content\/uploads\/2026\/02\/WhatsApp-Image-2026-02-11-at-14.24.41-768x512.jpeg 768w, https:\/\/mines.gouv.cd\/fr\/wp-content\/uploads\/2026\/02\/WhatsApp-Image-2026-02-11-at-14.24.41-1536x1025.jpeg 1536w, https:\/\/mines.gouv.cd\/fr\/wp-content\/uploads\/2026\/02\/WhatsApp-Image-2026-02-11-at-14.24.41-2048x1366.jpeg 2048w, https:\/\/mines.gouv.cd\/fr\/wp-content\/uploads\/2026\/02\/WhatsApp-Image-2026-02-11-at-14.24.41-696x464.jpeg 696w, https:\/\/mines.gouv.cd\/fr\/wp-content\/uploads\/2026\/02\/WhatsApp-Image-2026-02-11-at-14.24.41-1068x713.jpeg 1068w, https:\/\/mines.gouv.cd\/fr\/wp-content\/uploads\/2026\/02\/WhatsApp-Image-2026-02-11-at-14.24.41-1920x1281.jpeg 1920w, https:\/\/mines.gouv.cd\/fr\/wp-content\/uploads\/2026\/02\/WhatsApp-Image-2026-02-11-at-14.24.41-630x420.jpeg 630w\" sizes=\"auto, (max-width: 1024px) 100vw, 1024px\" \/><\/figure>\n\n\n\n<p>La R\u00e9publique D\u00e9mocratique du Congo r\u00e9affirme ainsi son ambition de devenir un p\u00f4le majeur de transformation mini\u00e8re et un partenaire strat\u00e9gique incontournable dans les cha\u00eenes de valeur mondiales, au b\u00e9n\u00e9fice partag\u00e9 des investisseurs, des communaut\u00e9s et de la Nation.<\/p>\n","protected":false},"excerpt":{"rendered":"<p>Ce mercredi 11 f\u00e9vrier 2026, \u00e0 Cape Town (Afrique du Sud), lors de Mining Indaba 2026, la R\u00e9publique D\u00e9mocratique du Congo a organis\u00e9 sa conf\u00e9rence-d\u00e9jeuner \u00ab DRC BREAKFAST \u00bb, plac\u00e9e sous le th\u00e8me :\u00ab Cha\u00eenes de valeur mondiales : l\u2019argument \u00e9conomique en faveur des investissements en amont et en aval en RDC \u00bb. S\u2019exprimant devant [&hellip;]<\/p>\n","protected":false},"author":1,"featured_media":3599,"comment_status":"closed","ping_status":"open","sticky":false,"template":"","format":"standard","meta":{"tdm_status":"","tdm_grid_status":"","footnotes":""},"categories":[89,85,83],"tags":[],"class_list":{"0":"post-3614","1":"post","2":"type-post","3":"status-publish","4":"format-standard","5":"has-post-thumbnail","7":"category-a-la-une","8":"category-actualite","9":"category-transparence"},"amp_enabled":true,"_links":{"self":[{"href":"https:\/\/mines.gouv.cd\/fr\/wp-json\/wp\/v2\/posts\/3614","targetHints":{"allow":["GET"]}}],"collection":[{"href":"https:\/\/mines.gouv.cd\/fr\/wp-json\/wp\/v2\/posts"}],"about":[{"href":"https:\/\/mines.gouv.cd\/fr\/wp-json\/wp\/v2\/types\/post"}],"author":[{"embeddable":true,"href":"https:\/\/mines.gouv.cd\/fr\/wp-json\/wp\/v2\/users\/1"}],"replies":[{"embeddable":true,"href":"https:\/\/mines.gouv.cd\/fr\/wp-json\/wp\/v2\/comments?post=3614"}],"version-history":[{"count":1,"href":"https:\/\/mines.gouv.cd\/fr\/wp-json\/wp\/v2\/posts\/3614\/revisions"}],"predecessor-version":[{"id":3615,"href":"https:\/\/mines.gouv.cd\/fr\/wp-json\/wp\/v2\/posts\/3614\/revisions\/3615"}],"wp:featuredmedia":[{"embeddable":true,"href":"https:\/\/mines.gouv.cd\/fr\/wp-json\/wp\/v2\/media\/3599"}],"wp:attachment":[{"href":"https:\/\/mines.gouv.cd\/fr\/wp-json\/wp\/v2\/media?parent=3614"}],"wp:term":[{"taxonomy":"category","embeddable":true,"href":"https:\/\/mines.gouv.cd\/fr\/wp-json\/wp\/v2\/categories?post=3614"},{"taxonomy":"post_tag","embeddable":true,"href":"https:\/\/mines.gouv.cd\/fr\/wp-json\/wp\/v2\/tags?post=3614"}],"curies":[{"name":"wp","href":"https:\/\/api.w.org\/{rel}","templated":true}]}}