{"id":3597,"date":"2026-02-11T17:11:15","date_gmt":"2026-02-11T16:11:15","guid":{"rendered":"https:\/\/mines.gouv.cd\/fr\/?p=3597"},"modified":"2026-02-11T17:41:44","modified_gmt":"2026-02-11T16:41:44","slug":"entreprise-generale-du-cobalt-egc-et-eurasian-resources-group-erg-ont-signe-un-protocole-daccord-portant-sur-la-formalisation-et-lencadrement-de-lexploitation-miniere-ar","status":"publish","type":"post","link":"https:\/\/mines.gouv.cd\/fr\/2026\/02\/11\/entreprise-generale-du-cobalt-egc-et-eurasian-resources-group-erg-ont-signe-un-protocole-daccord-portant-sur-la-formalisation-et-lencadrement-de-lexploitation-miniere-ar\/","title":{"rendered":"Entreprise G\u00e9n\u00e9rale du Cobalt (EGC) et Eurasian Resources Group (ERG) ont sign\u00e9 un Protocole d\u2019Accord portant sur la formalisation et l\u2019encadrement de l\u2019exploitation mini\u00e8re artisanale (ASM) sur des sites appartenant au groupe kazakh, principalement dans la province du Lualaba."},"content":{"rendered":"<div id=\"fb-root\"><\/div>\n\n<p>Ce mardi 10 f\u00e9vrier 2026, \u00e0 Mining Indaba \u00e0 Cape Town, l\u2019Entreprise G\u00e9n\u00e9rale du Cobalt (EGC) et Eurasian Resources Group (ERG) ont sign\u00e9 un Protocole d\u2019Accord portant sur la formalisation et l\u2019encadrement de l\u2019exploitation mini\u00e8re artisanale (ASM) sur des sites appartenant au groupe kazakh, principalement dans la province du Lualaba.<\/p>\n\n\n\n<figure class=\"wp-block-image size-large\"><img loading=\"lazy\" decoding=\"async\" width=\"1024\" height=\"683\" src=\"https:\/\/mines.gouv.cd\/fr\/wp-content\/uploads\/2026\/02\/WhatsApp-Image-2026-02-11-at-14.24.13-1024x683.jpeg\" alt=\"\" class=\"wp-image-3611\" srcset=\"https:\/\/mines.gouv.cd\/fr\/wp-content\/uploads\/2026\/02\/WhatsApp-Image-2026-02-11-at-14.24.13-1024x683.jpeg 1024w, https:\/\/mines.gouv.cd\/fr\/wp-content\/uploads\/2026\/02\/WhatsApp-Image-2026-02-11-at-14.24.13-300x200.jpeg 300w, https:\/\/mines.gouv.cd\/fr\/wp-content\/uploads\/2026\/02\/WhatsApp-Image-2026-02-11-at-14.24.13-768x512.jpeg 768w, https:\/\/mines.gouv.cd\/fr\/wp-content\/uploads\/2026\/02\/WhatsApp-Image-2026-02-11-at-14.24.13-696x464.jpeg 696w, https:\/\/mines.gouv.cd\/fr\/wp-content\/uploads\/2026\/02\/WhatsApp-Image-2026-02-11-at-14.24.13-1068x713.jpeg 1068w, https:\/\/mines.gouv.cd\/fr\/wp-content\/uploads\/2026\/02\/WhatsApp-Image-2026-02-11-at-14.24.13-630x420.jpeg 630w, https:\/\/mines.gouv.cd\/fr\/wp-content\/uploads\/2026\/02\/WhatsApp-Image-2026-02-11-at-14.24.13.jpeg 1280w\" sizes=\"auto, (max-width: 1024px) 100vw, 1024px\" \/><\/figure>\n\n\n\n<p>La c\u00e9r\u00e9monie \u00e9tait pr\u00e9sid\u00e9e par Son Excellence Monsieur Louis Kabamba Watum, Ministre des Mines de la R\u00e9publique D\u00e9mocratique du Congo.<\/p>\n\n\n\n<p>Cet accord s\u2019inscrit dans une d\u00e9marche de responsabilit\u00e9 partag\u00e9e, visant \u00e0 concilier les r\u00e9alit\u00e9s \u00e9conomiques, sociales et environnementales du secteur minier congolais. Il permet notamment de :<\/p>\n\n\n\n<ul class=\"wp-block-list\">\n<li>Structurer l\u2019exploitation artisanale en zones d\u00e9di\u00e9es, offrant aux mineurs un cadre de travail s\u00e9curis\u00e9 et mieux organis\u00e9 ;<\/li>\n\n\n\n<li>Assurer la tra\u00e7abilit\u00e9 de la production mini\u00e8re, garantissant une exploitation responsable et conforme aux standards internationaux, selon les principes directeurs de l\u2019OCDE ;<\/li>\n\n\n\n<li>Renforcer la cohabitation entre mines industrielles et artisanales, dans le respect des droits l\u00e9gaux et des investissements de chaque acteur ;<\/li>\n\n\n\n<li>Favoriser le d\u00e9veloppement durable des communaut\u00e9s locales, en int\u00e9grant l\u2019artisanat minier et la mine \u00e0 petite \u00e9chelle dans un cadre l\u00e9gal et socialement acceptable.<\/li>\n<\/ul>\n\n\n\n<figure class=\"wp-block-image size-large\"><img loading=\"lazy\" decoding=\"async\" width=\"1024\" height=\"683\" src=\"https:\/\/mines.gouv.cd\/fr\/wp-content\/uploads\/2026\/02\/WhatsApp-Image-2026-02-11-at-14.24.17-1024x683.jpeg\" alt=\"\" class=\"wp-image-3608\" srcset=\"https:\/\/mines.gouv.cd\/fr\/wp-content\/uploads\/2026\/02\/WhatsApp-Image-2026-02-11-at-14.24.17-1024x683.jpeg 1024w, https:\/\/mines.gouv.cd\/fr\/wp-content\/uploads\/2026\/02\/WhatsApp-Image-2026-02-11-at-14.24.17-300x200.jpeg 300w, https:\/\/mines.gouv.cd\/fr\/wp-content\/uploads\/2026\/02\/WhatsApp-Image-2026-02-11-at-14.24.17-768x512.jpeg 768w, https:\/\/mines.gouv.cd\/fr\/wp-content\/uploads\/2026\/02\/WhatsApp-Image-2026-02-11-at-14.24.17-696x464.jpeg 696w, https:\/\/mines.gouv.cd\/fr\/wp-content\/uploads\/2026\/02\/WhatsApp-Image-2026-02-11-at-14.24.17-1068x713.jpeg 1068w, https:\/\/mines.gouv.cd\/fr\/wp-content\/uploads\/2026\/02\/WhatsApp-Image-2026-02-11-at-14.24.17-630x420.jpeg 630w, https:\/\/mines.gouv.cd\/fr\/wp-content\/uploads\/2026\/02\/WhatsApp-Image-2026-02-11-at-14.24.17.jpeg 1280w\" sizes=\"auto, (max-width: 1024px) 100vw, 1024px\" \/><\/figure>\n\n\n\n<p>Le Ministre des Mines a insist\u00e9 sur l\u2019importance de l\u2019inclusion, de la s\u00e9curit\u00e9 et de la formalisation comme piliers d\u2019un secteur minier \u00e9quilibr\u00e9, capable de contribuer \u00e0 la transition \u00e9nerg\u00e9tique mondiale tout en prot\u00e9geant les int\u00e9r\u00eats des communaut\u00e9s locales.<\/p>\n\n\n\n<figure class=\"wp-block-gallery has-nested-images columns-default is-cropped wp-block-gallery-1 is-layout-flex wp-block-gallery-is-layout-flex\">\n<figure class=\"wp-block-image size-large\"><img loading=\"lazy\" decoding=\"async\" width=\"1024\" height=\"683\" data-id=\"3610\" src=\"https:\/\/mines.gouv.cd\/fr\/wp-content\/uploads\/2026\/02\/WhatsApp-Image-2026-02-11-at-14.24.13-1-1024x683.jpeg\" alt=\"\" class=\"wp-image-3610\" srcset=\"https:\/\/mines.gouv.cd\/fr\/wp-content\/uploads\/2026\/02\/WhatsApp-Image-2026-02-11-at-14.24.13-1-1024x683.jpeg 1024w, https:\/\/mines.gouv.cd\/fr\/wp-content\/uploads\/2026\/02\/WhatsApp-Image-2026-02-11-at-14.24.13-1-300x200.jpeg 300w, https:\/\/mines.gouv.cd\/fr\/wp-content\/uploads\/2026\/02\/WhatsApp-Image-2026-02-11-at-14.24.13-1-768x512.jpeg 768w, https:\/\/mines.gouv.cd\/fr\/wp-content\/uploads\/2026\/02\/WhatsApp-Image-2026-02-11-at-14.24.13-1-696x464.jpeg 696w, https:\/\/mines.gouv.cd\/fr\/wp-content\/uploads\/2026\/02\/WhatsApp-Image-2026-02-11-at-14.24.13-1-1068x713.jpeg 1068w, https:\/\/mines.gouv.cd\/fr\/wp-content\/uploads\/2026\/02\/WhatsApp-Image-2026-02-11-at-14.24.13-1-630x420.jpeg 630w, https:\/\/mines.gouv.cd\/fr\/wp-content\/uploads\/2026\/02\/WhatsApp-Image-2026-02-11-at-14.24.13-1.jpeg 1280w\" sizes=\"auto, (max-width: 1024px) 100vw, 1024px\" \/><\/figure>\n\n\n\n<figure class=\"wp-block-image size-large\"><img loading=\"lazy\" decoding=\"async\" width=\"1024\" height=\"683\" data-id=\"3606\" src=\"https:\/\/mines.gouv.cd\/fr\/wp-content\/uploads\/2026\/02\/WhatsApp-Image-2026-02-11-at-14.24.20-1024x683.jpeg\" alt=\"\" class=\"wp-image-3606\" srcset=\"https:\/\/mines.gouv.cd\/fr\/wp-content\/uploads\/2026\/02\/WhatsApp-Image-2026-02-11-at-14.24.20-1024x683.jpeg 1024w, https:\/\/mines.gouv.cd\/fr\/wp-content\/uploads\/2026\/02\/WhatsApp-Image-2026-02-11-at-14.24.20-300x200.jpeg 300w, https:\/\/mines.gouv.cd\/fr\/wp-content\/uploads\/2026\/02\/WhatsApp-Image-2026-02-11-at-14.24.20-768x512.jpeg 768w, https:\/\/mines.gouv.cd\/fr\/wp-content\/uploads\/2026\/02\/WhatsApp-Image-2026-02-11-at-14.24.20-1536x1025.jpeg 1536w, https:\/\/mines.gouv.cd\/fr\/wp-content\/uploads\/2026\/02\/WhatsApp-Image-2026-02-11-at-14.24.20-2048x1366.jpeg 2048w, https:\/\/mines.gouv.cd\/fr\/wp-content\/uploads\/2026\/02\/WhatsApp-Image-2026-02-11-at-14.24.20-696x464.jpeg 696w, https:\/\/mines.gouv.cd\/fr\/wp-content\/uploads\/2026\/02\/WhatsApp-Image-2026-02-11-at-14.24.20-1068x712.jpeg 1068w, https:\/\/mines.gouv.cd\/fr\/wp-content\/uploads\/2026\/02\/WhatsApp-Image-2026-02-11-at-14.24.20-1920x1281.jpeg 1920w, https:\/\/mines.gouv.cd\/fr\/wp-content\/uploads\/2026\/02\/WhatsApp-Image-2026-02-11-at-14.24.20-630x420.jpeg 630w\" sizes=\"auto, (max-width: 1024px) 100vw, 1024px\" \/><\/figure>\n\n\n\n<figure class=\"wp-block-image size-large\"><img loading=\"lazy\" decoding=\"async\" width=\"1024\" height=\"683\" data-id=\"3607\" src=\"https:\/\/mines.gouv.cd\/fr\/wp-content\/uploads\/2026\/02\/WhatsApp-Image-2026-02-11-at-14.24.18-1024x683.jpeg\" alt=\"\" class=\"wp-image-3607\" srcset=\"https:\/\/mines.gouv.cd\/fr\/wp-content\/uploads\/2026\/02\/WhatsApp-Image-2026-02-11-at-14.24.18-1024x683.jpeg 1024w, https:\/\/mines.gouv.cd\/fr\/wp-content\/uploads\/2026\/02\/WhatsApp-Image-2026-02-11-at-14.24.18-300x200.jpeg 300w, https:\/\/mines.gouv.cd\/fr\/wp-content\/uploads\/2026\/02\/WhatsApp-Image-2026-02-11-at-14.24.18-768x512.jpeg 768w, https:\/\/mines.gouv.cd\/fr\/wp-content\/uploads\/2026\/02\/WhatsApp-Image-2026-02-11-at-14.24.18-1536x1025.jpeg 1536w, https:\/\/mines.gouv.cd\/fr\/wp-content\/uploads\/2026\/02\/WhatsApp-Image-2026-02-11-at-14.24.18-2048x1366.jpeg 2048w, https:\/\/mines.gouv.cd\/fr\/wp-content\/uploads\/2026\/02\/WhatsApp-Image-2026-02-11-at-14.24.18-696x464.jpeg 696w, https:\/\/mines.gouv.cd\/fr\/wp-content\/uploads\/2026\/02\/WhatsApp-Image-2026-02-11-at-14.24.18-1068x712.jpeg 1068w, https:\/\/mines.gouv.cd\/fr\/wp-content\/uploads\/2026\/02\/WhatsApp-Image-2026-02-11-at-14.24.18-1920x1281.jpeg 1920w, https:\/\/mines.gouv.cd\/fr\/wp-content\/uploads\/2026\/02\/WhatsApp-Image-2026-02-11-at-14.24.18-630x420.jpeg 630w\" sizes=\"auto, (max-width: 1024px) 100vw, 1024px\" \/><\/figure>\n\n\n\n<figure class=\"wp-block-image size-large\"><img loading=\"lazy\" decoding=\"async\" width=\"1024\" height=\"683\" data-id=\"3605\" src=\"https:\/\/mines.gouv.cd\/fr\/wp-content\/uploads\/2026\/02\/WhatsApp-Image-2026-02-11-at-14.24.21-1024x683.jpeg\" alt=\"\" class=\"wp-image-3605\" srcset=\"https:\/\/mines.gouv.cd\/fr\/wp-content\/uploads\/2026\/02\/WhatsApp-Image-2026-02-11-at-14.24.21-1024x683.jpeg 1024w, https:\/\/mines.gouv.cd\/fr\/wp-content\/uploads\/2026\/02\/WhatsApp-Image-2026-02-11-at-14.24.21-300x200.jpeg 300w, https:\/\/mines.gouv.cd\/fr\/wp-content\/uploads\/2026\/02\/WhatsApp-Image-2026-02-11-at-14.24.21-768x512.jpeg 768w, https:\/\/mines.gouv.cd\/fr\/wp-content\/uploads\/2026\/02\/WhatsApp-Image-2026-02-11-at-14.24.21-1536x1025.jpeg 1536w, https:\/\/mines.gouv.cd\/fr\/wp-content\/uploads\/2026\/02\/WhatsApp-Image-2026-02-11-at-14.24.21-2048x1366.jpeg 2048w, https:\/\/mines.gouv.cd\/fr\/wp-content\/uploads\/2026\/02\/WhatsApp-Image-2026-02-11-at-14.24.21-696x464.jpeg 696w, https:\/\/mines.gouv.cd\/fr\/wp-content\/uploads\/2026\/02\/WhatsApp-Image-2026-02-11-at-14.24.21-1068x712.jpeg 1068w, https:\/\/mines.gouv.cd\/fr\/wp-content\/uploads\/2026\/02\/WhatsApp-Image-2026-02-11-at-14.24.21-1920x1281.jpeg 1920w, https:\/\/mines.gouv.cd\/fr\/wp-content\/uploads\/2026\/02\/WhatsApp-Image-2026-02-11-at-14.24.21-630x420.jpeg 630w\" sizes=\"auto, (max-width: 1024px) 100vw, 1024px\" \/><\/figure>\n<\/figure>\n","protected":false},"excerpt":{"rendered":"<p>Ce mardi 10 f\u00e9vrier 2026, \u00e0 Mining Indaba \u00e0 Cape Town, l\u2019Entreprise G\u00e9n\u00e9rale du Cobalt (EGC) et Eurasian Resources Group (ERG) ont sign\u00e9 un Protocole d\u2019Accord portant sur la formalisation et l\u2019encadrement de l\u2019exploitation mini\u00e8re artisanale (ASM) sur des sites appartenant au groupe kazakh, principalement dans la province du Lualaba. La c\u00e9r\u00e9monie \u00e9tait pr\u00e9sid\u00e9e par [&hellip;]<\/p>\n","protected":false},"author":1,"featured_media":3612,"comment_status":"closed","ping_status":"open","sticky":false,"template":"","format":"standard","meta":{"tdm_status":"","tdm_grid_status":"","footnotes":""},"categories":[89,85,86],"tags":[],"class_list":{"0":"post-3597","1":"post","2":"type-post","3":"status-publish","4":"format-standard","5":"has-post-thumbnail","7":"category-a-la-une","8":"category-actualite","9":"category-cuivre-cobalt"},"amp_enabled":true,"_links":{"self":[{"href":"https:\/\/mines.gouv.cd\/fr\/wp-json\/wp\/v2\/posts\/3597","targetHints":{"allow":["GET"]}}],"collection":[{"href":"https:\/\/mines.gouv.cd\/fr\/wp-json\/wp\/v2\/posts"}],"about":[{"href":"https:\/\/mines.gouv.cd\/fr\/wp-json\/wp\/v2\/types\/post"}],"author":[{"embeddable":true,"href":"https:\/\/mines.gouv.cd\/fr\/wp-json\/wp\/v2\/users\/1"}],"replies":[{"embeddable":true,"href":"https:\/\/mines.gouv.cd\/fr\/wp-json\/wp\/v2\/comments?post=3597"}],"version-history":[{"count":1,"href":"https:\/\/mines.gouv.cd\/fr\/wp-json\/wp\/v2\/posts\/3597\/revisions"}],"predecessor-version":[{"id":3613,"href":"https:\/\/mines.gouv.cd\/fr\/wp-json\/wp\/v2\/posts\/3597\/revisions\/3613"}],"wp:featuredmedia":[{"embeddable":true,"href":"https:\/\/mines.gouv.cd\/fr\/wp-json\/wp\/v2\/media\/3612"}],"wp:attachment":[{"href":"https:\/\/mines.gouv.cd\/fr\/wp-json\/wp\/v2\/media?parent=3597"}],"wp:term":[{"taxonomy":"category","embeddable":true,"href":"https:\/\/mines.gouv.cd\/fr\/wp-json\/wp\/v2\/categories?post=3597"},{"taxonomy":"post_tag","embeddable":true,"href":"https:\/\/mines.gouv.cd\/fr\/wp-json\/wp\/v2\/tags?post=3597"}],"curies":[{"name":"wp","href":"https:\/\/api.w.org\/{rel}","templated":true}]}}