{"id":3595,"date":"2026-02-11T10:42:48","date_gmt":"2026-02-11T09:42:48","guid":{"rendered":"https:\/\/mines.gouv.cd\/fr\/?p=3595"},"modified":"2026-02-11T10:42:50","modified_gmt":"2026-02-11T09:42:50","slug":"mardi-10-fevrier-2026-son-excellence-monsieur-louis-watum-kabamba-ministre-des-mines-accompagne-de-la-delegation-congolaise-a-pris-part-au-forum-ministeriel-de-la-sadc-sur-linvestissement","status":"publish","type":"post","link":"https:\/\/mines.gouv.cd\/fr\/2026\/02\/11\/mardi-10-fevrier-2026-son-excellence-monsieur-louis-watum-kabamba-ministre-des-mines-accompagne-de-la-delegation-congolaise-a-pris-part-au-forum-ministeriel-de-la-sadc-sur-linvestissement\/","title":{"rendered":"Mardi 10 f\u00e9vrier 2026, Son Excellence Monsieur Louis Watum Kabamba, Ministre des Mines, accompagn\u00e9 de la d\u00e9l\u00e9gation congolaise, a pris part au Forum minist\u00e9riel de la SADC sur l\u2019investissement, organis\u00e9 en marge de Mining Indaba 2026."},"content":{"rendered":"<div id=\"fb-root\"><\/div>\n\n<p><\/p>\n\n\n\n<p>Cette rencontre de haut niveau a r\u00e9uni les ministres en charge des mines des \u00c9tats membres de la SADC, des repr\u00e9sentants du secteur priv\u00e9 ainsi que des partenaires techniques et financiers, afin de d\u00e9battre des enjeux strat\u00e9giques li\u00e9s au d\u00e9veloppement du secteur minier dans la r\u00e9gion.<\/p>\n\n\n\n<p>Les \u00e9changes ont port\u00e9 sur la n\u00e9cessit\u00e9 d\u2019harmoniser les politiques mini\u00e8res au sein de la SADC, dans le but de cr\u00e9er un cadre r\u00e9gional coh\u00e9rent, attractif et comp\u00e9titif, capable de stimuler des investissements structurants et de faire du secteur minier un v\u00e9ritable moteur de croissance et de d\u00e9veloppement durable.<\/p>\n\n\n\n<figure class=\"wp-block-image size-large\"><img loading=\"lazy\" decoding=\"async\" width=\"1024\" height=\"682\" src=\"https:\/\/mines.gouv.cd\/fr\/wp-content\/uploads\/2026\/02\/WhatsApp-Image-2026-02-08-at-14.11.36-1-1024x682.jpeg\" alt=\"\" class=\"wp-image-3576\" srcset=\"https:\/\/mines.gouv.cd\/fr\/wp-content\/uploads\/2026\/02\/WhatsApp-Image-2026-02-08-at-14.11.36-1-1024x682.jpeg 1024w, https:\/\/mines.gouv.cd\/fr\/wp-content\/uploads\/2026\/02\/WhatsApp-Image-2026-02-08-at-14.11.36-1-300x200.jpeg 300w, https:\/\/mines.gouv.cd\/fr\/wp-content\/uploads\/2026\/02\/WhatsApp-Image-2026-02-08-at-14.11.36-1-768x512.jpeg 768w, https:\/\/mines.gouv.cd\/fr\/wp-content\/uploads\/2026\/02\/WhatsApp-Image-2026-02-08-at-14.11.36-1-696x464.jpeg 696w, https:\/\/mines.gouv.cd\/fr\/wp-content\/uploads\/2026\/02\/WhatsApp-Image-2026-02-08-at-14.11.36-1-1068x712.jpeg 1068w, https:\/\/mines.gouv.cd\/fr\/wp-content\/uploads\/2026\/02\/WhatsApp-Image-2026-02-08-at-14.11.36-1-630x420.jpeg 630w, https:\/\/mines.gouv.cd\/fr\/wp-content\/uploads\/2026\/02\/WhatsApp-Image-2026-02-08-at-14.11.36-1.jpeg 1280w\" sizes=\"auto, (max-width: 1024px) 100vw, 1024px\" \/><\/figure>\n\n\n\n<p>Tout en soulignant qu\u2019il est temps de passer \u00e0 l\u2019action, SEM Louis Watum Kabamba, conform\u00e9ment \u00e0 la vision de Son Excellence Monsieur le Pr\u00e9sident de la R\u00e9publique, F\u00e9lix Antoine Tshisekedi Tshilombo, et sous la coordination de Son Excellence Madame la Premi\u00e8re Ministre, Judith Suminwa, a insist\u00e9 sur :<br>\u2022\u2060 \u2060la n\u00e9cessit\u00e9 d\u2019institutionnaliser le dialogue public-priv\u00e9 \u00e0 l\u2019\u00e9chelle r\u00e9gionale ;<br>\u2022\u2060 \u2060l\u2019investissement dans le capital humain (formation, recherche et d\u00e9veloppement, centres d\u2019excellence), via l\u2019affectation d\u2019une part des redevances mini\u00e8res ;<br>\u2022\u2060 \u2060l\u2019augmentation des investissements dans l\u2019exploration des min\u00e9raux critiques ;<br>\u2022\u2060 \u2060le d\u00e9veloppement de cha\u00eenes de valeur r\u00e9gionales, notamment dans les batteries et les v\u00e9hicules \u00e9lectriques ;<br>\u2022\u2060 \u2060la formalisation de l\u2019exploitation mini\u00e8re artisanale \u00e0 travers l\u2019harmonisation des politiques et le partage des meilleures pratiques.<\/p>\n\n\n\n<figure class=\"wp-block-image size-large\"><img loading=\"lazy\" decoding=\"async\" width=\"1024\" height=\"683\" src=\"https:\/\/mines.gouv.cd\/fr\/wp-content\/uploads\/2026\/02\/WhatsApp-Image-2026-02-10-at-15.00.08-1-1024x683.jpeg\" alt=\"\" class=\"wp-image-3569\" srcset=\"https:\/\/mines.gouv.cd\/fr\/wp-content\/uploads\/2026\/02\/WhatsApp-Image-2026-02-10-at-15.00.08-1-1024x683.jpeg 1024w, https:\/\/mines.gouv.cd\/fr\/wp-content\/uploads\/2026\/02\/WhatsApp-Image-2026-02-10-at-15.00.08-1-300x200.jpeg 300w, https:\/\/mines.gouv.cd\/fr\/wp-content\/uploads\/2026\/02\/WhatsApp-Image-2026-02-10-at-15.00.08-1-768x512.jpeg 768w, https:\/\/mines.gouv.cd\/fr\/wp-content\/uploads\/2026\/02\/WhatsApp-Image-2026-02-10-at-15.00.08-1-696x464.jpeg 696w, https:\/\/mines.gouv.cd\/fr\/wp-content\/uploads\/2026\/02\/WhatsApp-Image-2026-02-10-at-15.00.08-1-1068x712.jpeg 1068w, https:\/\/mines.gouv.cd\/fr\/wp-content\/uploads\/2026\/02\/WhatsApp-Image-2026-02-10-at-15.00.08-1-630x420.jpeg 630w, https:\/\/mines.gouv.cd\/fr\/wp-content\/uploads\/2026\/02\/WhatsApp-Image-2026-02-10-at-15.00.08-1.jpeg 1080w\" sizes=\"auto, (max-width: 1024px) 100vw, 1024px\" \/><\/figure>\n\n\n\n<p>La R\u00e9publique D\u00e9mocratique du Congo r\u00e9affirme ainsi son r\u00f4le moteur dans la construction d\u2019un secteur minier r\u00e9gional int\u00e9gr\u00e9, comp\u00e9titif et r\u00e9solument orient\u00e9 vers le d\u00e9veloppement durable.<\/p>\n\n\n\n<figure class=\"wp-block-gallery has-nested-images columns-default is-cropped wp-block-gallery-1 is-layout-flex wp-block-gallery-is-layout-flex\">\n<figure class=\"wp-block-image size-large\"><img loading=\"lazy\" decoding=\"async\" width=\"1024\" height=\"683\" data-id=\"3569\" src=\"https:\/\/mines.gouv.cd\/fr\/wp-content\/uploads\/2026\/02\/WhatsApp-Image-2026-02-10-at-15.00.08-1-1024x683.jpeg\" alt=\"\" class=\"wp-image-3569\" srcset=\"https:\/\/mines.gouv.cd\/fr\/wp-content\/uploads\/2026\/02\/WhatsApp-Image-2026-02-10-at-15.00.08-1-1024x683.jpeg 1024w, https:\/\/mines.gouv.cd\/fr\/wp-content\/uploads\/2026\/02\/WhatsApp-Image-2026-02-10-at-15.00.08-1-300x200.jpeg 300w, https:\/\/mines.gouv.cd\/fr\/wp-content\/uploads\/2026\/02\/WhatsApp-Image-2026-02-10-at-15.00.08-1-768x512.jpeg 768w, https:\/\/mines.gouv.cd\/fr\/wp-content\/uploads\/2026\/02\/WhatsApp-Image-2026-02-10-at-15.00.08-1-696x464.jpeg 696w, https:\/\/mines.gouv.cd\/fr\/wp-content\/uploads\/2026\/02\/WhatsApp-Image-2026-02-10-at-15.00.08-1-1068x712.jpeg 1068w, https:\/\/mines.gouv.cd\/fr\/wp-content\/uploads\/2026\/02\/WhatsApp-Image-2026-02-10-at-15.00.08-1-630x420.jpeg 630w, https:\/\/mines.gouv.cd\/fr\/wp-content\/uploads\/2026\/02\/WhatsApp-Image-2026-02-10-at-15.00.08-1.jpeg 1080w\" sizes=\"auto, (max-width: 1024px) 100vw, 1024px\" \/><\/figure>\n\n\n\n<figure class=\"wp-block-image size-large\"><img loading=\"lazy\" decoding=\"async\" width=\"1024\" height=\"683\" data-id=\"3567\" src=\"https:\/\/mines.gouv.cd\/fr\/wp-content\/uploads\/2026\/02\/WhatsApp-Image-2026-02-10-at-15.00.10-1024x683.jpeg\" alt=\"\" class=\"wp-image-3567\" srcset=\"https:\/\/mines.gouv.cd\/fr\/wp-content\/uploads\/2026\/02\/WhatsApp-Image-2026-02-10-at-15.00.10-1024x683.jpeg 1024w, https:\/\/mines.gouv.cd\/fr\/wp-content\/uploads\/2026\/02\/WhatsApp-Image-2026-02-10-at-15.00.10-300x200.jpeg 300w, https:\/\/mines.gouv.cd\/fr\/wp-content\/uploads\/2026\/02\/WhatsApp-Image-2026-02-10-at-15.00.10-768x512.jpeg 768w, https:\/\/mines.gouv.cd\/fr\/wp-content\/uploads\/2026\/02\/WhatsApp-Image-2026-02-10-at-15.00.10-696x464.jpeg 696w, https:\/\/mines.gouv.cd\/fr\/wp-content\/uploads\/2026\/02\/WhatsApp-Image-2026-02-10-at-15.00.10-1068x712.jpeg 1068w, https:\/\/mines.gouv.cd\/fr\/wp-content\/uploads\/2026\/02\/WhatsApp-Image-2026-02-10-at-15.00.10-630x420.jpeg 630w, https:\/\/mines.gouv.cd\/fr\/wp-content\/uploads\/2026\/02\/WhatsApp-Image-2026-02-10-at-15.00.10.jpeg 1080w\" sizes=\"auto, (max-width: 1024px) 100vw, 1024px\" \/><\/figure>\n\n\n\n<figure class=\"wp-block-image size-large\"><img loading=\"lazy\" decoding=\"async\" width=\"1024\" height=\"683\" data-id=\"3566\" src=\"https:\/\/mines.gouv.cd\/fr\/wp-content\/uploads\/2026\/02\/WhatsApp-Image-2026-02-10-at-15.00.11-1024x683.jpeg\" alt=\"\" class=\"wp-image-3566\" srcset=\"https:\/\/mines.gouv.cd\/fr\/wp-content\/uploads\/2026\/02\/WhatsApp-Image-2026-02-10-at-15.00.11-1024x683.jpeg 1024w, https:\/\/mines.gouv.cd\/fr\/wp-content\/uploads\/2026\/02\/WhatsApp-Image-2026-02-10-at-15.00.11-300x200.jpeg 300w, https:\/\/mines.gouv.cd\/fr\/wp-content\/uploads\/2026\/02\/WhatsApp-Image-2026-02-10-at-15.00.11-768x512.jpeg 768w, https:\/\/mines.gouv.cd\/fr\/wp-content\/uploads\/2026\/02\/WhatsApp-Image-2026-02-10-at-15.00.11-696x464.jpeg 696w, https:\/\/mines.gouv.cd\/fr\/wp-content\/uploads\/2026\/02\/WhatsApp-Image-2026-02-10-at-15.00.11-1068x712.jpeg 1068w, https:\/\/mines.gouv.cd\/fr\/wp-content\/uploads\/2026\/02\/WhatsApp-Image-2026-02-10-at-15.00.11-630x420.jpeg 630w, https:\/\/mines.gouv.cd\/fr\/wp-content\/uploads\/2026\/02\/WhatsApp-Image-2026-02-10-at-15.00.11.jpeg 1080w\" sizes=\"auto, (max-width: 1024px) 100vw, 1024px\" \/><\/figure>\n\n\n\n<figure class=\"wp-block-image size-large\"><img loading=\"lazy\" decoding=\"async\" width=\"683\" height=\"1024\" data-id=\"3570\" src=\"https:\/\/mines.gouv.cd\/fr\/wp-content\/uploads\/2026\/02\/WhatsApp-Image-2026-02-10-at-15.00.09-1-683x1024.jpeg\" alt=\"\" class=\"wp-image-3570\" srcset=\"https:\/\/mines.gouv.cd\/fr\/wp-content\/uploads\/2026\/02\/WhatsApp-Image-2026-02-10-at-15.00.09-1-683x1024.jpeg 683w, https:\/\/mines.gouv.cd\/fr\/wp-content\/uploads\/2026\/02\/WhatsApp-Image-2026-02-10-at-15.00.09-1-200x300.jpeg 200w, https:\/\/mines.gouv.cd\/fr\/wp-content\/uploads\/2026\/02\/WhatsApp-Image-2026-02-10-at-15.00.09-1-696x1044.jpeg 696w, https:\/\/mines.gouv.cd\/fr\/wp-content\/uploads\/2026\/02\/WhatsApp-Image-2026-02-10-at-15.00.09-1-280x420.jpeg 280w, https:\/\/mines.gouv.cd\/fr\/wp-content\/uploads\/2026\/02\/WhatsApp-Image-2026-02-10-at-15.00.09-1.jpeg 720w\" sizes=\"auto, (max-width: 683px) 100vw, 683px\" \/><\/figure>\n\n\n\n<figure class=\"wp-block-image size-large\"><img loading=\"lazy\" decoding=\"async\" width=\"1024\" height=\"683\" data-id=\"3568\" src=\"https:\/\/mines.gouv.cd\/fr\/wp-content\/uploads\/2026\/02\/WhatsApp-Image-2026-02-10-at-15.00.09-2-1024x683.jpeg\" alt=\"\" class=\"wp-image-3568\" srcset=\"https:\/\/mines.gouv.cd\/fr\/wp-content\/uploads\/2026\/02\/WhatsApp-Image-2026-02-10-at-15.00.09-2-1024x683.jpeg 1024w, https:\/\/mines.gouv.cd\/fr\/wp-content\/uploads\/2026\/02\/WhatsApp-Image-2026-02-10-at-15.00.09-2-300x200.jpeg 300w, https:\/\/mines.gouv.cd\/fr\/wp-content\/uploads\/2026\/02\/WhatsApp-Image-2026-02-10-at-15.00.09-2-768x512.jpeg 768w, https:\/\/mines.gouv.cd\/fr\/wp-content\/uploads\/2026\/02\/WhatsApp-Image-2026-02-10-at-15.00.09-2-696x464.jpeg 696w, https:\/\/mines.gouv.cd\/fr\/wp-content\/uploads\/2026\/02\/WhatsApp-Image-2026-02-10-at-15.00.09-2-1068x712.jpeg 1068w, https:\/\/mines.gouv.cd\/fr\/wp-content\/uploads\/2026\/02\/WhatsApp-Image-2026-02-10-at-15.00.09-2-630x420.jpeg 630w, https:\/\/mines.gouv.cd\/fr\/wp-content\/uploads\/2026\/02\/WhatsApp-Image-2026-02-10-at-15.00.09-2.jpeg 1080w\" sizes=\"auto, (max-width: 1024px) 100vw, 1024px\" \/><\/figure>\n\n\n\n<figure class=\"wp-block-image size-large\"><img loading=\"lazy\" decoding=\"async\" width=\"1024\" height=\"683\" data-id=\"3572\" src=\"https:\/\/mines.gouv.cd\/fr\/wp-content\/uploads\/2026\/02\/WhatsApp-Image-2026-02-10-at-15.00.08-1024x683.jpeg\" alt=\"\" class=\"wp-image-3572\" srcset=\"https:\/\/mines.gouv.cd\/fr\/wp-content\/uploads\/2026\/02\/WhatsApp-Image-2026-02-10-at-15.00.08-1024x683.jpeg 1024w, https:\/\/mines.gouv.cd\/fr\/wp-content\/uploads\/2026\/02\/WhatsApp-Image-2026-02-10-at-15.00.08-300x200.jpeg 300w, https:\/\/mines.gouv.cd\/fr\/wp-content\/uploads\/2026\/02\/WhatsApp-Image-2026-02-10-at-15.00.08-768x512.jpeg 768w, https:\/\/mines.gouv.cd\/fr\/wp-content\/uploads\/2026\/02\/WhatsApp-Image-2026-02-10-at-15.00.08-696x464.jpeg 696w, https:\/\/mines.gouv.cd\/fr\/wp-content\/uploads\/2026\/02\/WhatsApp-Image-2026-02-10-at-15.00.08-1068x712.jpeg 1068w, https:\/\/mines.gouv.cd\/fr\/wp-content\/uploads\/2026\/02\/WhatsApp-Image-2026-02-10-at-15.00.08-630x420.jpeg 630w, https:\/\/mines.gouv.cd\/fr\/wp-content\/uploads\/2026\/02\/WhatsApp-Image-2026-02-10-at-15.00.08.jpeg 1080w\" sizes=\"auto, (max-width: 1024px) 100vw, 1024px\" \/><\/figure>\n\n\n\n<figure class=\"wp-block-image size-large\"><img loading=\"lazy\" decoding=\"async\" width=\"683\" height=\"1024\" data-id=\"3571\" src=\"https:\/\/mines.gouv.cd\/fr\/wp-content\/uploads\/2026\/02\/WhatsApp-Image-2026-02-10-at-15.00.09-683x1024.jpeg\" alt=\"\" class=\"wp-image-3571\" srcset=\"https:\/\/mines.gouv.cd\/fr\/wp-content\/uploads\/2026\/02\/WhatsApp-Image-2026-02-10-at-15.00.09-683x1024.jpeg 683w, https:\/\/mines.gouv.cd\/fr\/wp-content\/uploads\/2026\/02\/WhatsApp-Image-2026-02-10-at-15.00.09-200x300.jpeg 200w, https:\/\/mines.gouv.cd\/fr\/wp-content\/uploads\/2026\/02\/WhatsApp-Image-2026-02-10-at-15.00.09-696x1044.jpeg 696w, https:\/\/mines.gouv.cd\/fr\/wp-content\/uploads\/2026\/02\/WhatsApp-Image-2026-02-10-at-15.00.09-280x420.jpeg 280w, https:\/\/mines.gouv.cd\/fr\/wp-content\/uploads\/2026\/02\/WhatsApp-Image-2026-02-10-at-15.00.09.jpeg 720w\" sizes=\"auto, (max-width: 683px) 100vw, 683px\" \/><\/figure>\n<\/figure>\n","protected":false},"excerpt":{"rendered":"<p>Cette rencontre de haut niveau a r\u00e9uni les ministres en charge des mines des \u00c9tats membres de la SADC, des repr\u00e9sentants du secteur priv\u00e9 ainsi que des partenaires techniques et financiers, afin de d\u00e9battre des enjeux strat\u00e9giques li\u00e9s au d\u00e9veloppement du secteur minier dans la r\u00e9gion. Les \u00e9changes ont port\u00e9 sur la n\u00e9cessit\u00e9 d\u2019harmoniser les [&hellip;]<\/p>\n","protected":false},"author":1,"featured_media":3566,"comment_status":"closed","ping_status":"open","sticky":false,"template":"","format":"standard","meta":{"tdm_status":"","tdm_grid_status":"","footnotes":""},"categories":[89,85,80,86,81,83,84],"tags":[],"class_list":{"0":"post-3595","1":"post","2":"type-post","3":"status-publish","4":"format-standard","5":"has-post-thumbnail","7":"category-a-la-une","8":"category-actualite","9":"category-bonne-gouvernance","10":"category-cuivre-cobalt","11":"category-investissement","12":"category-transparence","13":"category-vulgarisation"},"amp_enabled":true,"_links":{"self":[{"href":"https:\/\/mines.gouv.cd\/fr\/wp-json\/wp\/v2\/posts\/3595","targetHints":{"allow":["GET"]}}],"collection":[{"href":"https:\/\/mines.gouv.cd\/fr\/wp-json\/wp\/v2\/posts"}],"about":[{"href":"https:\/\/mines.gouv.cd\/fr\/wp-json\/wp\/v2\/types\/post"}],"author":[{"embeddable":true,"href":"https:\/\/mines.gouv.cd\/fr\/wp-json\/wp\/v2\/users\/1"}],"replies":[{"embeddable":true,"href":"https:\/\/mines.gouv.cd\/fr\/wp-json\/wp\/v2\/comments?post=3595"}],"version-history":[{"count":1,"href":"https:\/\/mines.gouv.cd\/fr\/wp-json\/wp\/v2\/posts\/3595\/revisions"}],"predecessor-version":[{"id":3596,"href":"https:\/\/mines.gouv.cd\/fr\/wp-json\/wp\/v2\/posts\/3595\/revisions\/3596"}],"wp:featuredmedia":[{"embeddable":true,"href":"https:\/\/mines.gouv.cd\/fr\/wp-json\/wp\/v2\/media\/3566"}],"wp:attachment":[{"href":"https:\/\/mines.gouv.cd\/fr\/wp-json\/wp\/v2\/media?parent=3595"}],"wp:term":[{"taxonomy":"category","embeddable":true,"href":"https:\/\/mines.gouv.cd\/fr\/wp-json\/wp\/v2\/categories?post=3595"},{"taxonomy":"post_tag","embeddable":true,"href":"https:\/\/mines.gouv.cd\/fr\/wp-json\/wp\/v2\/tags?post=3595"}],"curies":[{"name":"wp","href":"https:\/\/api.w.org\/{rel}","templated":true}]}}