{"id":3592,"date":"2026-02-11T10:34:49","date_gmt":"2026-02-11T09:34:49","guid":{"rendered":"https:\/\/mines.gouv.cd\/fr\/?p=3592"},"modified":"2026-02-11T10:34:51","modified_gmt":"2026-02-11T09:34:51","slug":"s-e-m-louis-watum-kabamba-ministre-des-mines-a-pris-part-ce-dimanche-8-fevrier-2026-a-la-pleniere-ministerielle-de-linvesting-in-african-mining-indaba-placee-sous-le-theme-miser","status":"publish","type":"post","link":"https:\/\/mines.gouv.cd\/fr\/2026\/02\/11\/s-e-m-louis-watum-kabamba-ministre-des-mines-a-pris-part-ce-dimanche-8-fevrier-2026-a-la-pleniere-ministerielle-de-linvesting-in-african-mining-indaba-placee-sous-le-theme-miser\/","title":{"rendered":"S.E.M Louis Watum Kabamba, Ministre des Mines, a pris part, ce dimanche 8 f\u00e9vrier 2026, \u00e0 la pl\u00e9ni\u00e8re minist\u00e9rielle de l\u2019Investing in African Mining Indaba, plac\u00e9e sous le th\u00e8me :\u00ab Miser sur l\u2019Afrique : mobiliser les capitaux par le partenariat \u00bb."},"content":{"rendered":"<div id=\"fb-root\"><\/div>\n\n<p>Lors de cette session de haut niveau, aux c\u00f4t\u00e9s de ses homologues, de capitaines d\u2019industrie et de partenaires internationaux, le Ministre a pr\u00e9sent\u00e9 la RDC comme un partenaire fiable et strat\u00e9gique pour l\u2019investissement minier. Il est revenu sur la coop\u00e9ration avec les \u00c9tats-Unis et d\u2019autres partenaires internationaux, fond\u00e9e sur des projets concrets, transparents et mutuellement b\u00e9n\u00e9fiques, contribuant \u00e0 l\u2019essor du secteur minier et au d\u00e9veloppement durable du pays.<\/p>\n\n\n\n<p>Le Ministre a expos\u00e9 la vision de la RDC, port\u00e9e par Son Excellence Monsieur le Pr\u00e9sident de la R\u00e9publique, Chef de l\u2019\u00c9tat, F\u00e9lix-Antoine Tshisekedi Tshilombo, et mise en \u0153uvre sous la conduite de Son Excellence Madame la Premi\u00e8re Ministre, Judith Suminwa Tuluka, en mati\u00e8re de partenariats strat\u00e9giques continentaux, notamment autour de l\u2019exploration et de la valorisation des minerais, soulignant l\u2019importance de positionner l\u2019Afrique dans les cha\u00eenes de valeur mondiales.<\/p>\n\n\n\n<figure class=\"wp-block-image size-large\"><img loading=\"lazy\" decoding=\"async\" width=\"1024\" height=\"683\" src=\"https:\/\/mines.gouv.cd\/fr\/wp-content\/uploads\/2026\/02\/WhatsApp-Image-2026-02-08-at-14.11.35-1-1024x683.jpeg\" alt=\"\" class=\"wp-image-3578\" srcset=\"https:\/\/mines.gouv.cd\/fr\/wp-content\/uploads\/2026\/02\/WhatsApp-Image-2026-02-08-at-14.11.35-1-1024x683.jpeg 1024w, https:\/\/mines.gouv.cd\/fr\/wp-content\/uploads\/2026\/02\/WhatsApp-Image-2026-02-08-at-14.11.35-1-300x200.jpeg 300w, https:\/\/mines.gouv.cd\/fr\/wp-content\/uploads\/2026\/02\/WhatsApp-Image-2026-02-08-at-14.11.35-1-768x512.jpeg 768w, https:\/\/mines.gouv.cd\/fr\/wp-content\/uploads\/2026\/02\/WhatsApp-Image-2026-02-08-at-14.11.35-1-696x464.jpeg 696w, https:\/\/mines.gouv.cd\/fr\/wp-content\/uploads\/2026\/02\/WhatsApp-Image-2026-02-08-at-14.11.35-1-1068x713.jpeg 1068w, https:\/\/mines.gouv.cd\/fr\/wp-content\/uploads\/2026\/02\/WhatsApp-Image-2026-02-08-at-14.11.35-1-630x420.jpeg 630w, https:\/\/mines.gouv.cd\/fr\/wp-content\/uploads\/2026\/02\/WhatsApp-Image-2026-02-08-at-14.11.35-1.jpeg 1280w\" sizes=\"auto, (max-width: 1024px) 100vw, 1024px\" \/><\/figure>\n\n\n\n<p>Il a rappel\u00e9 les fondements essentiels d\u2019un climat d\u2019investissement solide : politiques coh\u00e9rentes, bonne gouvernance, s\u00e9curit\u00e9, transparence et renforcement des capacit\u00e9s institutionnelles. \u00c0 ce titre, il a insist\u00e9 sur un principe fort : les v\u00e9ritables alli\u00e9s des investisseurs sont les lois, les r\u00e8glements et l\u2019administration du pays, garants de stabilit\u00e9 et de pr\u00e9visibilit\u00e9.<\/p>\n\n\n\n<p>SEM Louis Watum Kabamba a mis en avant le potentiel exceptionnel de la RDC, productrice de ressources min\u00e9rales de classe mondiale, essentielles \u00e0 la transition \u00e9nerg\u00e9tique mondiale. Il a \u00e9galement soulign\u00e9 la dynamique de coop\u00e9ration r\u00e9gionale, \u00e0 travers des projets structurants, illustrant l\u2019ambition partag\u00e9e de promouvoir l\u2019industrialisation r\u00e9gionale.<\/p>\n\n\n\n<figure class=\"wp-block-image size-large\"><img loading=\"lazy\" decoding=\"async\" width=\"1024\" height=\"683\" src=\"https:\/\/mines.gouv.cd\/fr\/wp-content\/uploads\/2026\/02\/WhatsApp-Image-2026-02-08-at-14.11.37-1024x683.jpeg\" alt=\"\" class=\"wp-image-3573\" srcset=\"https:\/\/mines.gouv.cd\/fr\/wp-content\/uploads\/2026\/02\/WhatsApp-Image-2026-02-08-at-14.11.37-1024x683.jpeg 1024w, https:\/\/mines.gouv.cd\/fr\/wp-content\/uploads\/2026\/02\/WhatsApp-Image-2026-02-08-at-14.11.37-300x200.jpeg 300w, https:\/\/mines.gouv.cd\/fr\/wp-content\/uploads\/2026\/02\/WhatsApp-Image-2026-02-08-at-14.11.37-768x512.jpeg 768w, https:\/\/mines.gouv.cd\/fr\/wp-content\/uploads\/2026\/02\/WhatsApp-Image-2026-02-08-at-14.11.37-696x464.jpeg 696w, https:\/\/mines.gouv.cd\/fr\/wp-content\/uploads\/2026\/02\/WhatsApp-Image-2026-02-08-at-14.11.37-1068x713.jpeg 1068w, https:\/\/mines.gouv.cd\/fr\/wp-content\/uploads\/2026\/02\/WhatsApp-Image-2026-02-08-at-14.11.37-630x420.jpeg 630w, https:\/\/mines.gouv.cd\/fr\/wp-content\/uploads\/2026\/02\/WhatsApp-Image-2026-02-08-at-14.11.37.jpeg 1280w\" sizes=\"auto, (max-width: 1024px) 100vw, 1024px\" \/><\/figure>\n\n\n\n<p>La RDC souhaite accro\u00eetre la transformation locale et la captation de valeur ajout\u00e9e, en attirant capitaux et technologies. Le pays entend ainsi renforcer son r\u00f4le dans la cha\u00eene de valeur mondiale des minerais, o\u00f9 l\u2019Afrique ne capte actuellement qu\u2019une faible part de la valeur cr\u00e9\u00e9e.<\/p>\n\n\n\n<p>Enfin, le Ministre a pr\u00e9sent\u00e9 le projet de fer de la Grande Orientale (MIFOR), qui viendra compl\u00e9ter le corridor de Lobito et connectera, le nord-est de l\u2019Afrique du Sud au port en eau profonde de Banana, reliant l\u2019oc\u00e9an Indien \u00e0 l\u2019oc\u00e9an Atlantique, et renfor\u00e7ant ainsi l\u2019int\u00e9gration r\u00e9gionale et la comp\u00e9titivit\u00e9 logistique du pays.<\/p>\n\n\n\n<figure class=\"wp-block-image size-large\"><img loading=\"lazy\" decoding=\"async\" width=\"1024\" height=\"683\" src=\"https:\/\/mines.gouv.cd\/fr\/wp-content\/uploads\/2026\/02\/WhatsApp-Image-2026-02-08-at-14.11.35-1-1024x683.jpeg\" alt=\"\" class=\"wp-image-3578\" srcset=\"https:\/\/mines.gouv.cd\/fr\/wp-content\/uploads\/2026\/02\/WhatsApp-Image-2026-02-08-at-14.11.35-1-1024x683.jpeg 1024w, https:\/\/mines.gouv.cd\/fr\/wp-content\/uploads\/2026\/02\/WhatsApp-Image-2026-02-08-at-14.11.35-1-300x200.jpeg 300w, https:\/\/mines.gouv.cd\/fr\/wp-content\/uploads\/2026\/02\/WhatsApp-Image-2026-02-08-at-14.11.35-1-768x512.jpeg 768w, https:\/\/mines.gouv.cd\/fr\/wp-content\/uploads\/2026\/02\/WhatsApp-Image-2026-02-08-at-14.11.35-1-696x464.jpeg 696w, https:\/\/mines.gouv.cd\/fr\/wp-content\/uploads\/2026\/02\/WhatsApp-Image-2026-02-08-at-14.11.35-1-1068x713.jpeg 1068w, https:\/\/mines.gouv.cd\/fr\/wp-content\/uploads\/2026\/02\/WhatsApp-Image-2026-02-08-at-14.11.35-1-630x420.jpeg 630w, https:\/\/mines.gouv.cd\/fr\/wp-content\/uploads\/2026\/02\/WhatsApp-Image-2026-02-08-at-14.11.35-1.jpeg 1280w\" sizes=\"auto, (max-width: 1024px) 100vw, 1024px\" \/><\/figure>\n\n\n\n<p>La RDC affirme ainsi sa volont\u00e9 de jouer un r\u00f4le central dans la transformation du secteur minier africain, fond\u00e9e sur des partenariats strat\u00e9giques, une gouvernance renforc\u00e9e et une valorisation accrue de ses ressources naturelles.<\/p>\n\n\n\n<figure class=\"wp-block-gallery has-nested-images columns-default is-cropped wp-block-gallery-1 is-layout-flex wp-block-gallery-is-layout-flex\">\n<figure class=\"wp-block-image size-large\"><img loading=\"lazy\" decoding=\"async\" width=\"1024\" height=\"683\" data-id=\"3574\" src=\"https:\/\/mines.gouv.cd\/fr\/wp-content\/uploads\/2026\/02\/WhatsApp-Image-2026-02-08-at-14.11.36-3-1024x683.jpeg\" alt=\"\" class=\"wp-image-3574\" srcset=\"https:\/\/mines.gouv.cd\/fr\/wp-content\/uploads\/2026\/02\/WhatsApp-Image-2026-02-08-at-14.11.36-3-1024x683.jpeg 1024w, https:\/\/mines.gouv.cd\/fr\/wp-content\/uploads\/2026\/02\/WhatsApp-Image-2026-02-08-at-14.11.36-3-300x200.jpeg 300w, https:\/\/mines.gouv.cd\/fr\/wp-content\/uploads\/2026\/02\/WhatsApp-Image-2026-02-08-at-14.11.36-3-768x512.jpeg 768w, https:\/\/mines.gouv.cd\/fr\/wp-content\/uploads\/2026\/02\/WhatsApp-Image-2026-02-08-at-14.11.36-3-696x464.jpeg 696w, https:\/\/mines.gouv.cd\/fr\/wp-content\/uploads\/2026\/02\/WhatsApp-Image-2026-02-08-at-14.11.36-3-1068x713.jpeg 1068w, https:\/\/mines.gouv.cd\/fr\/wp-content\/uploads\/2026\/02\/WhatsApp-Image-2026-02-08-at-14.11.36-3-630x420.jpeg 630w, https:\/\/mines.gouv.cd\/fr\/wp-content\/uploads\/2026\/02\/WhatsApp-Image-2026-02-08-at-14.11.36-3.jpeg 1280w\" sizes=\"auto, (max-width: 1024px) 100vw, 1024px\" \/><\/figure>\n<\/figure>\n","protected":false},"excerpt":{"rendered":"<p>Lors de cette session de haut niveau, aux c\u00f4t\u00e9s de ses homologues, de capitaines d\u2019industrie et de partenaires internationaux, le Ministre a pr\u00e9sent\u00e9 la RDC comme un partenaire fiable et strat\u00e9gique pour l\u2019investissement minier. Il est revenu sur la coop\u00e9ration avec les \u00c9tats-Unis et d\u2019autres partenaires internationaux, fond\u00e9e sur des projets concrets, transparents et mutuellement [&hellip;]<\/p>\n","protected":false},"author":1,"featured_media":3577,"comment_status":"closed","ping_status":"open","sticky":false,"template":"","format":"standard","meta":{"tdm_status":"","tdm_grid_status":"","footnotes":""},"categories":[89,85,80,86,81,83],"tags":[],"class_list":{"0":"post-3592","1":"post","2":"type-post","3":"status-publish","4":"format-standard","5":"has-post-thumbnail","7":"category-a-la-une","8":"category-actualite","9":"category-bonne-gouvernance","10":"category-cuivre-cobalt","11":"category-investissement","12":"category-transparence"},"amp_enabled":true,"_links":{"self":[{"href":"https:\/\/mines.gouv.cd\/fr\/wp-json\/wp\/v2\/posts\/3592","targetHints":{"allow":["GET"]}}],"collection":[{"href":"https:\/\/mines.gouv.cd\/fr\/wp-json\/wp\/v2\/posts"}],"about":[{"href":"https:\/\/mines.gouv.cd\/fr\/wp-json\/wp\/v2\/types\/post"}],"author":[{"embeddable":true,"href":"https:\/\/mines.gouv.cd\/fr\/wp-json\/wp\/v2\/users\/1"}],"replies":[{"embeddable":true,"href":"https:\/\/mines.gouv.cd\/fr\/wp-json\/wp\/v2\/comments?post=3592"}],"version-history":[{"count":1,"href":"https:\/\/mines.gouv.cd\/fr\/wp-json\/wp\/v2\/posts\/3592\/revisions"}],"predecessor-version":[{"id":3593,"href":"https:\/\/mines.gouv.cd\/fr\/wp-json\/wp\/v2\/posts\/3592\/revisions\/3593"}],"wp:featuredmedia":[{"embeddable":true,"href":"https:\/\/mines.gouv.cd\/fr\/wp-json\/wp\/v2\/media\/3577"}],"wp:attachment":[{"href":"https:\/\/mines.gouv.cd\/fr\/wp-json\/wp\/v2\/media?parent=3592"}],"wp:term":[{"taxonomy":"category","embeddable":true,"href":"https:\/\/mines.gouv.cd\/fr\/wp-json\/wp\/v2\/categories?post=3592"},{"taxonomy":"post_tag","embeddable":true,"href":"https:\/\/mines.gouv.cd\/fr\/wp-json\/wp\/v2\/tags?post=3592"}],"curies":[{"name":"wp","href":"https:\/\/api.w.org\/{rel}","templated":true}]}}