{"id":3564,"date":"2026-02-11T10:26:35","date_gmt":"2026-02-11T09:26:35","guid":{"rendered":"https:\/\/mines.gouv.cd\/fr\/?p=3564"},"modified":"2026-02-11T10:36:05","modified_gmt":"2026-02-11T09:36:05","slug":"premiere-reunion-du-comite-de-pilotage-conjoint-rdc-etats-unis-au-departement-detat-americain","status":"publish","type":"post","link":"https:\/\/mines.gouv.cd\/fr\/2026\/02\/11\/premiere-reunion-du-comite-de-pilotage-conjoint-rdc-etats-unis-au-departement-detat-americain\/","title":{"rendered":"Premi\u00e8re r\u00e9union du Comit\u00e9 de Pilotage Conjoint RDC\u2013\u00c9tats-Unis au D\u00e9partement d\u2019\u00c9tat Am\u00e9ricain."},"content":{"rendered":"<div id=\"fb-root\"><\/div>\n\n<p>Washington, D.C., le 5 f\u00e9vrier 2026<\/p>\n\n\n\n<p>La premi\u00e8re r\u00e9union du Comit\u00e9 de Pilotage Conjoint (Joint Steering Committee) entre la R\u00e9publique d\u00e9mocratique du Congo et les \u00c9tats-Unis d\u2019Am\u00e9rique s\u2019est tenue ce jour au D\u00e9partement d\u2019\u00c9tat am\u00e9ricain.<\/p>\n\n\n\n<p>Cette rencontre marque une \u00e9tape majeure dans la mise en \u0153uvre de l\u2019Accord de Partenariat Strat\u00e9gique conclu entre les deux pays, traduisant leur volont\u00e9 commune d\u2019approfondir la coop\u00e9ration \u00e9conomique et de promouvoir un d\u00e9veloppement durable et inclusif.<\/p>\n\n\n\n<p>D\u00e9l\u00e9gation de la R\u00e9publique D\u00e9mocratique du Congo<\/p>\n\n\n\n<figure class=\"wp-block-image size-large\"><img loading=\"lazy\" decoding=\"async\" width=\"1024\" height=\"768\" src=\"https:\/\/mines.gouv.cd\/fr\/wp-content\/uploads\/2026\/02\/WhatsApp-Image-2026-02-05-at-21.55.48-1024x768.jpeg\" alt=\"\" class=\"wp-image-3589\" srcset=\"https:\/\/mines.gouv.cd\/fr\/wp-content\/uploads\/2026\/02\/WhatsApp-Image-2026-02-05-at-21.55.48-1024x768.jpeg 1024w, https:\/\/mines.gouv.cd\/fr\/wp-content\/uploads\/2026\/02\/WhatsApp-Image-2026-02-05-at-21.55.48-300x225.jpeg 300w, https:\/\/mines.gouv.cd\/fr\/wp-content\/uploads\/2026\/02\/WhatsApp-Image-2026-02-05-at-21.55.48-768x576.jpeg 768w, https:\/\/mines.gouv.cd\/fr\/wp-content\/uploads\/2026\/02\/WhatsApp-Image-2026-02-05-at-21.55.48-696x522.jpeg 696w, https:\/\/mines.gouv.cd\/fr\/wp-content\/uploads\/2026\/02\/WhatsApp-Image-2026-02-05-at-21.55.48-1068x801.jpeg 1068w, https:\/\/mines.gouv.cd\/fr\/wp-content\/uploads\/2026\/02\/WhatsApp-Image-2026-02-05-at-21.55.48-560x420.jpeg 560w, https:\/\/mines.gouv.cd\/fr\/wp-content\/uploads\/2026\/02\/WhatsApp-Image-2026-02-05-at-21.55.48-80x60.jpeg 80w, https:\/\/mines.gouv.cd\/fr\/wp-content\/uploads\/2026\/02\/WhatsApp-Image-2026-02-05-at-21.55.48-265x198.jpeg 265w, https:\/\/mines.gouv.cd\/fr\/wp-content\/uploads\/2026\/02\/WhatsApp-Image-2026-02-05-at-21.55.48.jpeg 1080w\" sizes=\"auto, (max-width: 1024px) 100vw, 1024px\" \/><\/figure>\n\n\n\n<p>La d\u00e9l\u00e9gation congolaise \u00e9tait conduite par :<br>Son Excellence M. Daniel MUKOKO SAMBA, Vice-Premier Ministre, Ministre de l\u2019\u00c9conomie<br>Son Excellence M. Louis KABAMBA WATUM, Ministre des Mines<br>Son Excellence Mme No\u00eblla AYEGANAGATO, Vice-Ministre des Affaires \u00e9trang\u00e8res<br>M. Patrick LUABEYA, Repr\u00e9sentant du Chef de l\u2019\u00c9tat<br>M. Dieudonn\u00e9 NTUMBA KASONGA, Repr\u00e9sentant du Ministre des Finances<\/p>\n\n\n\n<p>D\u00e9l\u00e9gation des \u00c9tats-Unis d\u2019Am\u00e9rique<\/p>\n\n\n\n<p>La partie am\u00e9ricaine \u00e9tait repr\u00e9sent\u00e9e notamment par :<br>Nick Checker, haut responsable du Bureau des affaires africaines, D\u00e9partement d\u2019\u00c9tat<br>Caleb Orr, secr\u00e9taire adjoint, Bureau des affaires \u00e9conomiques, de l\u2019\u00e9nergie et du commerce, D\u00e9partement d\u2019\u00c9tat<br>Conor Coleman, responsable des investissements et chef de cabinet, U.S. International Development Finance Corporation (DFC)<br>Josh Kroon, secr\u00e9taire adjoint, Bureau des textiles, des biens de consommation, des mat\u00e9riaux, des min\u00e9raux critiques et des m\u00e9taux, D\u00e9partement du Commerce<br>Eric Meyer, secr\u00e9taire adjoint (Deputy Assistant Secretary) pour le Moyen-Orient et l\u2019Afrique, D\u00e9partement du Tr\u00e9sor<br>Chris Kulukundis, conseiller principal, Bureau des affaires africaines, D\u00e9partement d\u2019\u00c9tat<br>Principales avanc\u00e9es<br>Les travaux ont permis d\u2019examiner la liste des actifs strat\u00e9giques (Strategic Asset Reserve \u2013 SAR) soumise par la RDC, constituant une avanc\u00e9e d\u00e9terminante dans l\u2019op\u00e9rationnalisation du partenariat. Cette liste fera l\u2019objet d\u2019un rapport conjoint destin\u00e9 \u00e0 informer le secteur priv\u00e9 am\u00e9ricain des opportunit\u00e9s d\u2019investissement identifi\u00e9es.<\/p>\n\n\n\n<figure class=\"wp-block-image size-large\"><img loading=\"lazy\" decoding=\"async\" width=\"1024\" height=\"768\" src=\"https:\/\/mines.gouv.cd\/fr\/wp-content\/uploads\/2026\/02\/WhatsApp-Image-2026-02-05-at-21.55.49-2-1024x768.jpeg\" alt=\"\" class=\"wp-image-3585\" srcset=\"https:\/\/mines.gouv.cd\/fr\/wp-content\/uploads\/2026\/02\/WhatsApp-Image-2026-02-05-at-21.55.49-2-1024x768.jpeg 1024w, https:\/\/mines.gouv.cd\/fr\/wp-content\/uploads\/2026\/02\/WhatsApp-Image-2026-02-05-at-21.55.49-2-300x225.jpeg 300w, https:\/\/mines.gouv.cd\/fr\/wp-content\/uploads\/2026\/02\/WhatsApp-Image-2026-02-05-at-21.55.49-2-768x576.jpeg 768w, https:\/\/mines.gouv.cd\/fr\/wp-content\/uploads\/2026\/02\/WhatsApp-Image-2026-02-05-at-21.55.49-2-696x522.jpeg 696w, https:\/\/mines.gouv.cd\/fr\/wp-content\/uploads\/2026\/02\/WhatsApp-Image-2026-02-05-at-21.55.49-2-1068x801.jpeg 1068w, https:\/\/mines.gouv.cd\/fr\/wp-content\/uploads\/2026\/02\/WhatsApp-Image-2026-02-05-at-21.55.49-2-560x420.jpeg 560w, https:\/\/mines.gouv.cd\/fr\/wp-content\/uploads\/2026\/02\/WhatsApp-Image-2026-02-05-at-21.55.49-2-80x60.jpeg 80w, https:\/\/mines.gouv.cd\/fr\/wp-content\/uploads\/2026\/02\/WhatsApp-Image-2026-02-05-at-21.55.49-2-265x198.jpeg 265w, https:\/\/mines.gouv.cd\/fr\/wp-content\/uploads\/2026\/02\/WhatsApp-Image-2026-02-05-at-21.55.49-2.jpeg 1080w\" sizes=\"auto, (max-width: 1024px) 100vw, 1024px\" \/><\/figure>\n\n\n\n<p>Engagements communs<\/p>\n\n\n\n<p>Les deux parties ont r\u00e9affirm\u00e9 leur engagement \u00e0 :<br>soutenir les investissements priv\u00e9s structurants dans les secteurs des mines et de l\u2019\u00e9nergie en RDC ;<br>d\u00e9velopper les infrastructures critiques n\u00e9cessaires \u00e0 l\u2019accompagnement de ces investissements ;<br>promouvoir la diversification \u00e9conomique au-del\u00e0 de l\u2019extraction mini\u00e8re, notamment par la transformation locale et le raffinage ;<br>renforcer le d\u00e9veloppement des capacit\u00e9s nationales et le transfert de comp\u00e9tences.<br>Priorit\u00e9s op\u00e9rationnelles<br>Les projets appuy\u00e9s par la U.S. International Development Finance Corporation (DFC) ont \u00e9t\u00e9 retenus comme prioritaires par le groupe de travail conjoint. Par ailleurs, une assistance technique substantielle est pr\u00e9vue, avec le d\u00e9ploiement d\u2019\u00e9quipes am\u00e9ricaines dans la r\u00e9gion afin d\u2019identifier, en \u00e9troite coordination avec les autorit\u00e9s congolaises, les besoins d\u2019appui sp\u00e9cifiques.<\/p>\n\n\n\n<figure class=\"wp-block-image size-large\"><img loading=\"lazy\" decoding=\"async\" width=\"1024\" height=\"612\" src=\"https:\/\/mines.gouv.cd\/fr\/wp-content\/uploads\/2026\/02\/WhatsApp-Image-2026-02-05-at-21.55.49-1-1024x612.jpeg\" alt=\"\" class=\"wp-image-3586\" srcset=\"https:\/\/mines.gouv.cd\/fr\/wp-content\/uploads\/2026\/02\/WhatsApp-Image-2026-02-05-at-21.55.49-1-1024x612.jpeg 1024w, https:\/\/mines.gouv.cd\/fr\/wp-content\/uploads\/2026\/02\/WhatsApp-Image-2026-02-05-at-21.55.49-1-300x179.jpeg 300w, https:\/\/mines.gouv.cd\/fr\/wp-content\/uploads\/2026\/02\/WhatsApp-Image-2026-02-05-at-21.55.49-1-768x459.jpeg 768w, https:\/\/mines.gouv.cd\/fr\/wp-content\/uploads\/2026\/02\/WhatsApp-Image-2026-02-05-at-21.55.49-1-696x416.jpeg 696w, https:\/\/mines.gouv.cd\/fr\/wp-content\/uploads\/2026\/02\/WhatsApp-Image-2026-02-05-at-21.55.49-1-1068x638.jpeg 1068w, https:\/\/mines.gouv.cd\/fr\/wp-content\/uploads\/2026\/02\/WhatsApp-Image-2026-02-05-at-21.55.49-1-703x420.jpeg 703w, https:\/\/mines.gouv.cd\/fr\/wp-content\/uploads\/2026\/02\/WhatsApp-Image-2026-02-05-at-21.55.49-1.jpeg 1080w\" sizes=\"auto, (max-width: 1024px) 100vw, 1024px\" \/><\/figure>\n\n\n\n<p>Vision partag\u00e9e<\/p>\n\n\n\n<p>Le partenariat strat\u00e9gique RDC\u2013\u00c9tats-Unis ambitionne de transformer les ressources naturelles de la RDC en moteurs de croissance \u00e9conomique durable, de cr\u00e9er des emplois qualifi\u00e9s pour la jeunesse congolaise et de moderniser le tissu \u00e9conomique national, dans un esprit de b\u00e9n\u00e9fices mutuels et de stabilit\u00e9 r\u00e9gionale.<br>\u00c0 cet \u00e9gard, l\u2019investissement dans le corridor de Lobito figure parmi les priorit\u00e9s de premier plan.<br>Un comit\u00e9 de suivi conjoint a \u00e9t\u00e9 institu\u00e9 et entamera imm\u00e9diatement ses travaux en vue de l\u2019ex\u00e9cution effective des priorit\u00e9s arr\u00eat\u00e9es.<\/p>\n\n\n\n<figure class=\"wp-block-image size-large\"><img loading=\"lazy\" decoding=\"async\" width=\"1024\" height=\"768\" src=\"https:\/\/mines.gouv.cd\/fr\/wp-content\/uploads\/2026\/02\/WhatsApp-Image-2026-02-05-at-21.55.51-1024x768.jpeg\" alt=\"\" class=\"wp-image-3580\" srcset=\"https:\/\/mines.gouv.cd\/fr\/wp-content\/uploads\/2026\/02\/WhatsApp-Image-2026-02-05-at-21.55.51-1024x768.jpeg 1024w, https:\/\/mines.gouv.cd\/fr\/wp-content\/uploads\/2026\/02\/WhatsApp-Image-2026-02-05-at-21.55.51-300x225.jpeg 300w, https:\/\/mines.gouv.cd\/fr\/wp-content\/uploads\/2026\/02\/WhatsApp-Image-2026-02-05-at-21.55.51-768x576.jpeg 768w, https:\/\/mines.gouv.cd\/fr\/wp-content\/uploads\/2026\/02\/WhatsApp-Image-2026-02-05-at-21.55.51-696x522.jpeg 696w, https:\/\/mines.gouv.cd\/fr\/wp-content\/uploads\/2026\/02\/WhatsApp-Image-2026-02-05-at-21.55.51-1068x801.jpeg 1068w, https:\/\/mines.gouv.cd\/fr\/wp-content\/uploads\/2026\/02\/WhatsApp-Image-2026-02-05-at-21.55.51-560x420.jpeg 560w, https:\/\/mines.gouv.cd\/fr\/wp-content\/uploads\/2026\/02\/WhatsApp-Image-2026-02-05-at-21.55.51-80x60.jpeg 80w, https:\/\/mines.gouv.cd\/fr\/wp-content\/uploads\/2026\/02\/WhatsApp-Image-2026-02-05-at-21.55.51-265x198.jpeg 265w, https:\/\/mines.gouv.cd\/fr\/wp-content\/uploads\/2026\/02\/WhatsApp-Image-2026-02-05-at-21.55.51.jpeg 1080w\" sizes=\"auto, (max-width: 1024px) 100vw, 1024px\" \/><\/figure>\n","protected":false},"excerpt":{"rendered":"<p>Washington, D.C., le 5 f\u00e9vrier 2026 La premi\u00e8re r\u00e9union du Comit\u00e9 de Pilotage Conjoint (Joint Steering Committee) entre la R\u00e9publique d\u00e9mocratique du Congo et les \u00c9tats-Unis d\u2019Am\u00e9rique s\u2019est tenue ce jour au D\u00e9partement d\u2019\u00c9tat am\u00e9ricain. Cette rencontre marque une \u00e9tape majeure dans la mise en \u0153uvre de l\u2019Accord de Partenariat Strat\u00e9gique conclu entre les deux [&hellip;]<\/p>\n","protected":false},"author":1,"featured_media":3590,"comment_status":"closed","ping_status":"open","sticky":false,"template":"","format":"standard","meta":{"tdm_status":"","tdm_grid_status":"","footnotes":""},"categories":[89,85,81,1,83,84],"tags":[],"class_list":{"0":"post-3564","1":"post","2":"type-post","3":"status-publish","4":"format-standard","5":"has-post-thumbnail","7":"category-a-la-une","8":"category-actualite","9":"category-investissement","10":"category-non-classe","11":"category-transparence","12":"category-vulgarisation"},"amp_enabled":true,"_links":{"self":[{"href":"https:\/\/mines.gouv.cd\/fr\/wp-json\/wp\/v2\/posts\/3564","targetHints":{"allow":["GET"]}}],"collection":[{"href":"https:\/\/mines.gouv.cd\/fr\/wp-json\/wp\/v2\/posts"}],"about":[{"href":"https:\/\/mines.gouv.cd\/fr\/wp-json\/wp\/v2\/types\/post"}],"author":[{"embeddable":true,"href":"https:\/\/mines.gouv.cd\/fr\/wp-json\/wp\/v2\/users\/1"}],"replies":[{"embeddable":true,"href":"https:\/\/mines.gouv.cd\/fr\/wp-json\/wp\/v2\/comments?post=3564"}],"version-history":[{"count":1,"href":"https:\/\/mines.gouv.cd\/fr\/wp-json\/wp\/v2\/posts\/3564\/revisions"}],"predecessor-version":[{"id":3591,"href":"https:\/\/mines.gouv.cd\/fr\/wp-json\/wp\/v2\/posts\/3564\/revisions\/3591"}],"wp:featuredmedia":[{"embeddable":true,"href":"https:\/\/mines.gouv.cd\/fr\/wp-json\/wp\/v2\/media\/3590"}],"wp:attachment":[{"href":"https:\/\/mines.gouv.cd\/fr\/wp-json\/wp\/v2\/media?parent=3564"}],"wp:term":[{"taxonomy":"category","embeddable":true,"href":"https:\/\/mines.gouv.cd\/fr\/wp-json\/wp\/v2\/categories?post=3564"},{"taxonomy":"post_tag","embeddable":true,"href":"https:\/\/mines.gouv.cd\/fr\/wp-json\/wp\/v2\/tags?post=3564"}],"curies":[{"name":"wp","href":"https:\/\/api.w.org\/{rel}","templated":true}]}}