{"id":3550,"date":"2026-01-31T10:19:51","date_gmt":"2026-01-31T09:19:51","guid":{"rendered":"https:\/\/mines.gouv.cd\/fr\/?p=3550"},"modified":"2026-01-31T10:19:54","modified_gmt":"2026-01-31T09:19:54","slug":"la-signature-officielle-du-contrat-avec-la-societe-xcalibur-multiphysics-group-sl-portant-sur-la-cartographie-geophysique-aeroportee-et-geologique-du-territoire-national","status":"publish","type":"post","link":"https:\/\/mines.gouv.cd\/fr\/2026\/01\/31\/la-signature-officielle-du-contrat-avec-la-societe-xcalibur-multiphysics-group-sl-portant-sur-la-cartographie-geophysique-aeroportee-et-geologique-du-territoire-national\/","title":{"rendered":"La signature officielle du contrat avec la soci\u00e9t\u00e9 Xcalibur Multiphysics Group SL, portant sur la cartographie g\u00e9ophysique a\u00e9roport\u00e9e et g\u00e9ologique du territoire national."},"content":{"rendered":"<div id=\"fb-root\"><\/div>\n\n<p>Le Gouvernement de la R\u00e9publique d\u00e9mocratique du Congo, repr\u00e9sent\u00e9 par Son Excellence Monsieur le Ministre des Mines, Louis Watum Kabamba, a proc\u00e9d\u00e9 \u00e0 la signature officielle du contrat avec la soci\u00e9t\u00e9 Xcalibur Multiphysics Group SL, portant sur la cartographie g\u00e9ophysique a\u00e9roport\u00e9e et g\u00e9ologique du territoire national.<\/p>\n\n\n\n<figure class=\"wp-block-image size-large\"><img loading=\"lazy\" decoding=\"async\" width=\"1024\" height=\"683\" src=\"https:\/\/mines.gouv.cd\/fr\/wp-content\/uploads\/2026\/01\/WhatsApp-Image-2026-01-29-at-14.35.54-3-1024x683.jpeg\" alt=\"\" class=\"wp-image-3519\" srcset=\"https:\/\/mines.gouv.cd\/fr\/wp-content\/uploads\/2026\/01\/WhatsApp-Image-2026-01-29-at-14.35.54-3-1024x683.jpeg 1024w, https:\/\/mines.gouv.cd\/fr\/wp-content\/uploads\/2026\/01\/WhatsApp-Image-2026-01-29-at-14.35.54-3-300x200.jpeg 300w, https:\/\/mines.gouv.cd\/fr\/wp-content\/uploads\/2026\/01\/WhatsApp-Image-2026-01-29-at-14.35.54-3-768x512.jpeg 768w, https:\/\/mines.gouv.cd\/fr\/wp-content\/uploads\/2026\/01\/WhatsApp-Image-2026-01-29-at-14.35.54-3-1536x1024.jpeg 1536w, https:\/\/mines.gouv.cd\/fr\/wp-content\/uploads\/2026\/01\/WhatsApp-Image-2026-01-29-at-14.35.54-3-2048x1366.jpeg 2048w, https:\/\/mines.gouv.cd\/fr\/wp-content\/uploads\/2026\/01\/WhatsApp-Image-2026-01-29-at-14.35.54-3-696x464.jpeg 696w, https:\/\/mines.gouv.cd\/fr\/wp-content\/uploads\/2026\/01\/WhatsApp-Image-2026-01-29-at-14.35.54-3-1068x712.jpeg 1068w, https:\/\/mines.gouv.cd\/fr\/wp-content\/uploads\/2026\/01\/WhatsApp-Image-2026-01-29-at-14.35.54-3-1920x1280.jpeg 1920w, https:\/\/mines.gouv.cd\/fr\/wp-content\/uploads\/2026\/01\/WhatsApp-Image-2026-01-29-at-14.35.54-3-630x420.jpeg 630w\" sizes=\"auto, (max-width: 1024px) 100vw, 1024px\" \/><\/figure>\n\n\n\n<p>Cette initiative strat\u00e9gique marque une \u00e9tape majeure dans la modernisation du secteur minier congolais. Elle vise \u00e0 doter le pays d\u2019une couverture g\u00e9ophysique et g\u00e9ologique moderne, reposant sur des lev\u00e9s a\u00e9roport\u00e9s \u00e0 haute r\u00e9solution, int\u00e9grant notamment des donn\u00e9es magn\u00e9tiques, radiom\u00e9triques et de t\u00e9l\u00e9d\u00e9tection, coupl\u00e9es \u00e0 une interpr\u00e9tation g\u00e9ologique et g\u00e9ochimique avanc\u00e9e.<\/p>\n\n\n\n<p>\u00c0 travers ce contrat, la RDC renforce ses capacit\u00e9s en mati\u00e8re de connaissance du sous-sol, d\u2019identification des ressources et des r\u00e9serves, tout en am\u00e9liorant l\u2019attractivit\u00e9 du pays pour les investissements miniers responsables.<\/p>\n\n\n\n<figure class=\"wp-block-image size-large\"><img loading=\"lazy\" decoding=\"async\" width=\"1024\" height=\"683\" src=\"https:\/\/mines.gouv.cd\/fr\/wp-content\/uploads\/2026\/01\/WhatsApp-Image-2026-01-29-at-14.35.52-1024x683.jpeg\" alt=\"\" class=\"wp-image-3531\" srcset=\"https:\/\/mines.gouv.cd\/fr\/wp-content\/uploads\/2026\/01\/WhatsApp-Image-2026-01-29-at-14.35.52-1024x683.jpeg 1024w, https:\/\/mines.gouv.cd\/fr\/wp-content\/uploads\/2026\/01\/WhatsApp-Image-2026-01-29-at-14.35.52-300x200.jpeg 300w, https:\/\/mines.gouv.cd\/fr\/wp-content\/uploads\/2026\/01\/WhatsApp-Image-2026-01-29-at-14.35.52-768x512.jpeg 768w, https:\/\/mines.gouv.cd\/fr\/wp-content\/uploads\/2026\/01\/WhatsApp-Image-2026-01-29-at-14.35.52-1536x1024.jpeg 1536w, https:\/\/mines.gouv.cd\/fr\/wp-content\/uploads\/2026\/01\/WhatsApp-Image-2026-01-29-at-14.35.52-2048x1365.jpeg 2048w, https:\/\/mines.gouv.cd\/fr\/wp-content\/uploads\/2026\/01\/WhatsApp-Image-2026-01-29-at-14.35.52-696x464.jpeg 696w, https:\/\/mines.gouv.cd\/fr\/wp-content\/uploads\/2026\/01\/WhatsApp-Image-2026-01-29-at-14.35.52-1068x712.jpeg 1068w, https:\/\/mines.gouv.cd\/fr\/wp-content\/uploads\/2026\/01\/WhatsApp-Image-2026-01-29-at-14.35.52-1920x1280.jpeg 1920w, https:\/\/mines.gouv.cd\/fr\/wp-content\/uploads\/2026\/01\/WhatsApp-Image-2026-01-29-at-14.35.52-630x420.jpeg 630w\" sizes=\"auto, (max-width: 1024px) 100vw, 1024px\" \/><\/figure>\n\n\n\n<p>La R\u00e9publique d\u00e9mocratique du Congo se dote ainsi d\u2019un outil structurant d\u2019aide \u00e0 la d\u00e9cision, indispensable pour la d\u00e9couverte de nouveaux gisements, la certification des ressources et des r\u00e9serves, ainsi que le renforcement de la position de l\u2019\u00c9tat dans les n\u00e9gociations mini\u00e8res.<\/p>\n\n\n\n<figure class=\"wp-block-image size-large\"><img loading=\"lazy\" decoding=\"async\" width=\"1024\" height=\"683\" src=\"https:\/\/mines.gouv.cd\/fr\/wp-content\/uploads\/2026\/01\/WhatsApp-Image-2026-01-29-at-14.35.53-1-1024x683.jpeg\" alt=\"\" class=\"wp-image-3525\" srcset=\"https:\/\/mines.gouv.cd\/fr\/wp-content\/uploads\/2026\/01\/WhatsApp-Image-2026-01-29-at-14.35.53-1-1024x683.jpeg 1024w, https:\/\/mines.gouv.cd\/fr\/wp-content\/uploads\/2026\/01\/WhatsApp-Image-2026-01-29-at-14.35.53-1-300x200.jpeg 300w, https:\/\/mines.gouv.cd\/fr\/wp-content\/uploads\/2026\/01\/WhatsApp-Image-2026-01-29-at-14.35.53-1-768x512.jpeg 768w, https:\/\/mines.gouv.cd\/fr\/wp-content\/uploads\/2026\/01\/WhatsApp-Image-2026-01-29-at-14.35.53-1-1536x1024.jpeg 1536w, https:\/\/mines.gouv.cd\/fr\/wp-content\/uploads\/2026\/01\/WhatsApp-Image-2026-01-29-at-14.35.53-1-2048x1365.jpeg 2048w, https:\/\/mines.gouv.cd\/fr\/wp-content\/uploads\/2026\/01\/WhatsApp-Image-2026-01-29-at-14.35.53-1-696x464.jpeg 696w, https:\/\/mines.gouv.cd\/fr\/wp-content\/uploads\/2026\/01\/WhatsApp-Image-2026-01-29-at-14.35.53-1-1068x712.jpeg 1068w, https:\/\/mines.gouv.cd\/fr\/wp-content\/uploads\/2026\/01\/WhatsApp-Image-2026-01-29-at-14.35.53-1-1920x1280.jpeg 1920w, https:\/\/mines.gouv.cd\/fr\/wp-content\/uploads\/2026\/01\/WhatsApp-Image-2026-01-29-at-14.35.53-1-630x420.jpeg 630w\" sizes=\"auto, (max-width: 1024px) 100vw, 1024px\" \/><\/figure>\n\n\n\n<p>Le Service g\u00e9ologique national du Congo (SGN-C) assurera la coordination scientifique et technique du projet, garantissant la centralisation des donn\u00e9es g\u00e9oscientifiques et leur exploitation strat\u00e9gique au b\u00e9n\u00e9fice exclusif de l\u2019\u00c9tat congolais.<\/p>\n\n\n\n<figure class=\"wp-block-image size-large\"><img loading=\"lazy\" decoding=\"async\" width=\"1024\" height=\"683\" src=\"https:\/\/mines.gouv.cd\/fr\/wp-content\/uploads\/2026\/01\/WhatsApp-Image-2026-01-29-at-14.35.52-4-1024x683.jpeg\" alt=\"\" class=\"wp-image-3527\" srcset=\"https:\/\/mines.gouv.cd\/fr\/wp-content\/uploads\/2026\/01\/WhatsApp-Image-2026-01-29-at-14.35.52-4-1024x683.jpeg 1024w, https:\/\/mines.gouv.cd\/fr\/wp-content\/uploads\/2026\/01\/WhatsApp-Image-2026-01-29-at-14.35.52-4-300x200.jpeg 300w, https:\/\/mines.gouv.cd\/fr\/wp-content\/uploads\/2026\/01\/WhatsApp-Image-2026-01-29-at-14.35.52-4-768x512.jpeg 768w, https:\/\/mines.gouv.cd\/fr\/wp-content\/uploads\/2026\/01\/WhatsApp-Image-2026-01-29-at-14.35.52-4-1536x1024.jpeg 1536w, https:\/\/mines.gouv.cd\/fr\/wp-content\/uploads\/2026\/01\/WhatsApp-Image-2026-01-29-at-14.35.52-4-2048x1365.jpeg 2048w, https:\/\/mines.gouv.cd\/fr\/wp-content\/uploads\/2026\/01\/WhatsApp-Image-2026-01-29-at-14.35.52-4-696x464.jpeg 696w, https:\/\/mines.gouv.cd\/fr\/wp-content\/uploads\/2026\/01\/WhatsApp-Image-2026-01-29-at-14.35.52-4-1068x712.jpeg 1068w, https:\/\/mines.gouv.cd\/fr\/wp-content\/uploads\/2026\/01\/WhatsApp-Image-2026-01-29-at-14.35.52-4-1920x1280.jpeg 1920w, https:\/\/mines.gouv.cd\/fr\/wp-content\/uploads\/2026\/01\/WhatsApp-Image-2026-01-29-at-14.35.52-4-630x420.jpeg 630w\" sizes=\"auto, (max-width: 1024px) 100vw, 1024px\" \/><\/figure>\n\n\n\n<p>Ce projet s\u2019inscrit pleinement dans la vision de Son Excellence Monsieur le Pr\u00e9sident de la R\u00e9publique, F\u00e9lix Tshisekedi Tshilombo, et dans le Programme d\u2019action du Gouvernement, sous la supervision de Son Excellence Madame la Premi\u00e8re Ministre, Judith Suminwa Tuluka. Il r\u00e9pond \u00e9galement aux exigences actuelles li\u00e9es \u00e0 la transition \u00e9nerg\u00e9tique et num\u00e9rique, notamment pour l\u2019identification des min\u00e9raux critiques et strat\u00e9giques.<\/p>\n\n\n\n<p>Le Gouvernement r\u00e9affirme ainsi sa volont\u00e9 de faire du secteur minier un levier cl\u00e9 de croissance \u00e9conomique durable et de souverainet\u00e9 nationale.<\/p>\n\n\n\n<figure class=\"wp-block-gallery has-nested-images columns-default is-cropped wp-block-gallery-1 is-layout-flex wp-block-gallery-is-layout-flex\">\n<figure class=\"wp-block-image size-large\"><img loading=\"lazy\" decoding=\"async\" width=\"1024\" height=\"683\" data-id=\"3516\" src=\"https:\/\/mines.gouv.cd\/fr\/wp-content\/uploads\/2026\/01\/WhatsApp-Image-2026-01-29-at-14.35.55-2-1024x683.jpeg\" alt=\"\" class=\"wp-image-3516\" srcset=\"https:\/\/mines.gouv.cd\/fr\/wp-content\/uploads\/2026\/01\/WhatsApp-Image-2026-01-29-at-14.35.55-2-1024x683.jpeg 1024w, https:\/\/mines.gouv.cd\/fr\/wp-content\/uploads\/2026\/01\/WhatsApp-Image-2026-01-29-at-14.35.55-2-300x200.jpeg 300w, https:\/\/mines.gouv.cd\/fr\/wp-content\/uploads\/2026\/01\/WhatsApp-Image-2026-01-29-at-14.35.55-2-768x512.jpeg 768w, https:\/\/mines.gouv.cd\/fr\/wp-content\/uploads\/2026\/01\/WhatsApp-Image-2026-01-29-at-14.35.55-2-1536x1024.jpeg 1536w, https:\/\/mines.gouv.cd\/fr\/wp-content\/uploads\/2026\/01\/WhatsApp-Image-2026-01-29-at-14.35.55-2-2048x1365.jpeg 2048w, https:\/\/mines.gouv.cd\/fr\/wp-content\/uploads\/2026\/01\/WhatsApp-Image-2026-01-29-at-14.35.55-2-696x464.jpeg 696w, https:\/\/mines.gouv.cd\/fr\/wp-content\/uploads\/2026\/01\/WhatsApp-Image-2026-01-29-at-14.35.55-2-1068x712.jpeg 1068w, https:\/\/mines.gouv.cd\/fr\/wp-content\/uploads\/2026\/01\/WhatsApp-Image-2026-01-29-at-14.35.55-2-1920x1280.jpeg 1920w, https:\/\/mines.gouv.cd\/fr\/wp-content\/uploads\/2026\/01\/WhatsApp-Image-2026-01-29-at-14.35.55-2-630x420.jpeg 630w\" sizes=\"auto, (max-width: 1024px) 100vw, 1024px\" \/><\/figure>\n\n\n\n<figure class=\"wp-block-image size-large\"><img loading=\"lazy\" decoding=\"async\" width=\"1024\" height=\"683\" data-id=\"3522\" src=\"https:\/\/mines.gouv.cd\/fr\/wp-content\/uploads\/2026\/01\/WhatsApp-Image-2026-01-29-at-14.35.54-1024x683.jpeg\" alt=\"\" class=\"wp-image-3522\" srcset=\"https:\/\/mines.gouv.cd\/fr\/wp-content\/uploads\/2026\/01\/WhatsApp-Image-2026-01-29-at-14.35.54-1024x683.jpeg 1024w, https:\/\/mines.gouv.cd\/fr\/wp-content\/uploads\/2026\/01\/WhatsApp-Image-2026-01-29-at-14.35.54-300x200.jpeg 300w, https:\/\/mines.gouv.cd\/fr\/wp-content\/uploads\/2026\/01\/WhatsApp-Image-2026-01-29-at-14.35.54-768x512.jpeg 768w, https:\/\/mines.gouv.cd\/fr\/wp-content\/uploads\/2026\/01\/WhatsApp-Image-2026-01-29-at-14.35.54-1536x1024.jpeg 1536w, https:\/\/mines.gouv.cd\/fr\/wp-content\/uploads\/2026\/01\/WhatsApp-Image-2026-01-29-at-14.35.54-2048x1365.jpeg 2048w, https:\/\/mines.gouv.cd\/fr\/wp-content\/uploads\/2026\/01\/WhatsApp-Image-2026-01-29-at-14.35.54-696x464.jpeg 696w, https:\/\/mines.gouv.cd\/fr\/wp-content\/uploads\/2026\/01\/WhatsApp-Image-2026-01-29-at-14.35.54-1068x712.jpeg 1068w, https:\/\/mines.gouv.cd\/fr\/wp-content\/uploads\/2026\/01\/WhatsApp-Image-2026-01-29-at-14.35.54-1920x1280.jpeg 1920w, https:\/\/mines.gouv.cd\/fr\/wp-content\/uploads\/2026\/01\/WhatsApp-Image-2026-01-29-at-14.35.54-630x420.jpeg 630w\" sizes=\"auto, (max-width: 1024px) 100vw, 1024px\" \/><\/figure>\n\n\n\n<figure class=\"wp-block-image size-large\"><img loading=\"lazy\" decoding=\"async\" width=\"1024\" height=\"683\" data-id=\"3518\" src=\"https:\/\/mines.gouv.cd\/fr\/wp-content\/uploads\/2026\/01\/WhatsApp-Image-2026-01-29-at-14.35.55-1024x683.jpeg\" alt=\"\" class=\"wp-image-3518\" srcset=\"https:\/\/mines.gouv.cd\/fr\/wp-content\/uploads\/2026\/01\/WhatsApp-Image-2026-01-29-at-14.35.55-1024x683.jpeg 1024w, https:\/\/mines.gouv.cd\/fr\/wp-content\/uploads\/2026\/01\/WhatsApp-Image-2026-01-29-at-14.35.55-300x200.jpeg 300w, https:\/\/mines.gouv.cd\/fr\/wp-content\/uploads\/2026\/01\/WhatsApp-Image-2026-01-29-at-14.35.55-768x512.jpeg 768w, https:\/\/mines.gouv.cd\/fr\/wp-content\/uploads\/2026\/01\/WhatsApp-Image-2026-01-29-at-14.35.55-1536x1024.jpeg 1536w, https:\/\/mines.gouv.cd\/fr\/wp-content\/uploads\/2026\/01\/WhatsApp-Image-2026-01-29-at-14.35.55-2048x1365.jpeg 2048w, https:\/\/mines.gouv.cd\/fr\/wp-content\/uploads\/2026\/01\/WhatsApp-Image-2026-01-29-at-14.35.55-696x464.jpeg 696w, https:\/\/mines.gouv.cd\/fr\/wp-content\/uploads\/2026\/01\/WhatsApp-Image-2026-01-29-at-14.35.55-1068x712.jpeg 1068w, https:\/\/mines.gouv.cd\/fr\/wp-content\/uploads\/2026\/01\/WhatsApp-Image-2026-01-29-at-14.35.55-1920x1280.jpeg 1920w, https:\/\/mines.gouv.cd\/fr\/wp-content\/uploads\/2026\/01\/WhatsApp-Image-2026-01-29-at-14.35.55-630x420.jpeg 630w\" sizes=\"auto, (max-width: 1024px) 100vw, 1024px\" \/><\/figure>\n\n\n\n<figure class=\"wp-block-image size-large\"><img loading=\"lazy\" decoding=\"async\" width=\"1024\" height=\"683\" data-id=\"3517\" src=\"https:\/\/mines.gouv.cd\/fr\/wp-content\/uploads\/2026\/01\/WhatsApp-Image-2026-01-29-at-14.35.55-1-1024x683.jpeg\" alt=\"\" class=\"wp-image-3517\" srcset=\"https:\/\/mines.gouv.cd\/fr\/wp-content\/uploads\/2026\/01\/WhatsApp-Image-2026-01-29-at-14.35.55-1-1024x683.jpeg 1024w, https:\/\/mines.gouv.cd\/fr\/wp-content\/uploads\/2026\/01\/WhatsApp-Image-2026-01-29-at-14.35.55-1-300x200.jpeg 300w, https:\/\/mines.gouv.cd\/fr\/wp-content\/uploads\/2026\/01\/WhatsApp-Image-2026-01-29-at-14.35.55-1-768x512.jpeg 768w, https:\/\/mines.gouv.cd\/fr\/wp-content\/uploads\/2026\/01\/WhatsApp-Image-2026-01-29-at-14.35.55-1-1536x1024.jpeg 1536w, https:\/\/mines.gouv.cd\/fr\/wp-content\/uploads\/2026\/01\/WhatsApp-Image-2026-01-29-at-14.35.55-1-2048x1365.jpeg 2048w, https:\/\/mines.gouv.cd\/fr\/wp-content\/uploads\/2026\/01\/WhatsApp-Image-2026-01-29-at-14.35.55-1-696x464.jpeg 696w, https:\/\/mines.gouv.cd\/fr\/wp-content\/uploads\/2026\/01\/WhatsApp-Image-2026-01-29-at-14.35.55-1-1068x712.jpeg 1068w, https:\/\/mines.gouv.cd\/fr\/wp-content\/uploads\/2026\/01\/WhatsApp-Image-2026-01-29-at-14.35.55-1-1920x1280.jpeg 1920w, https:\/\/mines.gouv.cd\/fr\/wp-content\/uploads\/2026\/01\/WhatsApp-Image-2026-01-29-at-14.35.55-1-630x420.jpeg 630w\" sizes=\"auto, (max-width: 1024px) 100vw, 1024px\" \/><\/figure>\n\n\n\n<figure class=\"wp-block-image size-large\"><img loading=\"lazy\" decoding=\"async\" width=\"1024\" height=\"683\" data-id=\"3519\" src=\"https:\/\/mines.gouv.cd\/fr\/wp-content\/uploads\/2026\/01\/WhatsApp-Image-2026-01-29-at-14.35.54-3-1024x683.jpeg\" alt=\"\" class=\"wp-image-3519\" srcset=\"https:\/\/mines.gouv.cd\/fr\/wp-content\/uploads\/2026\/01\/WhatsApp-Image-2026-01-29-at-14.35.54-3-1024x683.jpeg 1024w, https:\/\/mines.gouv.cd\/fr\/wp-content\/uploads\/2026\/01\/WhatsApp-Image-2026-01-29-at-14.35.54-3-300x200.jpeg 300w, https:\/\/mines.gouv.cd\/fr\/wp-content\/uploads\/2026\/01\/WhatsApp-Image-2026-01-29-at-14.35.54-3-768x512.jpeg 768w, https:\/\/mines.gouv.cd\/fr\/wp-content\/uploads\/2026\/01\/WhatsApp-Image-2026-01-29-at-14.35.54-3-1536x1024.jpeg 1536w, https:\/\/mines.gouv.cd\/fr\/wp-content\/uploads\/2026\/01\/WhatsApp-Image-2026-01-29-at-14.35.54-3-2048x1366.jpeg 2048w, https:\/\/mines.gouv.cd\/fr\/wp-content\/uploads\/2026\/01\/WhatsApp-Image-2026-01-29-at-14.35.54-3-696x464.jpeg 696w, https:\/\/mines.gouv.cd\/fr\/wp-content\/uploads\/2026\/01\/WhatsApp-Image-2026-01-29-at-14.35.54-3-1068x712.jpeg 1068w, https:\/\/mines.gouv.cd\/fr\/wp-content\/uploads\/2026\/01\/WhatsApp-Image-2026-01-29-at-14.35.54-3-1920x1280.jpeg 1920w, https:\/\/mines.gouv.cd\/fr\/wp-content\/uploads\/2026\/01\/WhatsApp-Image-2026-01-29-at-14.35.54-3-630x420.jpeg 630w\" sizes=\"auto, (max-width: 1024px) 100vw, 1024px\" \/><\/figure>\n\n\n\n<figure class=\"wp-block-image size-large\"><img loading=\"lazy\" decoding=\"async\" width=\"1024\" height=\"683\" data-id=\"3520\" src=\"https:\/\/mines.gouv.cd\/fr\/wp-content\/uploads\/2026\/01\/WhatsApp-Image-2026-01-29-at-14.35.54-2-1024x683.jpeg\" alt=\"\" class=\"wp-image-3520\" srcset=\"https:\/\/mines.gouv.cd\/fr\/wp-content\/uploads\/2026\/01\/WhatsApp-Image-2026-01-29-at-14.35.54-2-1024x683.jpeg 1024w, https:\/\/mines.gouv.cd\/fr\/wp-content\/uploads\/2026\/01\/WhatsApp-Image-2026-01-29-at-14.35.54-2-300x200.jpeg 300w, https:\/\/mines.gouv.cd\/fr\/wp-content\/uploads\/2026\/01\/WhatsApp-Image-2026-01-29-at-14.35.54-2-768x512.jpeg 768w, https:\/\/mines.gouv.cd\/fr\/wp-content\/uploads\/2026\/01\/WhatsApp-Image-2026-01-29-at-14.35.54-2-1536x1024.jpeg 1536w, https:\/\/mines.gouv.cd\/fr\/wp-content\/uploads\/2026\/01\/WhatsApp-Image-2026-01-29-at-14.35.54-2-2048x1366.jpeg 2048w, https:\/\/mines.gouv.cd\/fr\/wp-content\/uploads\/2026\/01\/WhatsApp-Image-2026-01-29-at-14.35.54-2-696x464.jpeg 696w, https:\/\/mines.gouv.cd\/fr\/wp-content\/uploads\/2026\/01\/WhatsApp-Image-2026-01-29-at-14.35.54-2-1068x712.jpeg 1068w, https:\/\/mines.gouv.cd\/fr\/wp-content\/uploads\/2026\/01\/WhatsApp-Image-2026-01-29-at-14.35.54-2-1920x1280.jpeg 1920w, https:\/\/mines.gouv.cd\/fr\/wp-content\/uploads\/2026\/01\/WhatsApp-Image-2026-01-29-at-14.35.54-2-630x420.jpeg 630w\" sizes=\"auto, (max-width: 1024px) 100vw, 1024px\" \/><\/figure>\n<\/figure>\n","protected":false},"excerpt":{"rendered":"<p>Le Gouvernement de la R\u00e9publique d\u00e9mocratique du Congo, repr\u00e9sent\u00e9 par Son Excellence Monsieur le Ministre des Mines, Louis Watum Kabamba, a proc\u00e9d\u00e9 \u00e0 la signature officielle du contrat avec la soci\u00e9t\u00e9 Xcalibur Multiphysics Group SL, portant sur la cartographie g\u00e9ophysique a\u00e9roport\u00e9e et g\u00e9ologique du territoire national. Cette initiative strat\u00e9gique marque une \u00e9tape majeure dans la [&hellip;]<\/p>\n","protected":false},"author":1,"featured_media":3520,"comment_status":"closed","ping_status":"open","sticky":false,"template":"","format":"standard","meta":{"tdm_status":"","tdm_grid_status":"","footnotes":""},"categories":[89,85,81,83],"tags":[],"class_list":{"0":"post-3550","1":"post","2":"type-post","3":"status-publish","4":"format-standard","5":"has-post-thumbnail","7":"category-a-la-une","8":"category-actualite","9":"category-investissement","10":"category-transparence"},"amp_enabled":true,"_links":{"self":[{"href":"https:\/\/mines.gouv.cd\/fr\/wp-json\/wp\/v2\/posts\/3550","targetHints":{"allow":["GET"]}}],"collection":[{"href":"https:\/\/mines.gouv.cd\/fr\/wp-json\/wp\/v2\/posts"}],"about":[{"href":"https:\/\/mines.gouv.cd\/fr\/wp-json\/wp\/v2\/types\/post"}],"author":[{"embeddable":true,"href":"https:\/\/mines.gouv.cd\/fr\/wp-json\/wp\/v2\/users\/1"}],"replies":[{"embeddable":true,"href":"https:\/\/mines.gouv.cd\/fr\/wp-json\/wp\/v2\/comments?post=3550"}],"version-history":[{"count":1,"href":"https:\/\/mines.gouv.cd\/fr\/wp-json\/wp\/v2\/posts\/3550\/revisions"}],"predecessor-version":[{"id":3551,"href":"https:\/\/mines.gouv.cd\/fr\/wp-json\/wp\/v2\/posts\/3550\/revisions\/3551"}],"wp:featuredmedia":[{"embeddable":true,"href":"https:\/\/mines.gouv.cd\/fr\/wp-json\/wp\/v2\/media\/3520"}],"wp:attachment":[{"href":"https:\/\/mines.gouv.cd\/fr\/wp-json\/wp\/v2\/media?parent=3550"}],"wp:term":[{"taxonomy":"category","embeddable":true,"href":"https:\/\/mines.gouv.cd\/fr\/wp-json\/wp\/v2\/categories?post=3550"},{"taxonomy":"post_tag","embeddable":true,"href":"https:\/\/mines.gouv.cd\/fr\/wp-json\/wp\/v2\/tags?post=3550"}],"curies":[{"name":"wp","href":"https:\/\/api.w.org\/{rel}","templated":true}]}}