{"id":3514,"date":"2026-01-31T10:02:54","date_gmt":"2026-01-31T09:02:54","guid":{"rendered":"https:\/\/mines.gouv.cd\/fr\/?p=3514"},"modified":"2026-01-31T10:02:57","modified_gmt":"2026-01-31T09:02:57","slug":"son-excellence-monsieur-louis-watum-kabamba-ministre-des-mines-a-procede-ce-mercredi-28-janvier-2026-a-louverture-officielle-des-assises-sur-la-transparence-et-la-bonne-gouvernance-du-secte","status":"publish","type":"post","link":"https:\/\/mines.gouv.cd\/fr\/2026\/01\/31\/son-excellence-monsieur-louis-watum-kabamba-ministre-des-mines-a-procede-ce-mercredi-28-janvier-2026-a-louverture-officielle-des-assises-sur-la-transparence-et-la-bonne-gouvernance-du-secte\/","title":{"rendered":"Son Excellence Monsieur Louis WATUM KABAMBA, Ministre des Mines, a proc\u00e9d\u00e9 ce mercredi 28 janvier 2026 \u00e0 l\u2019ouverture officielle des assises sur la transparence et la bonne gouvernance du secteur minier, organis\u00e9es par l\u2019Institut R\u00e9publicain International (IRI)."},"content":{"rendered":"<div id=\"fb-root\"><\/div>\n\n<p>pr\u00e9vues du 28 au 29 janvier 2026. Ces travaux r\u00e9unissent les institutions publiques, le secteur priv\u00e9, la soci\u00e9t\u00e9 civile ainsi que les partenaires techniques et financiers.<\/p>\n\n\n\n<p>Dans son allocution, le Ministre des Mines a salu\u00e9 l\u2019initiative de l\u2019IRI et rappel\u00e9 la place strat\u00e9gique de la R\u00e9publique D\u00e9mocratique du Congo dans les cha\u00eenes de valeur mondiales li\u00e9es \u00e0 l\u2019industrialisation, \u00e0 la transition \u00e9nerg\u00e9tique et aux nouvelles technologies, soulignant la n\u00e9cessit\u00e9 d\u2019une gouvernance mini\u00e8re fond\u00e9e sur la transparence et la redevabilit\u00e9.<\/p>\n\n\n\n<figure class=\"wp-block-image size-large\"><img loading=\"lazy\" decoding=\"async\" width=\"1024\" height=\"683\" src=\"https:\/\/mines.gouv.cd\/fr\/wp-content\/uploads\/2026\/01\/WhatsApp-Image-2026-01-28-at-17.18.04-1-1024x683.jpeg\" alt=\"\" class=\"wp-image-3545\" srcset=\"https:\/\/mines.gouv.cd\/fr\/wp-content\/uploads\/2026\/01\/WhatsApp-Image-2026-01-28-at-17.18.04-1-1024x683.jpeg 1024w, https:\/\/mines.gouv.cd\/fr\/wp-content\/uploads\/2026\/01\/WhatsApp-Image-2026-01-28-at-17.18.04-1-300x200.jpeg 300w, https:\/\/mines.gouv.cd\/fr\/wp-content\/uploads\/2026\/01\/WhatsApp-Image-2026-01-28-at-17.18.04-1-768x512.jpeg 768w, https:\/\/mines.gouv.cd\/fr\/wp-content\/uploads\/2026\/01\/WhatsApp-Image-2026-01-28-at-17.18.04-1-1536x1024.jpeg 1536w, https:\/\/mines.gouv.cd\/fr\/wp-content\/uploads\/2026\/01\/WhatsApp-Image-2026-01-28-at-17.18.04-1-2048x1365.jpeg 2048w, https:\/\/mines.gouv.cd\/fr\/wp-content\/uploads\/2026\/01\/WhatsApp-Image-2026-01-28-at-17.18.04-1-696x464.jpeg 696w, https:\/\/mines.gouv.cd\/fr\/wp-content\/uploads\/2026\/01\/WhatsApp-Image-2026-01-28-at-17.18.04-1-1068x712.jpeg 1068w, https:\/\/mines.gouv.cd\/fr\/wp-content\/uploads\/2026\/01\/WhatsApp-Image-2026-01-28-at-17.18.04-1-1920x1280.jpeg 1920w, https:\/\/mines.gouv.cd\/fr\/wp-content\/uploads\/2026\/01\/WhatsApp-Image-2026-01-28-at-17.18.04-1-630x420.jpeg 630w\" sizes=\"auto, (max-width: 1024px) 100vw, 1024px\" \/><\/figure>\n\n\n\n<p>S\u2019inscrivant dans la vision de Son Excellence Monsieur F\u00e9lix Antoine Tshisekedi Tshilombo, Pr\u00e9sident de la R\u00e9publique, et sous la conduite de Madame Judith Suminwa Tuluka, Premi\u00e8re Ministre, Cheffe du Gouvernement, le Gouvernement r\u00e9affirme son engagement \u00e0 moderniser la gouvernance du secteur minier \u00e0 travers la coordination institutionnelle, la clart\u00e9 des r\u00e8gles, le dialogue avec les op\u00e9rateurs \u00e9conomiques et les communaut\u00e9s locales, ainsi qu\u2019une interaction responsable avec la soci\u00e9t\u00e9 civile.<\/p>\n\n\n\n<p>Son Excellence Monsieur Louis WATUM KABAMBA a appel\u00e9 l\u2019ensemble des participants \u00e0 faire preuve de pragmatisme et \u00e0 privil\u00e9gier des r\u00e9sultats concrets, souhaitant que ce forum se distingue des pr\u00e9c\u00e9dents en allant droit aux probl\u00e8mes qui rongent le secteur minier. Il a insist\u00e9 sur le renforcement de la tra\u00e7abilit\u00e9 et de la redevabilit\u00e9, exhortant les parties prenantes \u00e0 formuler des engagements clairs et op\u00e9rationnels \u00e0 l\u2019issue de ces assises.<\/p>\n\n\n\n<figure class=\"wp-block-image size-large\"><img loading=\"lazy\" decoding=\"async\" width=\"1024\" height=\"683\" src=\"https:\/\/mines.gouv.cd\/fr\/wp-content\/uploads\/2026\/01\/WhatsApp-Image-2026-01-28-at-17.18.03-1-1024x683.jpeg\" alt=\"\" class=\"wp-image-3547\" srcset=\"https:\/\/mines.gouv.cd\/fr\/wp-content\/uploads\/2026\/01\/WhatsApp-Image-2026-01-28-at-17.18.03-1-1024x683.jpeg 1024w, https:\/\/mines.gouv.cd\/fr\/wp-content\/uploads\/2026\/01\/WhatsApp-Image-2026-01-28-at-17.18.03-1-300x200.jpeg 300w, https:\/\/mines.gouv.cd\/fr\/wp-content\/uploads\/2026\/01\/WhatsApp-Image-2026-01-28-at-17.18.03-1-768x512.jpeg 768w, https:\/\/mines.gouv.cd\/fr\/wp-content\/uploads\/2026\/01\/WhatsApp-Image-2026-01-28-at-17.18.03-1-1536x1025.jpeg 1536w, https:\/\/mines.gouv.cd\/fr\/wp-content\/uploads\/2026\/01\/WhatsApp-Image-2026-01-28-at-17.18.03-1-2048x1366.jpeg 2048w, https:\/\/mines.gouv.cd\/fr\/wp-content\/uploads\/2026\/01\/WhatsApp-Image-2026-01-28-at-17.18.03-1-696x464.jpeg 696w, https:\/\/mines.gouv.cd\/fr\/wp-content\/uploads\/2026\/01\/WhatsApp-Image-2026-01-28-at-17.18.03-1-1068x712.jpeg 1068w, https:\/\/mines.gouv.cd\/fr\/wp-content\/uploads\/2026\/01\/WhatsApp-Image-2026-01-28-at-17.18.03-1-1920x1281.jpeg 1920w, https:\/\/mines.gouv.cd\/fr\/wp-content\/uploads\/2026\/01\/WhatsApp-Image-2026-01-28-at-17.18.03-1-630x420.jpeg 630w\" sizes=\"auto, (max-width: 1024px) 100vw, 1024px\" \/><\/figure>\n\n\n\n<p>Le Ministre des Mines a par ailleurs r\u00e9affirm\u00e9 la vision du Gouvernement de faire du secteur minier un pilier de la souverainet\u00e9 \u00e9conomique nationale, un moteur de transformation industrielle et un facteur de stabilit\u00e9 sociale.<\/p>\n\n\n\n<p>Cl\u00f4turant son intervention, Son Excellence Monsieur Louis WATUM KABAMBA a rappel\u00e9 qu\u2019\u00ab une gouvernance exigeante est la condition du d\u00e9veloppement \u00bb, avant de d\u00e9clarer officiellement ouverts les travaux.<\/p>\n\n\n\n<figure class=\"wp-block-image size-large\"><img loading=\"lazy\" decoding=\"async\" width=\"1024\" height=\"683\" src=\"https:\/\/mines.gouv.cd\/fr\/wp-content\/uploads\/2026\/01\/WhatsApp-Image-2026-01-28-at-17.18.04-1024x683.jpeg\" alt=\"\" class=\"wp-image-3546\" srcset=\"https:\/\/mines.gouv.cd\/fr\/wp-content\/uploads\/2026\/01\/WhatsApp-Image-2026-01-28-at-17.18.04-1024x683.jpeg 1024w, https:\/\/mines.gouv.cd\/fr\/wp-content\/uploads\/2026\/01\/WhatsApp-Image-2026-01-28-at-17.18.04-300x200.jpeg 300w, https:\/\/mines.gouv.cd\/fr\/wp-content\/uploads\/2026\/01\/WhatsApp-Image-2026-01-28-at-17.18.04-768x512.jpeg 768w, https:\/\/mines.gouv.cd\/fr\/wp-content\/uploads\/2026\/01\/WhatsApp-Image-2026-01-28-at-17.18.04-1536x1024.jpeg 1536w, https:\/\/mines.gouv.cd\/fr\/wp-content\/uploads\/2026\/01\/WhatsApp-Image-2026-01-28-at-17.18.04-2048x1365.jpeg 2048w, https:\/\/mines.gouv.cd\/fr\/wp-content\/uploads\/2026\/01\/WhatsApp-Image-2026-01-28-at-17.18.04-696x464.jpeg 696w, https:\/\/mines.gouv.cd\/fr\/wp-content\/uploads\/2026\/01\/WhatsApp-Image-2026-01-28-at-17.18.04-1068x712.jpeg 1068w, https:\/\/mines.gouv.cd\/fr\/wp-content\/uploads\/2026\/01\/WhatsApp-Image-2026-01-28-at-17.18.04-1920x1280.jpeg 1920w, https:\/\/mines.gouv.cd\/fr\/wp-content\/uploads\/2026\/01\/WhatsApp-Image-2026-01-28-at-17.18.04-630x420.jpeg 630w\" sizes=\"auto, (max-width: 1024px) 100vw, 1024px\" \/><\/figure>\n\n\n\n<p>L\u2019Institut R\u00e9publicain International (IRI) est une organisation internationale \u0153uvrant pour le d\u00e9veloppement de la d\u00e9mocratie. Depuis 1983, cette institution non gouvernementale conduit des programmes de renforcement des capacit\u00e9s d\u00e9mocratiques dans plus de 100 pays \u00e0 travers l\u2019Afrique, l\u2019Asie, l\u2019Eurasie, l\u2019Europe, l\u2019Am\u00e9rique latine, les Cara\u00efbes, le Moyen-Orient et l\u2019Afrique du Nord. En R\u00e9publique D\u00e9mocratique du Congo, l\u2019IRI intervient depuis 2015, notamment \u00e0 travers une mission d\u2019observation \u00e9lectorale lors du scrutin de d\u00e9cembre 2018, ainsi que plusieurs programmes visant \u00e0 soutenir le processus \u00e9lectoral, promouvoir la redevabilit\u00e9 et renforcer les comp\u00e9tences des \u00e9lus, des partis politiques et de la soci\u00e9t\u00e9 civile. Depuis mai 2025, l\u2019IRI a orient\u00e9 ses actions vers les enjeux de gouvernance du secteur minier.<\/p>\n\n\n\n<figure class=\"wp-block-gallery has-nested-images columns-default is-cropped wp-block-gallery-1 is-layout-flex wp-block-gallery-is-layout-flex\">\n<figure class=\"wp-block-image size-large\"><img loading=\"lazy\" decoding=\"async\" width=\"683\" height=\"1024\" data-id=\"3543\" src=\"https:\/\/mines.gouv.cd\/fr\/wp-content\/uploads\/2026\/01\/WhatsApp-Image-2026-01-28-at-17.18.05-1-683x1024.jpeg\" alt=\"\" class=\"wp-image-3543\" srcset=\"https:\/\/mines.gouv.cd\/fr\/wp-content\/uploads\/2026\/01\/WhatsApp-Image-2026-01-28-at-17.18.05-1-683x1024.jpeg 683w, https:\/\/mines.gouv.cd\/fr\/wp-content\/uploads\/2026\/01\/WhatsApp-Image-2026-01-28-at-17.18.05-1-200x300.jpeg 200w, https:\/\/mines.gouv.cd\/fr\/wp-content\/uploads\/2026\/01\/WhatsApp-Image-2026-01-28-at-17.18.05-1-768x1152.jpeg 768w, https:\/\/mines.gouv.cd\/fr\/wp-content\/uploads\/2026\/01\/WhatsApp-Image-2026-01-28-at-17.18.05-1-1024x1536.jpeg 1024w, https:\/\/mines.gouv.cd\/fr\/wp-content\/uploads\/2026\/01\/WhatsApp-Image-2026-01-28-at-17.18.05-1-1365x2048.jpeg 1365w, https:\/\/mines.gouv.cd\/fr\/wp-content\/uploads\/2026\/01\/WhatsApp-Image-2026-01-28-at-17.18.05-1-696x1044.jpeg 696w, https:\/\/mines.gouv.cd\/fr\/wp-content\/uploads\/2026\/01\/WhatsApp-Image-2026-01-28-at-17.18.05-1-1068x1602.jpeg 1068w, https:\/\/mines.gouv.cd\/fr\/wp-content\/uploads\/2026\/01\/WhatsApp-Image-2026-01-28-at-17.18.05-1-1920x2880.jpeg 1920w, https:\/\/mines.gouv.cd\/fr\/wp-content\/uploads\/2026\/01\/WhatsApp-Image-2026-01-28-at-17.18.05-1-280x420.jpeg 280w, https:\/\/mines.gouv.cd\/fr\/wp-content\/uploads\/2026\/01\/WhatsApp-Image-2026-01-28-at-17.18.05-1-scaled.jpeg 1706w\" sizes=\"auto, (max-width: 683px) 100vw, 683px\" \/><\/figure>\n\n\n\n<figure class=\"wp-block-image size-large\"><img loading=\"lazy\" decoding=\"async\" width=\"683\" height=\"1024\" data-id=\"3542\" src=\"https:\/\/mines.gouv.cd\/fr\/wp-content\/uploads\/2026\/01\/WhatsApp-Image-2026-01-28-at-17.18.05-2-683x1024.jpeg\" alt=\"\" class=\"wp-image-3542\" srcset=\"https:\/\/mines.gouv.cd\/fr\/wp-content\/uploads\/2026\/01\/WhatsApp-Image-2026-01-28-at-17.18.05-2-683x1024.jpeg 683w, https:\/\/mines.gouv.cd\/fr\/wp-content\/uploads\/2026\/01\/WhatsApp-Image-2026-01-28-at-17.18.05-2-200x300.jpeg 200w, https:\/\/mines.gouv.cd\/fr\/wp-content\/uploads\/2026\/01\/WhatsApp-Image-2026-01-28-at-17.18.05-2-768x1152.jpeg 768w, https:\/\/mines.gouv.cd\/fr\/wp-content\/uploads\/2026\/01\/WhatsApp-Image-2026-01-28-at-17.18.05-2-1024x1536.jpeg 1024w, https:\/\/mines.gouv.cd\/fr\/wp-content\/uploads\/2026\/01\/WhatsApp-Image-2026-01-28-at-17.18.05-2-1365x2048.jpeg 1365w, https:\/\/mines.gouv.cd\/fr\/wp-content\/uploads\/2026\/01\/WhatsApp-Image-2026-01-28-at-17.18.05-2-696x1044.jpeg 696w, https:\/\/mines.gouv.cd\/fr\/wp-content\/uploads\/2026\/01\/WhatsApp-Image-2026-01-28-at-17.18.05-2-1068x1602.jpeg 1068w, https:\/\/mines.gouv.cd\/fr\/wp-content\/uploads\/2026\/01\/WhatsApp-Image-2026-01-28-at-17.18.05-2-1920x2880.jpeg 1920w, https:\/\/mines.gouv.cd\/fr\/wp-content\/uploads\/2026\/01\/WhatsApp-Image-2026-01-28-at-17.18.05-2-280x420.jpeg 280w, https:\/\/mines.gouv.cd\/fr\/wp-content\/uploads\/2026\/01\/WhatsApp-Image-2026-01-28-at-17.18.05-2-scaled.jpeg 1706w\" sizes=\"auto, (max-width: 683px) 100vw, 683px\" \/><\/figure>\n\n\n\n<figure class=\"wp-block-image size-large\"><img loading=\"lazy\" decoding=\"async\" width=\"675\" height=\"1024\" data-id=\"3541\" src=\"https:\/\/mines.gouv.cd\/fr\/wp-content\/uploads\/2026\/01\/WhatsApp-Image-2026-01-28-at-17.18.06-675x1024.jpeg\" alt=\"\" class=\"wp-image-3541\" srcset=\"https:\/\/mines.gouv.cd\/fr\/wp-content\/uploads\/2026\/01\/WhatsApp-Image-2026-01-28-at-17.18.06-675x1024.jpeg 675w, https:\/\/mines.gouv.cd\/fr\/wp-content\/uploads\/2026\/01\/WhatsApp-Image-2026-01-28-at-17.18.06-198x300.jpeg 198w, https:\/\/mines.gouv.cd\/fr\/wp-content\/uploads\/2026\/01\/WhatsApp-Image-2026-01-28-at-17.18.06-768x1164.jpeg 768w, https:\/\/mines.gouv.cd\/fr\/wp-content\/uploads\/2026\/01\/WhatsApp-Image-2026-01-28-at-17.18.06-1013x1536.jpeg 1013w, https:\/\/mines.gouv.cd\/fr\/wp-content\/uploads\/2026\/01\/WhatsApp-Image-2026-01-28-at-17.18.06-1351x2048.jpeg 1351w, https:\/\/mines.gouv.cd\/fr\/wp-content\/uploads\/2026\/01\/WhatsApp-Image-2026-01-28-at-17.18.06-696x1055.jpeg 696w, https:\/\/mines.gouv.cd\/fr\/wp-content\/uploads\/2026\/01\/WhatsApp-Image-2026-01-28-at-17.18.06-1068x1619.jpeg 1068w, https:\/\/mines.gouv.cd\/fr\/wp-content\/uploads\/2026\/01\/WhatsApp-Image-2026-01-28-at-17.18.06-1920x2911.jpeg 1920w, https:\/\/mines.gouv.cd\/fr\/wp-content\/uploads\/2026\/01\/WhatsApp-Image-2026-01-28-at-17.18.06-277x420.jpeg 277w, https:\/\/mines.gouv.cd\/fr\/wp-content\/uploads\/2026\/01\/WhatsApp-Image-2026-01-28-at-17.18.06-scaled.jpeg 1689w\" sizes=\"auto, (max-width: 675px) 100vw, 675px\" \/><\/figure>\n\n\n\n<figure class=\"wp-block-image size-large\"><img loading=\"lazy\" decoding=\"async\" width=\"1024\" height=\"683\" data-id=\"3540\" src=\"https:\/\/mines.gouv.cd\/fr\/wp-content\/uploads\/2026\/01\/WhatsApp-Image-2026-01-28-at-17.18.06-1-1024x683.jpeg\" alt=\"\" class=\"wp-image-3540\" srcset=\"https:\/\/mines.gouv.cd\/fr\/wp-content\/uploads\/2026\/01\/WhatsApp-Image-2026-01-28-at-17.18.06-1-1024x683.jpeg 1024w, https:\/\/mines.gouv.cd\/fr\/wp-content\/uploads\/2026\/01\/WhatsApp-Image-2026-01-28-at-17.18.06-1-300x200.jpeg 300w, https:\/\/mines.gouv.cd\/fr\/wp-content\/uploads\/2026\/01\/WhatsApp-Image-2026-01-28-at-17.18.06-1-768x512.jpeg 768w, https:\/\/mines.gouv.cd\/fr\/wp-content\/uploads\/2026\/01\/WhatsApp-Image-2026-01-28-at-17.18.06-1-1536x1025.jpeg 1536w, https:\/\/mines.gouv.cd\/fr\/wp-content\/uploads\/2026\/01\/WhatsApp-Image-2026-01-28-at-17.18.06-1-2048x1366.jpeg 2048w, https:\/\/mines.gouv.cd\/fr\/wp-content\/uploads\/2026\/01\/WhatsApp-Image-2026-01-28-at-17.18.06-1-696x464.jpeg 696w, https:\/\/mines.gouv.cd\/fr\/wp-content\/uploads\/2026\/01\/WhatsApp-Image-2026-01-28-at-17.18.06-1-1068x712.jpeg 1068w, https:\/\/mines.gouv.cd\/fr\/wp-content\/uploads\/2026\/01\/WhatsApp-Image-2026-01-28-at-17.18.06-1-1920x1281.jpeg 1920w, https:\/\/mines.gouv.cd\/fr\/wp-content\/uploads\/2026\/01\/WhatsApp-Image-2026-01-28-at-17.18.06-1-630x420.jpeg 630w\" sizes=\"auto, (max-width: 1024px) 100vw, 1024px\" \/><\/figure>\n\n\n\n<figure class=\"wp-block-image size-large\"><img loading=\"lazy\" decoding=\"async\" width=\"1024\" height=\"683\" data-id=\"3539\" src=\"https:\/\/mines.gouv.cd\/fr\/wp-content\/uploads\/2026\/01\/WhatsApp-Image-2026-01-28-at-17.18.07-1024x683.jpeg\" alt=\"\" class=\"wp-image-3539\" srcset=\"https:\/\/mines.gouv.cd\/fr\/wp-content\/uploads\/2026\/01\/WhatsApp-Image-2026-01-28-at-17.18.07-1024x683.jpeg 1024w, https:\/\/mines.gouv.cd\/fr\/wp-content\/uploads\/2026\/01\/WhatsApp-Image-2026-01-28-at-17.18.07-300x200.jpeg 300w, https:\/\/mines.gouv.cd\/fr\/wp-content\/uploads\/2026\/01\/WhatsApp-Image-2026-01-28-at-17.18.07-768x512.jpeg 768w, https:\/\/mines.gouv.cd\/fr\/wp-content\/uploads\/2026\/01\/WhatsApp-Image-2026-01-28-at-17.18.07-1536x1025.jpeg 1536w, https:\/\/mines.gouv.cd\/fr\/wp-content\/uploads\/2026\/01\/WhatsApp-Image-2026-01-28-at-17.18.07-2048x1366.jpeg 2048w, https:\/\/mines.gouv.cd\/fr\/wp-content\/uploads\/2026\/01\/WhatsApp-Image-2026-01-28-at-17.18.07-696x464.jpeg 696w, https:\/\/mines.gouv.cd\/fr\/wp-content\/uploads\/2026\/01\/WhatsApp-Image-2026-01-28-at-17.18.07-1068x712.jpeg 1068w, https:\/\/mines.gouv.cd\/fr\/wp-content\/uploads\/2026\/01\/WhatsApp-Image-2026-01-28-at-17.18.07-1920x1281.jpeg 1920w, https:\/\/mines.gouv.cd\/fr\/wp-content\/uploads\/2026\/01\/WhatsApp-Image-2026-01-28-at-17.18.07-630x420.jpeg 630w\" sizes=\"auto, (max-width: 1024px) 100vw, 1024px\" \/><\/figure>\n\n\n\n<figure class=\"wp-block-image size-large\"><img loading=\"lazy\" decoding=\"async\" width=\"1024\" height=\"683\" data-id=\"3544\" src=\"https:\/\/mines.gouv.cd\/fr\/wp-content\/uploads\/2026\/01\/WhatsApp-Image-2026-01-28-at-17.18.05-1024x683.jpeg\" alt=\"\" class=\"wp-image-3544\" srcset=\"https:\/\/mines.gouv.cd\/fr\/wp-content\/uploads\/2026\/01\/WhatsApp-Image-2026-01-28-at-17.18.05-1024x683.jpeg 1024w, https:\/\/mines.gouv.cd\/fr\/wp-content\/uploads\/2026\/01\/WhatsApp-Image-2026-01-28-at-17.18.05-300x200.jpeg 300w, https:\/\/mines.gouv.cd\/fr\/wp-content\/uploads\/2026\/01\/WhatsApp-Image-2026-01-28-at-17.18.05-768x512.jpeg 768w, https:\/\/mines.gouv.cd\/fr\/wp-content\/uploads\/2026\/01\/WhatsApp-Image-2026-01-28-at-17.18.05-1536x1024.jpeg 1536w, https:\/\/mines.gouv.cd\/fr\/wp-content\/uploads\/2026\/01\/WhatsApp-Image-2026-01-28-at-17.18.05-2048x1365.jpeg 2048w, https:\/\/mines.gouv.cd\/fr\/wp-content\/uploads\/2026\/01\/WhatsApp-Image-2026-01-28-at-17.18.05-696x464.jpeg 696w, https:\/\/mines.gouv.cd\/fr\/wp-content\/uploads\/2026\/01\/WhatsApp-Image-2026-01-28-at-17.18.05-1068x712.jpeg 1068w, https:\/\/mines.gouv.cd\/fr\/wp-content\/uploads\/2026\/01\/WhatsApp-Image-2026-01-28-at-17.18.05-1920x1280.jpeg 1920w, https:\/\/mines.gouv.cd\/fr\/wp-content\/uploads\/2026\/01\/WhatsApp-Image-2026-01-28-at-17.18.05-630x420.jpeg 630w\" sizes=\"auto, (max-width: 1024px) 100vw, 1024px\" \/><\/figure>\n\n\n\n<figure class=\"wp-block-image size-large\"><img loading=\"lazy\" decoding=\"async\" width=\"1024\" height=\"683\" data-id=\"3535\" src=\"https:\/\/mines.gouv.cd\/fr\/wp-content\/uploads\/2026\/01\/WhatsApp-Image-2026-01-28-at-17.18.08-1-1024x683.jpeg\" alt=\"\" class=\"wp-image-3535\" srcset=\"https:\/\/mines.gouv.cd\/fr\/wp-content\/uploads\/2026\/01\/WhatsApp-Image-2026-01-28-at-17.18.08-1-1024x683.jpeg 1024w, https:\/\/mines.gouv.cd\/fr\/wp-content\/uploads\/2026\/01\/WhatsApp-Image-2026-01-28-at-17.18.08-1-300x200.jpeg 300w, https:\/\/mines.gouv.cd\/fr\/wp-content\/uploads\/2026\/01\/WhatsApp-Image-2026-01-28-at-17.18.08-1-768x512.jpeg 768w, https:\/\/mines.gouv.cd\/fr\/wp-content\/uploads\/2026\/01\/WhatsApp-Image-2026-01-28-at-17.18.08-1-1536x1025.jpeg 1536w, https:\/\/mines.gouv.cd\/fr\/wp-content\/uploads\/2026\/01\/WhatsApp-Image-2026-01-28-at-17.18.08-1-2048x1366.jpeg 2048w, https:\/\/mines.gouv.cd\/fr\/wp-content\/uploads\/2026\/01\/WhatsApp-Image-2026-01-28-at-17.18.08-1-696x464.jpeg 696w, https:\/\/mines.gouv.cd\/fr\/wp-content\/uploads\/2026\/01\/WhatsApp-Image-2026-01-28-at-17.18.08-1-1068x712.jpeg 1068w, https:\/\/mines.gouv.cd\/fr\/wp-content\/uploads\/2026\/01\/WhatsApp-Image-2026-01-28-at-17.18.08-1-1920x1281.jpeg 1920w, https:\/\/mines.gouv.cd\/fr\/wp-content\/uploads\/2026\/01\/WhatsApp-Image-2026-01-28-at-17.18.08-1-630x420.jpeg 630w\" sizes=\"auto, (max-width: 1024px) 100vw, 1024px\" \/><\/figure>\n\n\n\n<figure class=\"wp-block-image size-large\"><img loading=\"lazy\" decoding=\"async\" width=\"1024\" height=\"683\" data-id=\"3536\" src=\"https:\/\/mines.gouv.cd\/fr\/wp-content\/uploads\/2026\/01\/WhatsApp-Image-2026-01-28-at-17.18.08-1024x683.jpeg\" alt=\"\" class=\"wp-image-3536\" srcset=\"https:\/\/mines.gouv.cd\/fr\/wp-content\/uploads\/2026\/01\/WhatsApp-Image-2026-01-28-at-17.18.08-1024x683.jpeg 1024w, https:\/\/mines.gouv.cd\/fr\/wp-content\/uploads\/2026\/01\/WhatsApp-Image-2026-01-28-at-17.18.08-300x200.jpeg 300w, https:\/\/mines.gouv.cd\/fr\/wp-content\/uploads\/2026\/01\/WhatsApp-Image-2026-01-28-at-17.18.08-768x512.jpeg 768w, https:\/\/mines.gouv.cd\/fr\/wp-content\/uploads\/2026\/01\/WhatsApp-Image-2026-01-28-at-17.18.08-1536x1025.jpeg 1536w, https:\/\/mines.gouv.cd\/fr\/wp-content\/uploads\/2026\/01\/WhatsApp-Image-2026-01-28-at-17.18.08-2048x1366.jpeg 2048w, https:\/\/mines.gouv.cd\/fr\/wp-content\/uploads\/2026\/01\/WhatsApp-Image-2026-01-28-at-17.18.08-696x464.jpeg 696w, https:\/\/mines.gouv.cd\/fr\/wp-content\/uploads\/2026\/01\/WhatsApp-Image-2026-01-28-at-17.18.08-1068x712.jpeg 1068w, https:\/\/mines.gouv.cd\/fr\/wp-content\/uploads\/2026\/01\/WhatsApp-Image-2026-01-28-at-17.18.08-1920x1281.jpeg 1920w, https:\/\/mines.gouv.cd\/fr\/wp-content\/uploads\/2026\/01\/WhatsApp-Image-2026-01-28-at-17.18.08-630x420.jpeg 630w\" sizes=\"auto, (max-width: 1024px) 100vw, 1024px\" \/><\/figure>\n\n\n\n<figure class=\"wp-block-image size-large\"><img loading=\"lazy\" decoding=\"async\" width=\"1024\" height=\"714\" data-id=\"3537\" src=\"https:\/\/mines.gouv.cd\/fr\/wp-content\/uploads\/2026\/01\/WhatsApp-Image-2026-01-28-at-17.18.07-2-1024x714.jpeg\" alt=\"\" class=\"wp-image-3537\" srcset=\"https:\/\/mines.gouv.cd\/fr\/wp-content\/uploads\/2026\/01\/WhatsApp-Image-2026-01-28-at-17.18.07-2-1024x714.jpeg 1024w, https:\/\/mines.gouv.cd\/fr\/wp-content\/uploads\/2026\/01\/WhatsApp-Image-2026-01-28-at-17.18.07-2-300x209.jpeg 300w, https:\/\/mines.gouv.cd\/fr\/wp-content\/uploads\/2026\/01\/WhatsApp-Image-2026-01-28-at-17.18.07-2-768x535.jpeg 768w, https:\/\/mines.gouv.cd\/fr\/wp-content\/uploads\/2026\/01\/WhatsApp-Image-2026-01-28-at-17.18.07-2-1536x1071.jpeg 1536w, https:\/\/mines.gouv.cd\/fr\/wp-content\/uploads\/2026\/01\/WhatsApp-Image-2026-01-28-at-17.18.07-2-2048x1428.jpeg 2048w, https:\/\/mines.gouv.cd\/fr\/wp-content\/uploads\/2026\/01\/WhatsApp-Image-2026-01-28-at-17.18.07-2-696x485.jpeg 696w, https:\/\/mines.gouv.cd\/fr\/wp-content\/uploads\/2026\/01\/WhatsApp-Image-2026-01-28-at-17.18.07-2-1068x745.jpeg 1068w, https:\/\/mines.gouv.cd\/fr\/wp-content\/uploads\/2026\/01\/WhatsApp-Image-2026-01-28-at-17.18.07-2-1920x1338.jpeg 1920w, https:\/\/mines.gouv.cd\/fr\/wp-content\/uploads\/2026\/01\/WhatsApp-Image-2026-01-28-at-17.18.07-2-602x420.jpeg 602w, https:\/\/mines.gouv.cd\/fr\/wp-content\/uploads\/2026\/01\/WhatsApp-Image-2026-01-28-at-17.18.07-2-100x70.jpeg 100w\" sizes=\"auto, (max-width: 1024px) 100vw, 1024px\" \/><\/figure>\n\n\n\n<figure class=\"wp-block-image size-large\"><img loading=\"lazy\" decoding=\"async\" width=\"1024\" height=\"683\" data-id=\"3538\" src=\"https:\/\/mines.gouv.cd\/fr\/wp-content\/uploads\/2026\/01\/WhatsApp-Image-2026-01-28-at-17.18.07-1-1024x683.jpeg\" alt=\"\" class=\"wp-image-3538\" srcset=\"https:\/\/mines.gouv.cd\/fr\/wp-content\/uploads\/2026\/01\/WhatsApp-Image-2026-01-28-at-17.18.07-1-1024x683.jpeg 1024w, https:\/\/mines.gouv.cd\/fr\/wp-content\/uploads\/2026\/01\/WhatsApp-Image-2026-01-28-at-17.18.07-1-300x200.jpeg 300w, https:\/\/mines.gouv.cd\/fr\/wp-content\/uploads\/2026\/01\/WhatsApp-Image-2026-01-28-at-17.18.07-1-768x512.jpeg 768w, https:\/\/mines.gouv.cd\/fr\/wp-content\/uploads\/2026\/01\/WhatsApp-Image-2026-01-28-at-17.18.07-1-1536x1025.jpeg 1536w, https:\/\/mines.gouv.cd\/fr\/wp-content\/uploads\/2026\/01\/WhatsApp-Image-2026-01-28-at-17.18.07-1-2048x1366.jpeg 2048w, https:\/\/mines.gouv.cd\/fr\/wp-content\/uploads\/2026\/01\/WhatsApp-Image-2026-01-28-at-17.18.07-1-696x464.jpeg 696w, https:\/\/mines.gouv.cd\/fr\/wp-content\/uploads\/2026\/01\/WhatsApp-Image-2026-01-28-at-17.18.07-1-1068x712.jpeg 1068w, https:\/\/mines.gouv.cd\/fr\/wp-content\/uploads\/2026\/01\/WhatsApp-Image-2026-01-28-at-17.18.07-1-1920x1281.jpeg 1920w, https:\/\/mines.gouv.cd\/fr\/wp-content\/uploads\/2026\/01\/WhatsApp-Image-2026-01-28-at-17.18.07-1-630x420.jpeg 630w\" sizes=\"auto, (max-width: 1024px) 100vw, 1024px\" \/><\/figure>\n\n\n\n<figure class=\"wp-block-image size-large\"><img loading=\"lazy\" decoding=\"async\" width=\"1024\" height=\"683\" data-id=\"3534\" src=\"https:\/\/mines.gouv.cd\/fr\/wp-content\/uploads\/2026\/01\/WhatsApp-Image-2026-01-28-at-17.18.09-1024x683.jpeg\" alt=\"\" class=\"wp-image-3534\" srcset=\"https:\/\/mines.gouv.cd\/fr\/wp-content\/uploads\/2026\/01\/WhatsApp-Image-2026-01-28-at-17.18.09-1024x683.jpeg 1024w, https:\/\/mines.gouv.cd\/fr\/wp-content\/uploads\/2026\/01\/WhatsApp-Image-2026-01-28-at-17.18.09-300x200.jpeg 300w, https:\/\/mines.gouv.cd\/fr\/wp-content\/uploads\/2026\/01\/WhatsApp-Image-2026-01-28-at-17.18.09-768x512.jpeg 768w, https:\/\/mines.gouv.cd\/fr\/wp-content\/uploads\/2026\/01\/WhatsApp-Image-2026-01-28-at-17.18.09-1536x1025.jpeg 1536w, https:\/\/mines.gouv.cd\/fr\/wp-content\/uploads\/2026\/01\/WhatsApp-Image-2026-01-28-at-17.18.09-2048x1366.jpeg 2048w, https:\/\/mines.gouv.cd\/fr\/wp-content\/uploads\/2026\/01\/WhatsApp-Image-2026-01-28-at-17.18.09-696x464.jpeg 696w, https:\/\/mines.gouv.cd\/fr\/wp-content\/uploads\/2026\/01\/WhatsApp-Image-2026-01-28-at-17.18.09-1068x712.jpeg 1068w, https:\/\/mines.gouv.cd\/fr\/wp-content\/uploads\/2026\/01\/WhatsApp-Image-2026-01-28-at-17.18.09-1920x1281.jpeg 1920w, https:\/\/mines.gouv.cd\/fr\/wp-content\/uploads\/2026\/01\/WhatsApp-Image-2026-01-28-at-17.18.09-630x420.jpeg 630w\" sizes=\"auto, (max-width: 1024px) 100vw, 1024px\" \/><\/figure>\n<\/figure>\n","protected":false},"excerpt":{"rendered":"<p>pr\u00e9vues du 28 au 29 janvier 2026. Ces travaux r\u00e9unissent les institutions publiques, le secteur priv\u00e9, la soci\u00e9t\u00e9 civile ainsi que les partenaires techniques et financiers. Dans son allocution, le Ministre des Mines a salu\u00e9 l\u2019initiative de l\u2019IRI et rappel\u00e9 la place strat\u00e9gique de la R\u00e9publique D\u00e9mocratique du Congo dans les cha\u00eenes de valeur mondiales [&hellip;]<\/p>\n","protected":false},"author":1,"featured_media":3534,"comment_status":"closed","ping_status":"open","sticky":false,"template":"","format":"standard","meta":{"tdm_status":"","tdm_grid_status":"","footnotes":""},"categories":[89,85,80,83],"tags":[],"class_list":{"0":"post-3514","1":"post","2":"type-post","3":"status-publish","4":"format-standard","5":"has-post-thumbnail","7":"category-a-la-une","8":"category-actualite","9":"category-bonne-gouvernance","10":"category-transparence"},"amp_enabled":true,"_links":{"self":[{"href":"https:\/\/mines.gouv.cd\/fr\/wp-json\/wp\/v2\/posts\/3514","targetHints":{"allow":["GET"]}}],"collection":[{"href":"https:\/\/mines.gouv.cd\/fr\/wp-json\/wp\/v2\/posts"}],"about":[{"href":"https:\/\/mines.gouv.cd\/fr\/wp-json\/wp\/v2\/types\/post"}],"author":[{"embeddable":true,"href":"https:\/\/mines.gouv.cd\/fr\/wp-json\/wp\/v2\/users\/1"}],"replies":[{"embeddable":true,"href":"https:\/\/mines.gouv.cd\/fr\/wp-json\/wp\/v2\/comments?post=3514"}],"version-history":[{"count":1,"href":"https:\/\/mines.gouv.cd\/fr\/wp-json\/wp\/v2\/posts\/3514\/revisions"}],"predecessor-version":[{"id":3549,"href":"https:\/\/mines.gouv.cd\/fr\/wp-json\/wp\/v2\/posts\/3514\/revisions\/3549"}],"wp:featuredmedia":[{"embeddable":true,"href":"https:\/\/mines.gouv.cd\/fr\/wp-json\/wp\/v2\/media\/3534"}],"wp:attachment":[{"href":"https:\/\/mines.gouv.cd\/fr\/wp-json\/wp\/v2\/media?parent=3514"}],"wp:term":[{"taxonomy":"category","embeddable":true,"href":"https:\/\/mines.gouv.cd\/fr\/wp-json\/wp\/v2\/categories?post=3514"},{"taxonomy":"post_tag","embeddable":true,"href":"https:\/\/mines.gouv.cd\/fr\/wp-json\/wp\/v2\/tags?post=3514"}],"curies":[{"name":"wp","href":"https:\/\/api.w.org\/{rel}","templated":true}]}}