{"id":3476,"date":"2026-01-26T16:53:09","date_gmt":"2026-01-26T15:53:09","guid":{"rendered":"https:\/\/mines.gouv.cd\/fr\/?p=3476"},"modified":"2026-01-26T16:53:10","modified_gmt":"2026-01-26T15:53:10","slug":"son-excellence-monsieur-louis-watum-kabamba-ministre-de-la-republique-democratique-du-congo-a-reaffirme-la-volonte-du-pays-detre-un-partenaire-strategique-dans-la-transition-energetique-mon","status":"publish","type":"post","link":"https:\/\/mines.gouv.cd\/fr\/2026\/01\/26\/son-excellence-monsieur-louis-watum-kabamba-ministre-de-la-republique-democratique-du-congo-a-reaffirme-la-volonte-du-pays-detre-un-partenaire-strategique-dans-la-transition-energetique-mon\/","title":{"rendered":"Son Excellence Monsieur Louis WATUM KABAMBA, Ministre de la R\u00e9publique D\u00e9mocratique du Congo, a r\u00e9affirm\u00e9 la volont\u00e9 du pays d\u2019\u00eatre un partenaire strat\u00e9gique dans la transition \u00e9nerg\u00e9tique mondiale."},"content":{"rendered":"<div id=\"fb-root\"><\/div>\n\n<p>Riyad \u2014 Lors du DRC Country Showcase, organis\u00e9 en marge du Future Minerals Forum \u00e0 Riyad, Son Excellence Monsieur Louis WATUM KABAMBA, Ministre de la R\u00e9publique D\u00e9mocratique du Congo, a r\u00e9affirm\u00e9 la volont\u00e9 du pays d\u2019\u00eatre un partenaire strat\u00e9gique dans la transition \u00e9nerg\u00e9tique mondiale.<\/p>\n\n\n\n<p>Le Ministre a soulign\u00e9 que la RDC n\u2019est plus uniquement une source de mati\u00e8res premi\u00e8res critiques, mais qu\u2019elle s\u2019engage d\u00e9sormais comme un territoire industriel, orient\u00e9 vers le raffinage et la transformation locale des min\u00e9raux strat\u00e9giques.<\/p>\n\n\n\n<figure class=\"wp-block-image size-large\"><img loading=\"lazy\" decoding=\"async\" width=\"1024\" height=\"682\" src=\"https:\/\/mines.gouv.cd\/fr\/wp-content\/uploads\/2026\/01\/WhatsApp-Image-2026-01-16-at-13.14.44-1024x682.jpeg\" alt=\"\" class=\"wp-image-3502\" srcset=\"https:\/\/mines.gouv.cd\/fr\/wp-content\/uploads\/2026\/01\/WhatsApp-Image-2026-01-16-at-13.14.44-1024x682.jpeg 1024w, https:\/\/mines.gouv.cd\/fr\/wp-content\/uploads\/2026\/01\/WhatsApp-Image-2026-01-16-at-13.14.44-300x200.jpeg 300w, https:\/\/mines.gouv.cd\/fr\/wp-content\/uploads\/2026\/01\/WhatsApp-Image-2026-01-16-at-13.14.44-768x512.jpeg 768w, https:\/\/mines.gouv.cd\/fr\/wp-content\/uploads\/2026\/01\/WhatsApp-Image-2026-01-16-at-13.14.44-696x464.jpeg 696w, https:\/\/mines.gouv.cd\/fr\/wp-content\/uploads\/2026\/01\/WhatsApp-Image-2026-01-16-at-13.14.44-1068x712.jpeg 1068w, https:\/\/mines.gouv.cd\/fr\/wp-content\/uploads\/2026\/01\/WhatsApp-Image-2026-01-16-at-13.14.44-630x420.jpeg 630w, https:\/\/mines.gouv.cd\/fr\/wp-content\/uploads\/2026\/01\/WhatsApp-Image-2026-01-16-at-13.14.44.jpeg 1280w\" sizes=\"auto, (max-width: 1024px) 100vw, 1024px\" \/><\/figure>\n\n\n\n<p>Il a salu\u00e9 le leadership du Royaume d\u2019Arabie saoudite dans la nouvelle \u00e9conomie min\u00e9rale et appel\u00e9 \u00e0 la mise en place d\u2019un corridor d\u2019investissement reliant le capital saoudien aux gisements congolais.<\/p>\n\n\n\n<p>Rappelant le r\u00f4le cl\u00e9 de la RDC dans la production du cobalt, le Ministre a affirm\u00e9 que la transition \u00e9nerg\u00e9tique mondiale a besoin de la RDC, avec l\u2019ambition de faire du pays un hub mondial pour les batteries \u00e9lectriques et les \u00e9nergies renouvelables.<\/p>\n\n\n\n<p>Il a mis en avant les r\u00e9formes engag\u00e9es, notamment la num\u00e9risation du cadastre minier, l\u2019alignement sur les standards internationaux de transparence et la cr\u00e9ation de zones \u00e9conomiques sp\u00e9ciales d\u00e9di\u00e9es \u00e0 la transformation des min\u00e9raux, afin de garantir un climat d\u2019investissement transparent et s\u00e9curis\u00e9.<\/p>\n\n\n\n<figure class=\"wp-block-image size-large\"><img loading=\"lazy\" decoding=\"async\" width=\"1024\" height=\"682\" src=\"https:\/\/mines.gouv.cd\/fr\/wp-content\/uploads\/2026\/01\/WhatsApp-Image-2026-01-16-at-13.14.40-1024x682.jpeg\" alt=\"\" class=\"wp-image-3503\" srcset=\"https:\/\/mines.gouv.cd\/fr\/wp-content\/uploads\/2026\/01\/WhatsApp-Image-2026-01-16-at-13.14.40-1024x682.jpeg 1024w, https:\/\/mines.gouv.cd\/fr\/wp-content\/uploads\/2026\/01\/WhatsApp-Image-2026-01-16-at-13.14.40-300x200.jpeg 300w, https:\/\/mines.gouv.cd\/fr\/wp-content\/uploads\/2026\/01\/WhatsApp-Image-2026-01-16-at-13.14.40-768x512.jpeg 768w, https:\/\/mines.gouv.cd\/fr\/wp-content\/uploads\/2026\/01\/WhatsApp-Image-2026-01-16-at-13.14.40-696x464.jpeg 696w, https:\/\/mines.gouv.cd\/fr\/wp-content\/uploads\/2026\/01\/WhatsApp-Image-2026-01-16-at-13.14.40-1068x712.jpeg 1068w, https:\/\/mines.gouv.cd\/fr\/wp-content\/uploads\/2026\/01\/WhatsApp-Image-2026-01-16-at-13.14.40-630x420.jpeg 630w, https:\/\/mines.gouv.cd\/fr\/wp-content\/uploads\/2026\/01\/WhatsApp-Image-2026-01-16-at-13.14.40.jpeg 1280w\" sizes=\"auto, (max-width: 1024px) 100vw, 1024px\" \/><\/figure>\n\n\n\n<p>Abordant la question du risque, Louis WATUM KABAMBA a rappel\u00e9 que la compr\u00e9hension du cadre r\u00e9glementaire et le respect des lois constituent les meilleurs leviers de r\u00e9ussite, citant la pr\u00e9sence de multinationales ayant d\u00e9j\u00e0 investi plus de 45 milliards d\u2019euros en RDC.<\/p>\n\n\n\n<figure class=\"wp-block-image size-large\"><img loading=\"lazy\" decoding=\"async\" width=\"1024\" height=\"682\" src=\"https:\/\/mines.gouv.cd\/fr\/wp-content\/uploads\/2026\/01\/WhatsApp-Image-2026-01-16-at-13.15.17-1024x682.jpeg\" alt=\"\" class=\"wp-image-3494\" srcset=\"https:\/\/mines.gouv.cd\/fr\/wp-content\/uploads\/2026\/01\/WhatsApp-Image-2026-01-16-at-13.15.17-1024x682.jpeg 1024w, https:\/\/mines.gouv.cd\/fr\/wp-content\/uploads\/2026\/01\/WhatsApp-Image-2026-01-16-at-13.15.17-300x200.jpeg 300w, https:\/\/mines.gouv.cd\/fr\/wp-content\/uploads\/2026\/01\/WhatsApp-Image-2026-01-16-at-13.15.17-768x512.jpeg 768w, https:\/\/mines.gouv.cd\/fr\/wp-content\/uploads\/2026\/01\/WhatsApp-Image-2026-01-16-at-13.15.17-696x464.jpeg 696w, https:\/\/mines.gouv.cd\/fr\/wp-content\/uploads\/2026\/01\/WhatsApp-Image-2026-01-16-at-13.15.17-1068x712.jpeg 1068w, https:\/\/mines.gouv.cd\/fr\/wp-content\/uploads\/2026\/01\/WhatsApp-Image-2026-01-16-at-13.15.17-630x420.jpeg 630w, https:\/\/mines.gouv.cd\/fr\/wp-content\/uploads\/2026\/01\/WhatsApp-Image-2026-01-16-at-13.15.17.jpeg 1280w\" sizes=\"auto, (max-width: 1024px) 100vw, 1024px\" \/><\/figure>\n\n\n\n<p>Le Ministre a affirm\u00e9 que la RDC ne sera pas un champ de rivalit\u00e9s, mais recherche des partenaires de long terme, invitant les investisseurs \u00e0 s\u2019engager d\u00e8s \u00e0 pr\u00e9sent dans le parcours d\u2019investissement en R\u00e9publique D\u00e9mocratique du Congo.<\/p>\n\n\n\n<figure class=\"wp-block-gallery has-nested-images columns-default is-cropped wp-block-gallery-1 is-layout-flex wp-block-gallery-is-layout-flex\">\n<figure class=\"wp-block-image size-large\"><img loading=\"lazy\" decoding=\"async\" width=\"1024\" height=\"682\" data-id=\"3500\" src=\"https:\/\/mines.gouv.cd\/fr\/wp-content\/uploads\/2026\/01\/WhatsApp-Image-2026-01-16-at-13.14.51-1024x682.jpeg\" alt=\"\" class=\"wp-image-3500\" srcset=\"https:\/\/mines.gouv.cd\/fr\/wp-content\/uploads\/2026\/01\/WhatsApp-Image-2026-01-16-at-13.14.51-1024x682.jpeg 1024w, https:\/\/mines.gouv.cd\/fr\/wp-content\/uploads\/2026\/01\/WhatsApp-Image-2026-01-16-at-13.14.51-300x200.jpeg 300w, https:\/\/mines.gouv.cd\/fr\/wp-content\/uploads\/2026\/01\/WhatsApp-Image-2026-01-16-at-13.14.51-768x512.jpeg 768w, https:\/\/mines.gouv.cd\/fr\/wp-content\/uploads\/2026\/01\/WhatsApp-Image-2026-01-16-at-13.14.51-696x464.jpeg 696w, https:\/\/mines.gouv.cd\/fr\/wp-content\/uploads\/2026\/01\/WhatsApp-Image-2026-01-16-at-13.14.51-1068x712.jpeg 1068w, https:\/\/mines.gouv.cd\/fr\/wp-content\/uploads\/2026\/01\/WhatsApp-Image-2026-01-16-at-13.14.51-630x420.jpeg 630w, https:\/\/mines.gouv.cd\/fr\/wp-content\/uploads\/2026\/01\/WhatsApp-Image-2026-01-16-at-13.14.51.jpeg 1280w\" sizes=\"auto, (max-width: 1024px) 100vw, 1024px\" \/><\/figure>\n\n\n\n<figure class=\"wp-block-image size-large\"><img loading=\"lazy\" decoding=\"async\" width=\"1024\" height=\"682\" data-id=\"3499\" src=\"https:\/\/mines.gouv.cd\/fr\/wp-content\/uploads\/2026\/01\/WhatsApp-Image-2026-01-16-at-13.14.57-1024x682.jpeg\" alt=\"\" class=\"wp-image-3499\" srcset=\"https:\/\/mines.gouv.cd\/fr\/wp-content\/uploads\/2026\/01\/WhatsApp-Image-2026-01-16-at-13.14.57-1024x682.jpeg 1024w, https:\/\/mines.gouv.cd\/fr\/wp-content\/uploads\/2026\/01\/WhatsApp-Image-2026-01-16-at-13.14.57-300x200.jpeg 300w, https:\/\/mines.gouv.cd\/fr\/wp-content\/uploads\/2026\/01\/WhatsApp-Image-2026-01-16-at-13.14.57-768x512.jpeg 768w, https:\/\/mines.gouv.cd\/fr\/wp-content\/uploads\/2026\/01\/WhatsApp-Image-2026-01-16-at-13.14.57-696x464.jpeg 696w, https:\/\/mines.gouv.cd\/fr\/wp-content\/uploads\/2026\/01\/WhatsApp-Image-2026-01-16-at-13.14.57-1068x712.jpeg 1068w, https:\/\/mines.gouv.cd\/fr\/wp-content\/uploads\/2026\/01\/WhatsApp-Image-2026-01-16-at-13.14.57-630x420.jpeg 630w, https:\/\/mines.gouv.cd\/fr\/wp-content\/uploads\/2026\/01\/WhatsApp-Image-2026-01-16-at-13.14.57.jpeg 1280w\" sizes=\"auto, (max-width: 1024px) 100vw, 1024px\" \/><\/figure>\n\n\n\n<figure class=\"wp-block-image size-large\"><img loading=\"lazy\" decoding=\"async\" width=\"1024\" height=\"682\" data-id=\"3498\" src=\"https:\/\/mines.gouv.cd\/fr\/wp-content\/uploads\/2026\/01\/WhatsApp-Image-2026-01-16-at-13.15.03-1024x682.jpeg\" alt=\"\" class=\"wp-image-3498\" srcset=\"https:\/\/mines.gouv.cd\/fr\/wp-content\/uploads\/2026\/01\/WhatsApp-Image-2026-01-16-at-13.15.03-1024x682.jpeg 1024w, https:\/\/mines.gouv.cd\/fr\/wp-content\/uploads\/2026\/01\/WhatsApp-Image-2026-01-16-at-13.15.03-300x200.jpeg 300w, https:\/\/mines.gouv.cd\/fr\/wp-content\/uploads\/2026\/01\/WhatsApp-Image-2026-01-16-at-13.15.03-768x512.jpeg 768w, https:\/\/mines.gouv.cd\/fr\/wp-content\/uploads\/2026\/01\/WhatsApp-Image-2026-01-16-at-13.15.03-696x464.jpeg 696w, https:\/\/mines.gouv.cd\/fr\/wp-content\/uploads\/2026\/01\/WhatsApp-Image-2026-01-16-at-13.15.03-1068x712.jpeg 1068w, https:\/\/mines.gouv.cd\/fr\/wp-content\/uploads\/2026\/01\/WhatsApp-Image-2026-01-16-at-13.15.03-630x420.jpeg 630w, https:\/\/mines.gouv.cd\/fr\/wp-content\/uploads\/2026\/01\/WhatsApp-Image-2026-01-16-at-13.15.03.jpeg 1280w\" sizes=\"auto, (max-width: 1024px) 100vw, 1024px\" \/><\/figure>\n\n\n\n<figure class=\"wp-block-image size-large\"><img loading=\"lazy\" decoding=\"async\" width=\"1024\" height=\"682\" data-id=\"3494\" src=\"https:\/\/mines.gouv.cd\/fr\/wp-content\/uploads\/2026\/01\/WhatsApp-Image-2026-01-16-at-13.15.17-1024x682.jpeg\" alt=\"\" class=\"wp-image-3494\" srcset=\"https:\/\/mines.gouv.cd\/fr\/wp-content\/uploads\/2026\/01\/WhatsApp-Image-2026-01-16-at-13.15.17-1024x682.jpeg 1024w, https:\/\/mines.gouv.cd\/fr\/wp-content\/uploads\/2026\/01\/WhatsApp-Image-2026-01-16-at-13.15.17-300x200.jpeg 300w, https:\/\/mines.gouv.cd\/fr\/wp-content\/uploads\/2026\/01\/WhatsApp-Image-2026-01-16-at-13.15.17-768x512.jpeg 768w, https:\/\/mines.gouv.cd\/fr\/wp-content\/uploads\/2026\/01\/WhatsApp-Image-2026-01-16-at-13.15.17-696x464.jpeg 696w, https:\/\/mines.gouv.cd\/fr\/wp-content\/uploads\/2026\/01\/WhatsApp-Image-2026-01-16-at-13.15.17-1068x712.jpeg 1068w, https:\/\/mines.gouv.cd\/fr\/wp-content\/uploads\/2026\/01\/WhatsApp-Image-2026-01-16-at-13.15.17-630x420.jpeg 630w, https:\/\/mines.gouv.cd\/fr\/wp-content\/uploads\/2026\/01\/WhatsApp-Image-2026-01-16-at-13.15.17.jpeg 1280w\" sizes=\"auto, (max-width: 1024px) 100vw, 1024px\" \/><\/figure>\n\n\n\n<figure class=\"wp-block-image size-large\"><img loading=\"lazy\" decoding=\"async\" width=\"1024\" height=\"682\" data-id=\"3495\" src=\"https:\/\/mines.gouv.cd\/fr\/wp-content\/uploads\/2026\/01\/WhatsApp-Image-2026-01-16-at-13.15.11-1024x682.jpeg\" alt=\"\" class=\"wp-image-3495\" srcset=\"https:\/\/mines.gouv.cd\/fr\/wp-content\/uploads\/2026\/01\/WhatsApp-Image-2026-01-16-at-13.15.11-1024x682.jpeg 1024w, https:\/\/mines.gouv.cd\/fr\/wp-content\/uploads\/2026\/01\/WhatsApp-Image-2026-01-16-at-13.15.11-300x200.jpeg 300w, https:\/\/mines.gouv.cd\/fr\/wp-content\/uploads\/2026\/01\/WhatsApp-Image-2026-01-16-at-13.15.11-768x512.jpeg 768w, https:\/\/mines.gouv.cd\/fr\/wp-content\/uploads\/2026\/01\/WhatsApp-Image-2026-01-16-at-13.15.11-696x464.jpeg 696w, https:\/\/mines.gouv.cd\/fr\/wp-content\/uploads\/2026\/01\/WhatsApp-Image-2026-01-16-at-13.15.11-1068x712.jpeg 1068w, https:\/\/mines.gouv.cd\/fr\/wp-content\/uploads\/2026\/01\/WhatsApp-Image-2026-01-16-at-13.15.11-630x420.jpeg 630w, https:\/\/mines.gouv.cd\/fr\/wp-content\/uploads\/2026\/01\/WhatsApp-Image-2026-01-16-at-13.15.11.jpeg 1280w\" sizes=\"auto, (max-width: 1024px) 100vw, 1024px\" \/><\/figure>\n\n\n\n<figure class=\"wp-block-image size-large\"><img loading=\"lazy\" decoding=\"async\" width=\"1024\" height=\"682\" data-id=\"3493\" src=\"https:\/\/mines.gouv.cd\/fr\/wp-content\/uploads\/2026\/01\/WhatsApp-Image-2026-01-16-at-13.15.20-1024x682.jpeg\" alt=\"\" class=\"wp-image-3493\" srcset=\"https:\/\/mines.gouv.cd\/fr\/wp-content\/uploads\/2026\/01\/WhatsApp-Image-2026-01-16-at-13.15.20-1024x682.jpeg 1024w, https:\/\/mines.gouv.cd\/fr\/wp-content\/uploads\/2026\/01\/WhatsApp-Image-2026-01-16-at-13.15.20-300x200.jpeg 300w, https:\/\/mines.gouv.cd\/fr\/wp-content\/uploads\/2026\/01\/WhatsApp-Image-2026-01-16-at-13.15.20-768x512.jpeg 768w, https:\/\/mines.gouv.cd\/fr\/wp-content\/uploads\/2026\/01\/WhatsApp-Image-2026-01-16-at-13.15.20-696x464.jpeg 696w, https:\/\/mines.gouv.cd\/fr\/wp-content\/uploads\/2026\/01\/WhatsApp-Image-2026-01-16-at-13.15.20-1068x712.jpeg 1068w, https:\/\/mines.gouv.cd\/fr\/wp-content\/uploads\/2026\/01\/WhatsApp-Image-2026-01-16-at-13.15.20-630x420.jpeg 630w, https:\/\/mines.gouv.cd\/fr\/wp-content\/uploads\/2026\/01\/WhatsApp-Image-2026-01-16-at-13.15.20.jpeg 1280w\" sizes=\"auto, (max-width: 1024px) 100vw, 1024px\" \/><\/figure>\n\n\n\n<figure class=\"wp-block-image size-large\"><img loading=\"lazy\" decoding=\"async\" width=\"1024\" height=\"682\" data-id=\"3491\" src=\"https:\/\/mines.gouv.cd\/fr\/wp-content\/uploads\/2026\/01\/WhatsApp-Image-2026-01-16-at-13.15.31-1024x682.jpeg\" alt=\"\" class=\"wp-image-3491\" srcset=\"https:\/\/mines.gouv.cd\/fr\/wp-content\/uploads\/2026\/01\/WhatsApp-Image-2026-01-16-at-13.15.31-1024x682.jpeg 1024w, https:\/\/mines.gouv.cd\/fr\/wp-content\/uploads\/2026\/01\/WhatsApp-Image-2026-01-16-at-13.15.31-300x200.jpeg 300w, https:\/\/mines.gouv.cd\/fr\/wp-content\/uploads\/2026\/01\/WhatsApp-Image-2026-01-16-at-13.15.31-768x512.jpeg 768w, https:\/\/mines.gouv.cd\/fr\/wp-content\/uploads\/2026\/01\/WhatsApp-Image-2026-01-16-at-13.15.31-696x464.jpeg 696w, https:\/\/mines.gouv.cd\/fr\/wp-content\/uploads\/2026\/01\/WhatsApp-Image-2026-01-16-at-13.15.31-1068x712.jpeg 1068w, https:\/\/mines.gouv.cd\/fr\/wp-content\/uploads\/2026\/01\/WhatsApp-Image-2026-01-16-at-13.15.31-630x420.jpeg 630w, https:\/\/mines.gouv.cd\/fr\/wp-content\/uploads\/2026\/01\/WhatsApp-Image-2026-01-16-at-13.15.31.jpeg 1280w\" sizes=\"auto, (max-width: 1024px) 100vw, 1024px\" \/><\/figure>\n<\/figure>\n","protected":false},"excerpt":{"rendered":"<p>Riyad \u2014 Lors du DRC Country Showcase, organis\u00e9 en marge du Future Minerals Forum \u00e0 Riyad, Son Excellence Monsieur Louis WATUM KABAMBA, Ministre de la R\u00e9publique D\u00e9mocratique du Congo, a r\u00e9affirm\u00e9 la volont\u00e9 du pays d\u2019\u00eatre un partenaire strat\u00e9gique dans la transition \u00e9nerg\u00e9tique mondiale. Le Ministre a soulign\u00e9 que la RDC n\u2019est plus uniquement une [&hellip;]<\/p>\n","protected":false},"author":1,"featured_media":3501,"comment_status":"closed","ping_status":"open","sticky":false,"template":"","format":"standard","meta":{"tdm_status":"","tdm_grid_status":"","footnotes":""},"categories":[89,85,86,81,83],"tags":[],"class_list":{"0":"post-3476","1":"post","2":"type-post","3":"status-publish","4":"format-standard","5":"has-post-thumbnail","7":"category-a-la-une","8":"category-actualite","9":"category-cuivre-cobalt","10":"category-investissement","11":"category-transparence"},"amp_enabled":true,"_links":{"self":[{"href":"https:\/\/mines.gouv.cd\/fr\/wp-json\/wp\/v2\/posts\/3476","targetHints":{"allow":["GET"]}}],"collection":[{"href":"https:\/\/mines.gouv.cd\/fr\/wp-json\/wp\/v2\/posts"}],"about":[{"href":"https:\/\/mines.gouv.cd\/fr\/wp-json\/wp\/v2\/types\/post"}],"author":[{"embeddable":true,"href":"https:\/\/mines.gouv.cd\/fr\/wp-json\/wp\/v2\/users\/1"}],"replies":[{"embeddable":true,"href":"https:\/\/mines.gouv.cd\/fr\/wp-json\/wp\/v2\/comments?post=3476"}],"version-history":[{"count":1,"href":"https:\/\/mines.gouv.cd\/fr\/wp-json\/wp\/v2\/posts\/3476\/revisions"}],"predecessor-version":[{"id":3504,"href":"https:\/\/mines.gouv.cd\/fr\/wp-json\/wp\/v2\/posts\/3476\/revisions\/3504"}],"wp:featuredmedia":[{"embeddable":true,"href":"https:\/\/mines.gouv.cd\/fr\/wp-json\/wp\/v2\/media\/3501"}],"wp:attachment":[{"href":"https:\/\/mines.gouv.cd\/fr\/wp-json\/wp\/v2\/media?parent=3476"}],"wp:term":[{"taxonomy":"category","embeddable":true,"href":"https:\/\/mines.gouv.cd\/fr\/wp-json\/wp\/v2\/categories?post=3476"},{"taxonomy":"post_tag","embeddable":true,"href":"https:\/\/mines.gouv.cd\/fr\/wp-json\/wp\/v2\/tags?post=3476"}],"curies":[{"name":"wp","href":"https:\/\/api.w.org\/{rel}","templated":true}]}}