{"id":3427,"date":"2026-01-07T17:54:10","date_gmt":"2026-01-07T16:54:10","guid":{"rendered":"https:\/\/mines.gouv.cd\/fr\/?p=3427"},"modified":"2026-01-07T17:54:51","modified_gmt":"2026-01-07T16:54:51","slug":"lancement-officiel-de-latelier-de-validation-du-projet-de-strategie-nationale-sur-les-mineraux-et-metaux-critiques-organise-a-lhotel-pullman-grand-karavia","status":"publish","type":"post","link":"https:\/\/mines.gouv.cd\/fr\/2026\/01\/07\/lancement-officiel-de-latelier-de-validation-du-projet-de-strategie-nationale-sur-les-mineraux-et-metaux-critiques-organise-a-lhotel-pullman-grand-karavia\/","title":{"rendered":"Lancement officiel de l\u2019atelier de validation du projet de Strat\u00e9gie nationale sur les min\u00e9raux et m\u00e9taux critiques, organis\u00e9 \u00e0 l\u2019H\u00f4tel Pullman Grand Karavia"},"content":{"rendered":"<div id=\"fb-root\"><\/div>\n\n<p>Le Minist\u00e8re des Mines de la R\u00e9publique D\u00e9mocratique du Congo a proc\u00e9d\u00e9, ce mercredi 7 janvier 2026 \u00e0 Lubumbashi, au lancement officiel de l\u2019atelier de validation du projet de Strat\u00e9gie nationale sur les min\u00e9raux et m\u00e9taux critiques, organis\u00e9 \u00e0 l\u2019H\u00f4tel Pullman Grand Karavia.<\/p>\n\n\n\n<figure class=\"wp-block-image size-large\"><img loading=\"lazy\" decoding=\"async\" width=\"1024\" height=\"576\" src=\"https:\/\/mines.gouv.cd\/fr\/wp-content\/uploads\/2026\/01\/WhatsApp-Image-2026-01-07-at-17.40.22-1024x576.jpeg\" alt=\"\" class=\"wp-image-3438\" srcset=\"https:\/\/mines.gouv.cd\/fr\/wp-content\/uploads\/2026\/01\/WhatsApp-Image-2026-01-07-at-17.40.22-1024x576.jpeg 1024w, https:\/\/mines.gouv.cd\/fr\/wp-content\/uploads\/2026\/01\/WhatsApp-Image-2026-01-07-at-17.40.22-300x169.jpeg 300w, https:\/\/mines.gouv.cd\/fr\/wp-content\/uploads\/2026\/01\/WhatsApp-Image-2026-01-07-at-17.40.22-768x432.jpeg 768w, https:\/\/mines.gouv.cd\/fr\/wp-content\/uploads\/2026\/01\/WhatsApp-Image-2026-01-07-at-17.40.22-696x392.jpeg 696w, https:\/\/mines.gouv.cd\/fr\/wp-content\/uploads\/2026\/01\/WhatsApp-Image-2026-01-07-at-17.40.22-1068x601.jpeg 1068w, https:\/\/mines.gouv.cd\/fr\/wp-content\/uploads\/2026\/01\/WhatsApp-Image-2026-01-07-at-17.40.22-747x420.jpeg 747w, https:\/\/mines.gouv.cd\/fr\/wp-content\/uploads\/2026\/01\/WhatsApp-Image-2026-01-07-at-17.40.22.jpeg 1280w\" sizes=\"auto, (max-width: 1024px) 100vw, 1024px\" \/><\/figure>\n\n\n\n<p>La c\u00e9r\u00e9monie d\u2019ouverture a \u00e9t\u00e9 pr\u00e9sid\u00e9e, au nom de Son Excellence Monsieur Louis Watum Kabamba, Ministre des Mines, par Monsieur Franck Fwamba, Charg\u00e9 de missions. Elle a r\u00e9uni les membres du Parlement, les autorit\u00e9s nationales et provinciales, les repr\u00e9sentants des institutions publiques, du secteur minier public et priv\u00e9, les partenaires techniques et financiers, le monde acad\u00e9mique congolais et africain, la soci\u00e9t\u00e9 civile ainsi que les communaut\u00e9s locales.<\/p>\n\n\n\n<figure class=\"wp-block-image size-large\"><img loading=\"lazy\" decoding=\"async\" width=\"1024\" height=\"682\" src=\"https:\/\/mines.gouv.cd\/fr\/wp-content\/uploads\/2026\/01\/WhatsApp-Image-2026-01-07-at-17.40.29-1-1024x682.jpeg\" alt=\"\" class=\"wp-image-3428\" srcset=\"https:\/\/mines.gouv.cd\/fr\/wp-content\/uploads\/2026\/01\/WhatsApp-Image-2026-01-07-at-17.40.29-1-1024x682.jpeg 1024w, https:\/\/mines.gouv.cd\/fr\/wp-content\/uploads\/2026\/01\/WhatsApp-Image-2026-01-07-at-17.40.29-1-300x200.jpeg 300w, https:\/\/mines.gouv.cd\/fr\/wp-content\/uploads\/2026\/01\/WhatsApp-Image-2026-01-07-at-17.40.29-1-768x512.jpeg 768w, https:\/\/mines.gouv.cd\/fr\/wp-content\/uploads\/2026\/01\/WhatsApp-Image-2026-01-07-at-17.40.29-1-1536x1024.jpeg 1536w, https:\/\/mines.gouv.cd\/fr\/wp-content\/uploads\/2026\/01\/WhatsApp-Image-2026-01-07-at-17.40.29-1-2048x1365.jpeg 2048w, https:\/\/mines.gouv.cd\/fr\/wp-content\/uploads\/2026\/01\/WhatsApp-Image-2026-01-07-at-17.40.29-1-696x464.jpeg 696w, https:\/\/mines.gouv.cd\/fr\/wp-content\/uploads\/2026\/01\/WhatsApp-Image-2026-01-07-at-17.40.29-1-1068x712.jpeg 1068w, https:\/\/mines.gouv.cd\/fr\/wp-content\/uploads\/2026\/01\/WhatsApp-Image-2026-01-07-at-17.40.29-1-1920x1280.jpeg 1920w, https:\/\/mines.gouv.cd\/fr\/wp-content\/uploads\/2026\/01\/WhatsApp-Image-2026-01-07-at-17.40.29-1-630x420.jpeg 630w\" sizes=\"auto, (max-width: 1024px) 100vw, 1024px\" \/><\/figure>\n\n\n\n<p>Cet atelier, pr\u00e9vu pour deux jours (7\u20138 janvier 2026), constitue une \u00e9tape majeure dans le processus d\u2019\u00e9laboration d\u2019une Strat\u00e9gie nationale visant \u00e0 repositionner la RDC comme un acteur industriel cl\u00e9 dans la cha\u00eene de valeur mondiale des min\u00e9raux et m\u00e9taux critiques, indispensables \u00e0 la transition \u00e9nerg\u00e9tique et \u00e0 l\u2019industrialisation verte.<\/p>\n\n\n\n<figure class=\"wp-block-image size-large\"><img loading=\"lazy\" decoding=\"async\" width=\"1024\" height=\"682\" src=\"https:\/\/mines.gouv.cd\/fr\/wp-content\/uploads\/2026\/01\/WhatsApp-Image-2026-01-07-at-17.40.27-2-1024x682.jpeg\" alt=\"\" class=\"wp-image-3432\" srcset=\"https:\/\/mines.gouv.cd\/fr\/wp-content\/uploads\/2026\/01\/WhatsApp-Image-2026-01-07-at-17.40.27-2-1024x682.jpeg 1024w, https:\/\/mines.gouv.cd\/fr\/wp-content\/uploads\/2026\/01\/WhatsApp-Image-2026-01-07-at-17.40.27-2-300x200.jpeg 300w, https:\/\/mines.gouv.cd\/fr\/wp-content\/uploads\/2026\/01\/WhatsApp-Image-2026-01-07-at-17.40.27-2-768x512.jpeg 768w, https:\/\/mines.gouv.cd\/fr\/wp-content\/uploads\/2026\/01\/WhatsApp-Image-2026-01-07-at-17.40.27-2-1536x1024.jpeg 1536w, https:\/\/mines.gouv.cd\/fr\/wp-content\/uploads\/2026\/01\/WhatsApp-Image-2026-01-07-at-17.40.27-2-2048x1365.jpeg 2048w, https:\/\/mines.gouv.cd\/fr\/wp-content\/uploads\/2026\/01\/WhatsApp-Image-2026-01-07-at-17.40.27-2-696x464.jpeg 696w, https:\/\/mines.gouv.cd\/fr\/wp-content\/uploads\/2026\/01\/WhatsApp-Image-2026-01-07-at-17.40.27-2-1068x712.jpeg 1068w, https:\/\/mines.gouv.cd\/fr\/wp-content\/uploads\/2026\/01\/WhatsApp-Image-2026-01-07-at-17.40.27-2-1920x1280.jpeg 1920w, https:\/\/mines.gouv.cd\/fr\/wp-content\/uploads\/2026\/01\/WhatsApp-Image-2026-01-07-at-17.40.27-2-630x420.jpeg 630w\" sizes=\"auto, (max-width: 1024px) 100vw, 1024px\" \/><\/figure>\n\n\n\n<p>Les travaux portent notamment sur la promotion de la transformation locale, l\u2019industrialisation durable, le respect des normes environnementales, sociales et de gouvernance (ESG), la mobilisation des \u00e9nergies propres, le renforcement des capacit\u00e9s humaines et technologiques, ainsi que l\u2019am\u00e9lioration de la gouvernance et du partage \u00e9quitable des b\u00e9n\u00e9fices avec les communaut\u00e9s locales.<\/p>\n\n\n\n<p>Le document \u00e0 valider est \u00e9labor\u00e9 par des experts congolais et africains, sous la facilitation de SARW (Southern Africa Resources Watch), partenaire technique et financier du secteur minier de la RDC depuis pr\u00e8s de vingt ans, notamment depuis la r\u00e9vision des contrats miniers.<\/p>\n\n\n\n<figure class=\"wp-block-image size-large\"><img loading=\"lazy\" decoding=\"async\" width=\"1024\" height=\"682\" src=\"https:\/\/mines.gouv.cd\/fr\/wp-content\/uploads\/2026\/01\/WhatsApp-Image-2026-01-07-at-17.40.28-1-1024x682.jpeg\" alt=\"\" class=\"wp-image-3430\" srcset=\"https:\/\/mines.gouv.cd\/fr\/wp-content\/uploads\/2026\/01\/WhatsApp-Image-2026-01-07-at-17.40.28-1-1024x682.jpeg 1024w, https:\/\/mines.gouv.cd\/fr\/wp-content\/uploads\/2026\/01\/WhatsApp-Image-2026-01-07-at-17.40.28-1-300x200.jpeg 300w, https:\/\/mines.gouv.cd\/fr\/wp-content\/uploads\/2026\/01\/WhatsApp-Image-2026-01-07-at-17.40.28-1-768x512.jpeg 768w, https:\/\/mines.gouv.cd\/fr\/wp-content\/uploads\/2026\/01\/WhatsApp-Image-2026-01-07-at-17.40.28-1-1536x1024.jpeg 1536w, https:\/\/mines.gouv.cd\/fr\/wp-content\/uploads\/2026\/01\/WhatsApp-Image-2026-01-07-at-17.40.28-1-2048x1365.jpeg 2048w, https:\/\/mines.gouv.cd\/fr\/wp-content\/uploads\/2026\/01\/WhatsApp-Image-2026-01-07-at-17.40.28-1-696x464.jpeg 696w, https:\/\/mines.gouv.cd\/fr\/wp-content\/uploads\/2026\/01\/WhatsApp-Image-2026-01-07-at-17.40.28-1-1068x712.jpeg 1068w, https:\/\/mines.gouv.cd\/fr\/wp-content\/uploads\/2026\/01\/WhatsApp-Image-2026-01-07-at-17.40.28-1-1920x1280.jpeg 1920w, https:\/\/mines.gouv.cd\/fr\/wp-content\/uploads\/2026\/01\/WhatsApp-Image-2026-01-07-at-17.40.28-1-630x420.jpeg 630w\" sizes=\"auto, (max-width: 1024px) 100vw, 1024px\" \/><\/figure>\n\n\n\n<p>\u00c0 travers cette initiative, le Minist\u00e8re des Mines appelle l\u2019ensemble des parties prenantes \u00e0 des \u00e9changes francs, constructifs et orient\u00e9s vers des solutions concr\u00e8tes, afin de doter le pays d\u2019une feuille de route op\u00e9rationnelle, inclusive et consensuelle, en phase avec la vision de Son Excellence Monsieur le Pr\u00e9sident de la R\u00e9publique, F\u00e9lix-Antoine Tshisekedi Tshilombo, ax\u00e9e sur la diversification \u00e9conomique, l\u2019industrialisation, la cr\u00e9ation d\u2019emplois et la valorisation des ressources et richesses min\u00e9rales du pays.<\/p>\n\n\n\n<figure class=\"wp-block-gallery has-nested-images columns-default is-cropped wp-block-gallery-1 is-layout-flex wp-block-gallery-is-layout-flex\">\n<figure class=\"wp-block-image size-large\"><img loading=\"lazy\" decoding=\"async\" width=\"682\" height=\"1024\" data-id=\"3437\" src=\"https:\/\/mines.gouv.cd\/fr\/wp-content\/uploads\/2026\/01\/WhatsApp-Image-2026-01-07-at-17.40.26-682x1024.jpeg\" alt=\"\" class=\"wp-image-3437\" srcset=\"https:\/\/mines.gouv.cd\/fr\/wp-content\/uploads\/2026\/01\/WhatsApp-Image-2026-01-07-at-17.40.26-682x1024.jpeg 682w, https:\/\/mines.gouv.cd\/fr\/wp-content\/uploads\/2026\/01\/WhatsApp-Image-2026-01-07-at-17.40.26-200x300.jpeg 200w, https:\/\/mines.gouv.cd\/fr\/wp-content\/uploads\/2026\/01\/WhatsApp-Image-2026-01-07-at-17.40.26-768x1152.jpeg 768w, https:\/\/mines.gouv.cd\/fr\/wp-content\/uploads\/2026\/01\/WhatsApp-Image-2026-01-07-at-17.40.26-1024x1536.jpeg 1024w, https:\/\/mines.gouv.cd\/fr\/wp-content\/uploads\/2026\/01\/WhatsApp-Image-2026-01-07-at-17.40.26-1365x2048.jpeg 1365w, https:\/\/mines.gouv.cd\/fr\/wp-content\/uploads\/2026\/01\/WhatsApp-Image-2026-01-07-at-17.40.26-696x1044.jpeg 696w, https:\/\/mines.gouv.cd\/fr\/wp-content\/uploads\/2026\/01\/WhatsApp-Image-2026-01-07-at-17.40.26-1068x1603.jpeg 1068w, https:\/\/mines.gouv.cd\/fr\/wp-content\/uploads\/2026\/01\/WhatsApp-Image-2026-01-07-at-17.40.26-280x420.jpeg 280w, https:\/\/mines.gouv.cd\/fr\/wp-content\/uploads\/2026\/01\/WhatsApp-Image-2026-01-07-at-17.40.26.jpeg 1706w\" sizes=\"auto, (max-width: 682px) 100vw, 682px\" \/><\/figure>\n\n\n\n<figure class=\"wp-block-image size-large\"><img loading=\"lazy\" decoding=\"async\" width=\"682\" height=\"1024\" data-id=\"3436\" src=\"https:\/\/mines.gouv.cd\/fr\/wp-content\/uploads\/2026\/01\/WhatsApp-Image-2026-01-07-at-17.40.26-1-682x1024.jpeg\" alt=\"\" class=\"wp-image-3436\" srcset=\"https:\/\/mines.gouv.cd\/fr\/wp-content\/uploads\/2026\/01\/WhatsApp-Image-2026-01-07-at-17.40.26-1-682x1024.jpeg 682w, https:\/\/mines.gouv.cd\/fr\/wp-content\/uploads\/2026\/01\/WhatsApp-Image-2026-01-07-at-17.40.26-1-200x300.jpeg 200w, https:\/\/mines.gouv.cd\/fr\/wp-content\/uploads\/2026\/01\/WhatsApp-Image-2026-01-07-at-17.40.26-1-768x1152.jpeg 768w, https:\/\/mines.gouv.cd\/fr\/wp-content\/uploads\/2026\/01\/WhatsApp-Image-2026-01-07-at-17.40.26-1-1024x1536.jpeg 1024w, https:\/\/mines.gouv.cd\/fr\/wp-content\/uploads\/2026\/01\/WhatsApp-Image-2026-01-07-at-17.40.26-1-1365x2048.jpeg 1365w, https:\/\/mines.gouv.cd\/fr\/wp-content\/uploads\/2026\/01\/WhatsApp-Image-2026-01-07-at-17.40.26-1-696x1044.jpeg 696w, https:\/\/mines.gouv.cd\/fr\/wp-content\/uploads\/2026\/01\/WhatsApp-Image-2026-01-07-at-17.40.26-1-1068x1603.jpeg 1068w, https:\/\/mines.gouv.cd\/fr\/wp-content\/uploads\/2026\/01\/WhatsApp-Image-2026-01-07-at-17.40.26-1-280x420.jpeg 280w, https:\/\/mines.gouv.cd\/fr\/wp-content\/uploads\/2026\/01\/WhatsApp-Image-2026-01-07-at-17.40.26-1.jpeg 1706w\" sizes=\"auto, (max-width: 682px) 100vw, 682px\" \/><\/figure>\n\n\n\n<figure class=\"wp-block-image size-large\"><img loading=\"lazy\" decoding=\"async\" width=\"1024\" height=\"682\" data-id=\"3435\" src=\"https:\/\/mines.gouv.cd\/fr\/wp-content\/uploads\/2026\/01\/WhatsApp-Image-2026-01-07-at-17.40.26-2-1024x682.jpeg\" alt=\"\" class=\"wp-image-3435\" srcset=\"https:\/\/mines.gouv.cd\/fr\/wp-content\/uploads\/2026\/01\/WhatsApp-Image-2026-01-07-at-17.40.26-2-1024x682.jpeg 1024w, https:\/\/mines.gouv.cd\/fr\/wp-content\/uploads\/2026\/01\/WhatsApp-Image-2026-01-07-at-17.40.26-2-300x200.jpeg 300w, https:\/\/mines.gouv.cd\/fr\/wp-content\/uploads\/2026\/01\/WhatsApp-Image-2026-01-07-at-17.40.26-2-768x512.jpeg 768w, https:\/\/mines.gouv.cd\/fr\/wp-content\/uploads\/2026\/01\/WhatsApp-Image-2026-01-07-at-17.40.26-2-1536x1024.jpeg 1536w, https:\/\/mines.gouv.cd\/fr\/wp-content\/uploads\/2026\/01\/WhatsApp-Image-2026-01-07-at-17.40.26-2-2048x1365.jpeg 2048w, https:\/\/mines.gouv.cd\/fr\/wp-content\/uploads\/2026\/01\/WhatsApp-Image-2026-01-07-at-17.40.26-2-696x464.jpeg 696w, https:\/\/mines.gouv.cd\/fr\/wp-content\/uploads\/2026\/01\/WhatsApp-Image-2026-01-07-at-17.40.26-2-1068x712.jpeg 1068w, https:\/\/mines.gouv.cd\/fr\/wp-content\/uploads\/2026\/01\/WhatsApp-Image-2026-01-07-at-17.40.26-2-1920x1280.jpeg 1920w, https:\/\/mines.gouv.cd\/fr\/wp-content\/uploads\/2026\/01\/WhatsApp-Image-2026-01-07-at-17.40.26-2-630x420.jpeg 630w\" sizes=\"auto, (max-width: 1024px) 100vw, 1024px\" \/><\/figure>\n\n\n\n<figure class=\"wp-block-image size-large\"><img loading=\"lazy\" decoding=\"async\" width=\"682\" height=\"1024\" data-id=\"3431\" src=\"https:\/\/mines.gouv.cd\/fr\/wp-content\/uploads\/2026\/01\/WhatsApp-Image-2026-01-07-at-17.40.28-682x1024.jpeg\" alt=\"\" class=\"wp-image-3431\" srcset=\"https:\/\/mines.gouv.cd\/fr\/wp-content\/uploads\/2026\/01\/WhatsApp-Image-2026-01-07-at-17.40.28-682x1024.jpeg 682w, https:\/\/mines.gouv.cd\/fr\/wp-content\/uploads\/2026\/01\/WhatsApp-Image-2026-01-07-at-17.40.28-200x300.jpeg 200w, https:\/\/mines.gouv.cd\/fr\/wp-content\/uploads\/2026\/01\/WhatsApp-Image-2026-01-07-at-17.40.28-768x1152.jpeg 768w, https:\/\/mines.gouv.cd\/fr\/wp-content\/uploads\/2026\/01\/WhatsApp-Image-2026-01-07-at-17.40.28-1024x1536.jpeg 1024w, https:\/\/mines.gouv.cd\/fr\/wp-content\/uploads\/2026\/01\/WhatsApp-Image-2026-01-07-at-17.40.28-1365x2048.jpeg 1365w, https:\/\/mines.gouv.cd\/fr\/wp-content\/uploads\/2026\/01\/WhatsApp-Image-2026-01-07-at-17.40.28-696x1044.jpeg 696w, https:\/\/mines.gouv.cd\/fr\/wp-content\/uploads\/2026\/01\/WhatsApp-Image-2026-01-07-at-17.40.28-1068x1603.jpeg 1068w, https:\/\/mines.gouv.cd\/fr\/wp-content\/uploads\/2026\/01\/WhatsApp-Image-2026-01-07-at-17.40.28-280x420.jpeg 280w, https:\/\/mines.gouv.cd\/fr\/wp-content\/uploads\/2026\/01\/WhatsApp-Image-2026-01-07-at-17.40.28.jpeg 1706w\" sizes=\"auto, (max-width: 682px) 100vw, 682px\" \/><\/figure>\n\n\n\n<figure class=\"wp-block-image size-large\"><img loading=\"lazy\" decoding=\"async\" width=\"1024\" height=\"682\" data-id=\"3432\" src=\"https:\/\/mines.gouv.cd\/fr\/wp-content\/uploads\/2026\/01\/WhatsApp-Image-2026-01-07-at-17.40.27-2-1024x682.jpeg\" alt=\"\" class=\"wp-image-3432\" srcset=\"https:\/\/mines.gouv.cd\/fr\/wp-content\/uploads\/2026\/01\/WhatsApp-Image-2026-01-07-at-17.40.27-2-1024x682.jpeg 1024w, https:\/\/mines.gouv.cd\/fr\/wp-content\/uploads\/2026\/01\/WhatsApp-Image-2026-01-07-at-17.40.27-2-300x200.jpeg 300w, https:\/\/mines.gouv.cd\/fr\/wp-content\/uploads\/2026\/01\/WhatsApp-Image-2026-01-07-at-17.40.27-2-768x512.jpeg 768w, https:\/\/mines.gouv.cd\/fr\/wp-content\/uploads\/2026\/01\/WhatsApp-Image-2026-01-07-at-17.40.27-2-1536x1024.jpeg 1536w, https:\/\/mines.gouv.cd\/fr\/wp-content\/uploads\/2026\/01\/WhatsApp-Image-2026-01-07-at-17.40.27-2-2048x1365.jpeg 2048w, https:\/\/mines.gouv.cd\/fr\/wp-content\/uploads\/2026\/01\/WhatsApp-Image-2026-01-07-at-17.40.27-2-696x464.jpeg 696w, https:\/\/mines.gouv.cd\/fr\/wp-content\/uploads\/2026\/01\/WhatsApp-Image-2026-01-07-at-17.40.27-2-1068x712.jpeg 1068w, https:\/\/mines.gouv.cd\/fr\/wp-content\/uploads\/2026\/01\/WhatsApp-Image-2026-01-07-at-17.40.27-2-1920x1280.jpeg 1920w, https:\/\/mines.gouv.cd\/fr\/wp-content\/uploads\/2026\/01\/WhatsApp-Image-2026-01-07-at-17.40.27-2-630x420.jpeg 630w\" sizes=\"auto, (max-width: 1024px) 100vw, 1024px\" \/><\/figure>\n\n\n\n<figure class=\"wp-block-image size-large\"><img loading=\"lazy\" decoding=\"async\" width=\"1024\" height=\"682\" data-id=\"3430\" src=\"https:\/\/mines.gouv.cd\/fr\/wp-content\/uploads\/2026\/01\/WhatsApp-Image-2026-01-07-at-17.40.28-1-1024x682.jpeg\" alt=\"\" class=\"wp-image-3430\" srcset=\"https:\/\/mines.gouv.cd\/fr\/wp-content\/uploads\/2026\/01\/WhatsApp-Image-2026-01-07-at-17.40.28-1-1024x682.jpeg 1024w, https:\/\/mines.gouv.cd\/fr\/wp-content\/uploads\/2026\/01\/WhatsApp-Image-2026-01-07-at-17.40.28-1-300x200.jpeg 300w, https:\/\/mines.gouv.cd\/fr\/wp-content\/uploads\/2026\/01\/WhatsApp-Image-2026-01-07-at-17.40.28-1-768x512.jpeg 768w, https:\/\/mines.gouv.cd\/fr\/wp-content\/uploads\/2026\/01\/WhatsApp-Image-2026-01-07-at-17.40.28-1-1536x1024.jpeg 1536w, https:\/\/mines.gouv.cd\/fr\/wp-content\/uploads\/2026\/01\/WhatsApp-Image-2026-01-07-at-17.40.28-1-2048x1365.jpeg 2048w, https:\/\/mines.gouv.cd\/fr\/wp-content\/uploads\/2026\/01\/WhatsApp-Image-2026-01-07-at-17.40.28-1-696x464.jpeg 696w, https:\/\/mines.gouv.cd\/fr\/wp-content\/uploads\/2026\/01\/WhatsApp-Image-2026-01-07-at-17.40.28-1-1068x712.jpeg 1068w, https:\/\/mines.gouv.cd\/fr\/wp-content\/uploads\/2026\/01\/WhatsApp-Image-2026-01-07-at-17.40.28-1-1920x1280.jpeg 1920w, https:\/\/mines.gouv.cd\/fr\/wp-content\/uploads\/2026\/01\/WhatsApp-Image-2026-01-07-at-17.40.28-1-630x420.jpeg 630w\" sizes=\"auto, (max-width: 1024px) 100vw, 1024px\" \/><\/figure>\n\n\n\n<figure class=\"wp-block-image size-large\"><img loading=\"lazy\" decoding=\"async\" width=\"1024\" height=\"682\" data-id=\"3433\" src=\"https:\/\/mines.gouv.cd\/fr\/wp-content\/uploads\/2026\/01\/WhatsApp-Image-2026-01-07-at-17.40.27-1-1024x682.jpeg\" alt=\"\" class=\"wp-image-3433\" srcset=\"https:\/\/mines.gouv.cd\/fr\/wp-content\/uploads\/2026\/01\/WhatsApp-Image-2026-01-07-at-17.40.27-1-1024x682.jpeg 1024w, https:\/\/mines.gouv.cd\/fr\/wp-content\/uploads\/2026\/01\/WhatsApp-Image-2026-01-07-at-17.40.27-1-300x200.jpeg 300w, https:\/\/mines.gouv.cd\/fr\/wp-content\/uploads\/2026\/01\/WhatsApp-Image-2026-01-07-at-17.40.27-1-768x512.jpeg 768w, https:\/\/mines.gouv.cd\/fr\/wp-content\/uploads\/2026\/01\/WhatsApp-Image-2026-01-07-at-17.40.27-1-1536x1024.jpeg 1536w, https:\/\/mines.gouv.cd\/fr\/wp-content\/uploads\/2026\/01\/WhatsApp-Image-2026-01-07-at-17.40.27-1-2048x1365.jpeg 2048w, https:\/\/mines.gouv.cd\/fr\/wp-content\/uploads\/2026\/01\/WhatsApp-Image-2026-01-07-at-17.40.27-1-696x464.jpeg 696w, https:\/\/mines.gouv.cd\/fr\/wp-content\/uploads\/2026\/01\/WhatsApp-Image-2026-01-07-at-17.40.27-1-1068x712.jpeg 1068w, https:\/\/mines.gouv.cd\/fr\/wp-content\/uploads\/2026\/01\/WhatsApp-Image-2026-01-07-at-17.40.27-1-1920x1280.jpeg 1920w, https:\/\/mines.gouv.cd\/fr\/wp-content\/uploads\/2026\/01\/WhatsApp-Image-2026-01-07-at-17.40.27-1-630x420.jpeg 630w\" sizes=\"auto, (max-width: 1024px) 100vw, 1024px\" \/><\/figure>\n<\/figure>\n","protected":false},"excerpt":{"rendered":"<p>Le Minist\u00e8re des Mines de la R\u00e9publique D\u00e9mocratique du Congo a proc\u00e9d\u00e9, ce mercredi 7 janvier 2026 \u00e0 Lubumbashi, au lancement officiel de l\u2019atelier de validation du projet de Strat\u00e9gie nationale sur les min\u00e9raux et m\u00e9taux critiques, organis\u00e9 \u00e0 l\u2019H\u00f4tel Pullman Grand Karavia. La c\u00e9r\u00e9monie d\u2019ouverture a \u00e9t\u00e9 pr\u00e9sid\u00e9e, au nom de Son Excellence Monsieur [&hellip;]<\/p>\n","protected":false},"author":1,"featured_media":3429,"comment_status":"closed","ping_status":"open","sticky":false,"template":"","format":"standard","meta":{"tdm_status":"","tdm_grid_status":"","footnotes":""},"categories":[89,85,80,1,83,84],"tags":[],"class_list":{"0":"post-3427","1":"post","2":"type-post","3":"status-publish","4":"format-standard","5":"has-post-thumbnail","7":"category-a-la-une","8":"category-actualite","9":"category-bonne-gouvernance","10":"category-non-classe","11":"category-transparence","12":"category-vulgarisation"},"amp_enabled":true,"_links":{"self":[{"href":"https:\/\/mines.gouv.cd\/fr\/wp-json\/wp\/v2\/posts\/3427","targetHints":{"allow":["GET"]}}],"collection":[{"href":"https:\/\/mines.gouv.cd\/fr\/wp-json\/wp\/v2\/posts"}],"about":[{"href":"https:\/\/mines.gouv.cd\/fr\/wp-json\/wp\/v2\/types\/post"}],"author":[{"embeddable":true,"href":"https:\/\/mines.gouv.cd\/fr\/wp-json\/wp\/v2\/users\/1"}],"replies":[{"embeddable":true,"href":"https:\/\/mines.gouv.cd\/fr\/wp-json\/wp\/v2\/comments?post=3427"}],"version-history":[{"count":1,"href":"https:\/\/mines.gouv.cd\/fr\/wp-json\/wp\/v2\/posts\/3427\/revisions"}],"predecessor-version":[{"id":3439,"href":"https:\/\/mines.gouv.cd\/fr\/wp-json\/wp\/v2\/posts\/3427\/revisions\/3439"}],"wp:featuredmedia":[{"embeddable":true,"href":"https:\/\/mines.gouv.cd\/fr\/wp-json\/wp\/v2\/media\/3429"}],"wp:attachment":[{"href":"https:\/\/mines.gouv.cd\/fr\/wp-json\/wp\/v2\/media?parent=3427"}],"wp:term":[{"taxonomy":"category","embeddable":true,"href":"https:\/\/mines.gouv.cd\/fr\/wp-json\/wp\/v2\/categories?post=3427"},{"taxonomy":"post_tag","embeddable":true,"href":"https:\/\/mines.gouv.cd\/fr\/wp-json\/wp\/v2\/tags?post=3427"}],"curies":[{"name":"wp","href":"https:\/\/api.w.org\/{rel}","templated":true}]}}