{"id":3411,"date":"2025-12-15T17:46:24","date_gmt":"2025-12-15T16:46:24","guid":{"rendered":"https:\/\/mines.gouv.cd\/fr\/?p=3411"},"modified":"2025-12-15T17:46:25","modified_gmt":"2025-12-15T16:46:25","slug":"ouverture-officielle-de-la-seance-de-travail-consacree-a-lelaboration-des-strategies-operationnelles-du-plan-daction-national-pan-pour-lexercice-2026","status":"publish","type":"post","link":"https:\/\/mines.gouv.cd\/fr\/2025\/12\/15\/ouverture-officielle-de-la-seance-de-travail-consacree-a-lelaboration-des-strategies-operationnelles-du-plan-daction-national-pan-pour-lexercice-2026\/","title":{"rendered":"Ouverture officielle de la s\u00e9ance de travail consacr\u00e9e \u00e0 l\u2019\u00e9laboration des strat\u00e9gies op\u00e9rationnelles du Plan d\u2019Action National (PAN) pour l\u2019exercice 2026"},"content":{"rendered":"<div id=\"fb-root\"><\/div>\n\n<p>Son Excellence Monsieur Louis WATUM, Ministre des Mines, a pris part ce lundi 15 d\u00e9cembre 2025 \u00e0 l\u2019ouverture officielle de la s\u00e9ance de travail consacr\u00e9e \u00e0 l\u2019\u00e9laboration des strat\u00e9gies op\u00e9rationnelles du Plan d\u2019Action National (PAN) pour l\u2019exercice 2026, dans le cadre de l\u2019Initiative des Principes Volontaires sur la S\u00e9curit\u00e9 et les Droits de l\u2019Homme (PV).<\/p>\n\n\n\n<p>L\u2019\u00e9v\u00e9nement, qui se tient \u00e0 l\u2019H\u00f4tel Golden Tulip de Kinshasa pour une dur\u00e9e de trois (3) jours, du 15 au 17 d\u00e9cembre 2025, est une initiative conjointe du Minist\u00e8re des Droits Humains, du Minist\u00e8re des Mines et du Minist\u00e8re des Hydrocarbures.<\/p>\n\n\n\n<p>Aux c\u00f4t\u00e9s de Son Excellence Monsieur Samuel BEMBA, Ministre National des Droits Humains, le Ministre Louis WATUM a soulign\u00e9 l\u2019importance capitale de cette initiative pour le secteur minier congolais.<\/p>\n\n\n\n<figure class=\"wp-block-image size-large\"><img loading=\"lazy\" decoding=\"async\" width=\"1024\" height=\"683\" src=\"https:\/\/mines.gouv.cd\/fr\/wp-content\/uploads\/2025\/12\/WhatsApp-Image-2025-12-15-a-15.26.21_376f8c56-1024x683.jpg\" alt=\"\" class=\"wp-image-3409\" srcset=\"https:\/\/mines.gouv.cd\/fr\/wp-content\/uploads\/2025\/12\/WhatsApp-Image-2025-12-15-a-15.26.21_376f8c56-1024x683.jpg 1024w, https:\/\/mines.gouv.cd\/fr\/wp-content\/uploads\/2025\/12\/WhatsApp-Image-2025-12-15-a-15.26.21_376f8c56-300x200.jpg 300w, https:\/\/mines.gouv.cd\/fr\/wp-content\/uploads\/2025\/12\/WhatsApp-Image-2025-12-15-a-15.26.21_376f8c56-768x512.jpg 768w, https:\/\/mines.gouv.cd\/fr\/wp-content\/uploads\/2025\/12\/WhatsApp-Image-2025-12-15-a-15.26.21_376f8c56-696x464.jpg 696w, https:\/\/mines.gouv.cd\/fr\/wp-content\/uploads\/2025\/12\/WhatsApp-Image-2025-12-15-a-15.26.21_376f8c56-1068x713.jpg 1068w, https:\/\/mines.gouv.cd\/fr\/wp-content\/uploads\/2025\/12\/WhatsApp-Image-2025-12-15-a-15.26.21_376f8c56-630x420.jpg 630w, https:\/\/mines.gouv.cd\/fr\/wp-content\/uploads\/2025\/12\/WhatsApp-Image-2025-12-15-a-15.26.21_376f8c56.jpg 1280w\" sizes=\"auto, (max-width: 1024px) 100vw, 1024px\" \/><\/figure>\n\n\n\n<p>\u00ab Le secteur minier, pilier de notre \u00e9conomie, ne peut garantir sa pleine contribution au d\u00e9veloppement sans l\u2019int\u00e9gration d\u2019exigences strictes en mati\u00e8re de s\u00e9curit\u00e9, de transparence et de respect des droits humains \u00bb, a d\u00e9clar\u00e9 le Ministre Louis WATUM.<\/p>\n\n\n\n<p>Il a rappel\u00e9 que la mise en \u0153uvre des Principes Volontaires constitue une priorit\u00e9 nationale visant \u00e0 transformer la perception n\u00e9gative souvent associ\u00e9e \u00e0 l\u2019exploitation mini\u00e8re dans les zones de conflit, notamment en mettant fin aux stigmatisations li\u00e9es aux \u00ab minerais de sang \u00bb (3TG : \u00c9tain, Tantale, Tungst\u00e8ne et Or).<\/p>\n\n\n\n<p>Cet atelier strat\u00e9gique a pour mission de :<\/p>\n\n\n\n<p>renforcer les capacit\u00e9s des points focaux gouvernementaux des minist\u00e8res concern\u00e9s ;<\/p>\n\n\n\n<p>clarifier les r\u00f4les et responsabilit\u00e9s de chaque entit\u00e9 ;<\/p>\n\n\n\n<p>\u00e9laborer des strat\u00e9gies nationales coh\u00e9rentes en vue de l\u2019installation prochaine du Comit\u00e9 de Pilotage National des Principes Volontaires.<\/p>\n\n\n\n<figure class=\"wp-block-image size-large\"><img loading=\"lazy\" decoding=\"async\" width=\"1024\" height=\"683\" src=\"https:\/\/mines.gouv.cd\/fr\/wp-content\/uploads\/2025\/12\/WhatsApp-Image-2025-12-15-a-15.26.20_e7b4b376-1024x683.jpg\" alt=\"\" class=\"wp-image-3407\" srcset=\"https:\/\/mines.gouv.cd\/fr\/wp-content\/uploads\/2025\/12\/WhatsApp-Image-2025-12-15-a-15.26.20_e7b4b376-1024x683.jpg 1024w, https:\/\/mines.gouv.cd\/fr\/wp-content\/uploads\/2025\/12\/WhatsApp-Image-2025-12-15-a-15.26.20_e7b4b376-300x200.jpg 300w, https:\/\/mines.gouv.cd\/fr\/wp-content\/uploads\/2025\/12\/WhatsApp-Image-2025-12-15-a-15.26.20_e7b4b376-768x512.jpg 768w, https:\/\/mines.gouv.cd\/fr\/wp-content\/uploads\/2025\/12\/WhatsApp-Image-2025-12-15-a-15.26.20_e7b4b376-696x464.jpg 696w, https:\/\/mines.gouv.cd\/fr\/wp-content\/uploads\/2025\/12\/WhatsApp-Image-2025-12-15-a-15.26.20_e7b4b376-1068x713.jpg 1068w, https:\/\/mines.gouv.cd\/fr\/wp-content\/uploads\/2025\/12\/WhatsApp-Image-2025-12-15-a-15.26.20_e7b4b376-630x420.jpg 630w, https:\/\/mines.gouv.cd\/fr\/wp-content\/uploads\/2025\/12\/WhatsApp-Image-2025-12-15-a-15.26.20_e7b4b376.jpg 1280w\" sizes=\"auto, (max-width: 1024px) 100vw, 1024px\" \/><\/figure>\n\n\n\n<p>Ces travaux de haut niveau rassemblent, outre les responsables gouvernementaux, des membres de la soci\u00e9t\u00e9 civile ainsi que des partenaires internationaux, illustrant la volont\u00e9 du Gouvernement de la R\u00e9publique de promouvoir une gouvernance responsable et conforme aux engagements internationaux.<\/p>\n\n\n\n<p>SEM Louis WATUM a r\u00e9affirm\u00e9 l\u2019engagement total du Minist\u00e8re des Mines \u00e0 soutenir l\u2019op\u00e9rationnalisation efficace des Principes Volontaires d\u00e8s l\u2019exercice 2026, assurant que les recommandations issues de ces assises serviront de base solide pour une exploitation mini\u00e8re plus responsable, respectueuse des communaut\u00e9s et renfor\u00e7ant la pr\u00e9sence de l\u2019\u00c9tat&nbsp;sur&nbsp;le&nbsp;terrain.<\/p>\n","protected":false},"excerpt":{"rendered":"<p>Son Excellence Monsieur Louis WATUM, Ministre des Mines, a pris part ce lundi 15 d\u00e9cembre 2025 \u00e0 l\u2019ouverture officielle de la s\u00e9ance de travail consacr\u00e9e \u00e0 l\u2019\u00e9laboration des strat\u00e9gies op\u00e9rationnelles du Plan d\u2019Action National (PAN) pour l\u2019exercice 2026, dans le cadre de l\u2019Initiative des Principes Volontaires sur la S\u00e9curit\u00e9 et les Droits de l\u2019Homme (PV). [&hellip;]<\/p>\n","protected":false},"author":1,"featured_media":3408,"comment_status":"closed","ping_status":"open","sticky":false,"template":"","format":"standard","meta":{"tdm_status":"","tdm_grid_status":"","footnotes":""},"categories":[1],"tags":[],"class_list":{"0":"post-3411","1":"post","2":"type-post","3":"status-publish","4":"format-standard","5":"has-post-thumbnail","7":"category-non-classe"},"amp_enabled":true,"_links":{"self":[{"href":"https:\/\/mines.gouv.cd\/fr\/wp-json\/wp\/v2\/posts\/3411","targetHints":{"allow":["GET"]}}],"collection":[{"href":"https:\/\/mines.gouv.cd\/fr\/wp-json\/wp\/v2\/posts"}],"about":[{"href":"https:\/\/mines.gouv.cd\/fr\/wp-json\/wp\/v2\/types\/post"}],"author":[{"embeddable":true,"href":"https:\/\/mines.gouv.cd\/fr\/wp-json\/wp\/v2\/users\/1"}],"replies":[{"embeddable":true,"href":"https:\/\/mines.gouv.cd\/fr\/wp-json\/wp\/v2\/comments?post=3411"}],"version-history":[{"count":1,"href":"https:\/\/mines.gouv.cd\/fr\/wp-json\/wp\/v2\/posts\/3411\/revisions"}],"predecessor-version":[{"id":3412,"href":"https:\/\/mines.gouv.cd\/fr\/wp-json\/wp\/v2\/posts\/3411\/revisions\/3412"}],"wp:featuredmedia":[{"embeddable":true,"href":"https:\/\/mines.gouv.cd\/fr\/wp-json\/wp\/v2\/media\/3408"}],"wp:attachment":[{"href":"https:\/\/mines.gouv.cd\/fr\/wp-json\/wp\/v2\/media?parent=3411"}],"wp:term":[{"taxonomy":"category","embeddable":true,"href":"https:\/\/mines.gouv.cd\/fr\/wp-json\/wp\/v2\/categories?post=3411"},{"taxonomy":"post_tag","embeddable":true,"href":"https:\/\/mines.gouv.cd\/fr\/wp-json\/wp\/v2\/tags?post=3411"}],"curies":[{"name":"wp","href":"https:\/\/api.w.org\/{rel}","templated":true}]}}