{"id":3398,"date":"2025-12-15T17:43:11","date_gmt":"2025-12-15T16:43:11","guid":{"rendered":"https:\/\/mines.gouv.cd\/fr\/?p=3398"},"modified":"2025-12-15T17:43:34","modified_gmt":"2025-12-15T16:43:34","slug":"forum-de-haut-niveau-sur-laffinement-et-le-renforcement-du-modele-de-cadrage-macroeconomique-a-travers-la-prise-en-compte-des-previsions-des-recettes-budgetaires-issues-du-secteur-extractif","status":"publish","type":"post","link":"https:\/\/mines.gouv.cd\/fr\/2025\/12\/15\/forum-de-haut-niveau-sur-laffinement-et-le-renforcement-du-modele-de-cadrage-macroeconomique-a-travers-la-prise-en-compte-des-previsions-des-recettes-budgetaires-issues-du-secteur-extractif\/","title":{"rendered":"Forum de haut niveau sur l\u2019affinement et le renforcement du mod\u00e8le de cadrage macro\u00e9conomique \u00e0 travers la prise en compte des pr\u00e9visions des recettes budg\u00e9taires issues du secteur extractif."},"content":{"rendered":"<div id=\"fb-root\"><\/div>\n\n<p>Son Excellence Monsieur Louis WATUM KABAMBA, Ministre national des Mines, a pris part ce mardi 25 novembre 2025 au Forum de haut niveau sur l\u2019affinement et le renforcement du mod\u00e8le de cadrage macro\u00e9conomique \u00e0 travers la prise en compte des pr\u00e9visions des recettes budg\u00e9taires issues du secteur extractif, organis\u00e9 au Chapiteau du Pullman dans la commune de la Gombe.<\/p>\n\n\n\n<figure class=\"wp-block-image size-large\"><img loading=\"lazy\" decoding=\"async\" width=\"1024\" height=\"683\" src=\"https:\/\/mines.gouv.cd\/fr\/wp-content\/uploads\/2025\/12\/WhatsApp-Image-2025-11-25-a-15.52.44_f41f8e59-1024x683.jpg\" alt=\"\" class=\"wp-image-3401\" srcset=\"https:\/\/mines.gouv.cd\/fr\/wp-content\/uploads\/2025\/12\/WhatsApp-Image-2025-11-25-a-15.52.44_f41f8e59-1024x683.jpg 1024w, https:\/\/mines.gouv.cd\/fr\/wp-content\/uploads\/2025\/12\/WhatsApp-Image-2025-11-25-a-15.52.44_f41f8e59-300x200.jpg 300w, https:\/\/mines.gouv.cd\/fr\/wp-content\/uploads\/2025\/12\/WhatsApp-Image-2025-11-25-a-15.52.44_f41f8e59-768x512.jpg 768w, https:\/\/mines.gouv.cd\/fr\/wp-content\/uploads\/2025\/12\/WhatsApp-Image-2025-11-25-a-15.52.44_f41f8e59-696x464.jpg 696w, https:\/\/mines.gouv.cd\/fr\/wp-content\/uploads\/2025\/12\/WhatsApp-Image-2025-11-25-a-15.52.44_f41f8e59-1068x713.jpg 1068w, https:\/\/mines.gouv.cd\/fr\/wp-content\/uploads\/2025\/12\/WhatsApp-Image-2025-11-25-a-15.52.44_f41f8e59-630x420.jpg 630w, https:\/\/mines.gouv.cd\/fr\/wp-content\/uploads\/2025\/12\/WhatsApp-Image-2025-11-25-a-15.52.44_f41f8e59.jpg 1280w\" sizes=\"auto, (max-width: 1024px) 100vw, 1024px\" \/><\/figure>\n\n\n\n<p>Ce Forum de deux jours, officiellement lanc\u00e9 par Son Excellence Monsieur Guylain NYEMBO, Ministre d\u2019\u00c9tat, Ministre du Plan et de la Coordination de l\u2019Aide au D\u00e9veloppement, a r\u00e9uni les d\u00e9cideurs publics, les institutions financi\u00e8res nationales et internationales, les administrations sectorielles, les repr\u00e9sentants des entreprises mini\u00e8res ainsi que les partenaires techniques engag\u00e9s dans la gouvernance et la planification des revenus issus des ressources naturelles.<\/p>\n\n\n\n<figure class=\"wp-block-image size-large\"><img loading=\"lazy\" decoding=\"async\" width=\"1024\" height=\"683\" src=\"https:\/\/mines.gouv.cd\/fr\/wp-content\/uploads\/2025\/12\/WhatsApp-Image-2025-11-25-a-15.52.44_f5be8c38-1024x683.jpg\" alt=\"\" class=\"wp-image-3400\" srcset=\"https:\/\/mines.gouv.cd\/fr\/wp-content\/uploads\/2025\/12\/WhatsApp-Image-2025-11-25-a-15.52.44_f5be8c38-1024x683.jpg 1024w, https:\/\/mines.gouv.cd\/fr\/wp-content\/uploads\/2025\/12\/WhatsApp-Image-2025-11-25-a-15.52.44_f5be8c38-300x200.jpg 300w, https:\/\/mines.gouv.cd\/fr\/wp-content\/uploads\/2025\/12\/WhatsApp-Image-2025-11-25-a-15.52.44_f5be8c38-768x512.jpg 768w, https:\/\/mines.gouv.cd\/fr\/wp-content\/uploads\/2025\/12\/WhatsApp-Image-2025-11-25-a-15.52.44_f5be8c38-696x464.jpg 696w, https:\/\/mines.gouv.cd\/fr\/wp-content\/uploads\/2025\/12\/WhatsApp-Image-2025-11-25-a-15.52.44_f5be8c38-1068x713.jpg 1068w, https:\/\/mines.gouv.cd\/fr\/wp-content\/uploads\/2025\/12\/WhatsApp-Image-2025-11-25-a-15.52.44_f5be8c38-630x420.jpg 630w, https:\/\/mines.gouv.cd\/fr\/wp-content\/uploads\/2025\/12\/WhatsApp-Image-2025-11-25-a-15.52.44_f5be8c38.jpg 1280w\" sizes=\"auto, (max-width: 1024px) 100vw, 1024px\" \/><\/figure>\n\n\n\n<p>En tant que membre du panel de haut niveau, le Ministre des Mines est intervenu sur :<\/p>\n\n\n\n<p>L\u2019importance strat\u00e9gique de la mod\u00e9lisation financi\u00e8re pour renforcer la supervision et la r\u00e9gulation du secteur minier ;<\/p>\n\n\n\n<p>L\u2019enjeu de la transmission de donn\u00e9es certifi\u00e9es et v\u00e9rifi\u00e9es au Noyau Pr\u00e9visions des Recettes Extractives du CPCM ;<\/p>\n\n\n\n<p>Le Ministre Louis WATUM KABAMBA a r\u00e9affirm\u00e9 l\u2019engagement du Gouvernement de la R\u00e9publique, sous le leadership du Pr\u00e9sident de la R\u00e9publique, Chef de l\u2019\u00c9tat, \u00e0 faire du secteur minier un levier structurant du d\u00e9veloppement national.<\/p>\n\n\n\n<figure class=\"wp-block-image size-large\"><img loading=\"lazy\" decoding=\"async\" width=\"1024\" height=\"683\" src=\"https:\/\/mines.gouv.cd\/fr\/wp-content\/uploads\/2025\/12\/WhatsApp-Image-2025-11-25-a-15.52.46_b539b7f6-1024x683.jpg\" alt=\"\" class=\"wp-image-3406\" srcset=\"https:\/\/mines.gouv.cd\/fr\/wp-content\/uploads\/2025\/12\/WhatsApp-Image-2025-11-25-a-15.52.46_b539b7f6-1024x683.jpg 1024w, https:\/\/mines.gouv.cd\/fr\/wp-content\/uploads\/2025\/12\/WhatsApp-Image-2025-11-25-a-15.52.46_b539b7f6-300x200.jpg 300w, https:\/\/mines.gouv.cd\/fr\/wp-content\/uploads\/2025\/12\/WhatsApp-Image-2025-11-25-a-15.52.46_b539b7f6-768x512.jpg 768w, https:\/\/mines.gouv.cd\/fr\/wp-content\/uploads\/2025\/12\/WhatsApp-Image-2025-11-25-a-15.52.46_b539b7f6-696x464.jpg 696w, https:\/\/mines.gouv.cd\/fr\/wp-content\/uploads\/2025\/12\/WhatsApp-Image-2025-11-25-a-15.52.46_b539b7f6-1068x713.jpg 1068w, https:\/\/mines.gouv.cd\/fr\/wp-content\/uploads\/2025\/12\/WhatsApp-Image-2025-11-25-a-15.52.46_b539b7f6-630x420.jpg 630w, https:\/\/mines.gouv.cd\/fr\/wp-content\/uploads\/2025\/12\/WhatsApp-Image-2025-11-25-a-15.52.46_b539b7f6.jpg 1280w\" sizes=\"auto, (max-width: 1024px) 100vw, 1024px\" \/><\/figure>\n\n\n\n<p>Il a \u00e9galement rappel\u00e9 la n\u00e9cessit\u00e9 d\u2019un partage \u00e9quitable des b\u00e9n\u00e9fices miniers, du respect strict des lois et normes nationales, ainsi que des obligations r\u00e9ciproques entre l\u2019\u00c9tat et les investisseurs. Il a soulign\u00e9, par ailleurs, les initiatives visant \u00e0 pr\u00e9server et stimuler l\u2019investissement dans l\u2019apr\u00e8s-exploitation.<\/p>\n\n\n\n<p>Le Ministre des Mines a salu\u00e9 la tenue de ce Forum, dont les conclusions contribueront \u00e0 renforcer la coordination institutionnelle, \u00e0 am\u00e9liorer la fiabilit\u00e9 des projections des recettes extractives et \u00e0 soutenir une planification budg\u00e9taire align\u00e9e sur les ambitions&nbsp;nationales.<\/p>\n\n\n\n<figure class=\"wp-block-image size-large\"><img loading=\"lazy\" decoding=\"async\" width=\"1024\" height=\"683\" src=\"https:\/\/mines.gouv.cd\/fr\/wp-content\/uploads\/2025\/12\/WhatsApp-Image-2025-11-25-a-15.52.45_c52c2e8f-1024x683.jpg\" alt=\"\" class=\"wp-image-3404\" srcset=\"https:\/\/mines.gouv.cd\/fr\/wp-content\/uploads\/2025\/12\/WhatsApp-Image-2025-11-25-a-15.52.45_c52c2e8f-1024x683.jpg 1024w, https:\/\/mines.gouv.cd\/fr\/wp-content\/uploads\/2025\/12\/WhatsApp-Image-2025-11-25-a-15.52.45_c52c2e8f-300x200.jpg 300w, https:\/\/mines.gouv.cd\/fr\/wp-content\/uploads\/2025\/12\/WhatsApp-Image-2025-11-25-a-15.52.45_c52c2e8f-768x512.jpg 768w, https:\/\/mines.gouv.cd\/fr\/wp-content\/uploads\/2025\/12\/WhatsApp-Image-2025-11-25-a-15.52.45_c52c2e8f-696x464.jpg 696w, https:\/\/mines.gouv.cd\/fr\/wp-content\/uploads\/2025\/12\/WhatsApp-Image-2025-11-25-a-15.52.45_c52c2e8f-1068x713.jpg 1068w, https:\/\/mines.gouv.cd\/fr\/wp-content\/uploads\/2025\/12\/WhatsApp-Image-2025-11-25-a-15.52.45_c52c2e8f-630x420.jpg 630w, https:\/\/mines.gouv.cd\/fr\/wp-content\/uploads\/2025\/12\/WhatsApp-Image-2025-11-25-a-15.52.45_c52c2e8f.jpg 1280w\" sizes=\"auto, (max-width: 1024px) 100vw, 1024px\" \/><\/figure>\n","protected":false},"excerpt":{"rendered":"<p>Son Excellence Monsieur Louis WATUM KABAMBA, Ministre national des Mines, a pris part ce mardi 25 novembre 2025 au Forum de haut niveau sur l\u2019affinement et le renforcement du mod\u00e8le de cadrage macro\u00e9conomique \u00e0 travers la prise en compte des pr\u00e9visions des recettes budg\u00e9taires issues du secteur extractif, organis\u00e9 au Chapiteau du Pullman dans la [&hellip;]<\/p>\n","protected":false},"author":1,"featured_media":3403,"comment_status":"closed","ping_status":"open","sticky":false,"template":"","format":"standard","meta":{"tdm_status":"","tdm_grid_status":"","footnotes":""},"categories":[89,85,80,86,1,83],"tags":[],"class_list":{"0":"post-3398","1":"post","2":"type-post","3":"status-publish","4":"format-standard","5":"has-post-thumbnail","7":"category-a-la-une","8":"category-actualite","9":"category-bonne-gouvernance","10":"category-cuivre-cobalt","11":"category-non-classe","12":"category-transparence"},"amp_enabled":true,"_links":{"self":[{"href":"https:\/\/mines.gouv.cd\/fr\/wp-json\/wp\/v2\/posts\/3398","targetHints":{"allow":["GET"]}}],"collection":[{"href":"https:\/\/mines.gouv.cd\/fr\/wp-json\/wp\/v2\/posts"}],"about":[{"href":"https:\/\/mines.gouv.cd\/fr\/wp-json\/wp\/v2\/types\/post"}],"author":[{"embeddable":true,"href":"https:\/\/mines.gouv.cd\/fr\/wp-json\/wp\/v2\/users\/1"}],"replies":[{"embeddable":true,"href":"https:\/\/mines.gouv.cd\/fr\/wp-json\/wp\/v2\/comments?post=3398"}],"version-history":[{"count":1,"href":"https:\/\/mines.gouv.cd\/fr\/wp-json\/wp\/v2\/posts\/3398\/revisions"}],"predecessor-version":[{"id":3410,"href":"https:\/\/mines.gouv.cd\/fr\/wp-json\/wp\/v2\/posts\/3398\/revisions\/3410"}],"wp:featuredmedia":[{"embeddable":true,"href":"https:\/\/mines.gouv.cd\/fr\/wp-json\/wp\/v2\/media\/3403"}],"wp:attachment":[{"href":"https:\/\/mines.gouv.cd\/fr\/wp-json\/wp\/v2\/media?parent=3398"}],"wp:term":[{"taxonomy":"category","embeddable":true,"href":"https:\/\/mines.gouv.cd\/fr\/wp-json\/wp\/v2\/categories?post=3398"},{"taxonomy":"post_tag","embeddable":true,"href":"https:\/\/mines.gouv.cd\/fr\/wp-json\/wp\/v2\/tags?post=3398"}],"curies":[{"name":"wp","href":"https:\/\/api.w.org\/{rel}","templated":true}]}}