{"id":3364,"date":"2025-11-12T14:38:50","date_gmt":"2025-11-12T13:38:50","guid":{"rendered":"https:\/\/mines.gouv.cd\/fr\/?p=3364"},"modified":"2025-11-12T14:38:51","modified_gmt":"2025-11-12T13:38:51","slug":"kinshasa-11-novembre-2025-9%e1%b5%89-reunion-des-ministres-des-mines-de-la-cirgl","status":"publish","type":"post","link":"https:\/\/mines.gouv.cd\/fr\/2025\/11\/12\/kinshasa-11-novembre-2025-9%e1%b5%89-reunion-des-ministres-des-mines-de-la-cirgl\/","title":{"rendered":"Kinshasa, 11 novembre 2025 \u2013 9\u1d49 R\u00e9union des Ministres des Mines de la CIRGL"},"content":{"rendered":"<div id=\"fb-root\"><\/div>\n\n<p>La R\u00e9publique D\u00e9mocratique du Congo a accueilli, ce mardi 11 novembre 2025 \u00e0 Kinshasa, la 9\u1d49 R\u00e9union des Ministres en charge des Mines des \u00c9tats membres de la Conf\u00e9rence Internationale sur la R\u00e9gion des Grands Lacs (CIRGL).<\/p>\n\n\n\n<figure class=\"wp-block-image size-large\"><img loading=\"lazy\" decoding=\"async\" width=\"1024\" height=\"683\" src=\"https:\/\/mines.gouv.cd\/fr\/wp-content\/uploads\/2025\/11\/WhatsApp-Image-2025-11-12-a-03.04.28_432ff3f1-1024x683.jpg\" alt=\"\" class=\"wp-image-3378\" srcset=\"https:\/\/mines.gouv.cd\/fr\/wp-content\/uploads\/2025\/11\/WhatsApp-Image-2025-11-12-a-03.04.28_432ff3f1-1024x683.jpg 1024w, https:\/\/mines.gouv.cd\/fr\/wp-content\/uploads\/2025\/11\/WhatsApp-Image-2025-11-12-a-03.04.28_432ff3f1-300x200.jpg 300w, https:\/\/mines.gouv.cd\/fr\/wp-content\/uploads\/2025\/11\/WhatsApp-Image-2025-11-12-a-03.04.28_432ff3f1-768x512.jpg 768w, https:\/\/mines.gouv.cd\/fr\/wp-content\/uploads\/2025\/11\/WhatsApp-Image-2025-11-12-a-03.04.28_432ff3f1-696x464.jpg 696w, https:\/\/mines.gouv.cd\/fr\/wp-content\/uploads\/2025\/11\/WhatsApp-Image-2025-11-12-a-03.04.28_432ff3f1-1068x713.jpg 1068w, https:\/\/mines.gouv.cd\/fr\/wp-content\/uploads\/2025\/11\/WhatsApp-Image-2025-11-12-a-03.04.28_432ff3f1-630x420.jpg 630w, https:\/\/mines.gouv.cd\/fr\/wp-content\/uploads\/2025\/11\/WhatsApp-Image-2025-11-12-a-03.04.28_432ff3f1.jpg 1280w\" sizes=\"auto, (max-width: 1024px) 100vw, 1024px\" \/><\/figure>\n\n\n\n<p>Une rencontre strat\u00e9gique, en pr\u00e9lude au Sommet des Chefs d\u2019\u00c9tat et de Gouvernement de la CIRGL, pr\u00e9vu le 15 novembre 2025, autour du th\u00e8me :<\/p>\n\n\n\n<p>\u00ab Consolider la paix et la s\u00e9curit\u00e9 pour un d\u00e9veloppement durable dans la r\u00e9gion des Grands Lacs \u00bb.<\/p>\n\n\n\n<p>Les travaux ont \u00e9t\u00e9 ouverts par le Vice-Premier Ministre, Ministre de l\u2019Int\u00e9rieur, S.E. Jacquemin SHABANI, repr\u00e9sentant la Premi\u00e8re Ministre, S.E. Judith SUMINWA TULUKA, en pr\u00e9sence du Ministre de l\u2019Int\u00e9gration r\u00e9gionale de la R\u00e9publique D\u00e9mocratique du Congo, S.E.M. Floribert ANZULUNI.<\/p>\n\n\n\n<figure class=\"wp-block-image size-large\"><img loading=\"lazy\" decoding=\"async\" width=\"1024\" height=\"683\" src=\"https:\/\/mines.gouv.cd\/fr\/wp-content\/uploads\/2025\/11\/WhatsApp-Image-2025-11-12-a-03.04.29_9a989273-1024x683.jpg\" alt=\"\" class=\"wp-image-3380\" srcset=\"https:\/\/mines.gouv.cd\/fr\/wp-content\/uploads\/2025\/11\/WhatsApp-Image-2025-11-12-a-03.04.29_9a989273-1024x683.jpg 1024w, https:\/\/mines.gouv.cd\/fr\/wp-content\/uploads\/2025\/11\/WhatsApp-Image-2025-11-12-a-03.04.29_9a989273-300x200.jpg 300w, https:\/\/mines.gouv.cd\/fr\/wp-content\/uploads\/2025\/11\/WhatsApp-Image-2025-11-12-a-03.04.29_9a989273-768x512.jpg 768w, https:\/\/mines.gouv.cd\/fr\/wp-content\/uploads\/2025\/11\/WhatsApp-Image-2025-11-12-a-03.04.29_9a989273-696x464.jpg 696w, https:\/\/mines.gouv.cd\/fr\/wp-content\/uploads\/2025\/11\/WhatsApp-Image-2025-11-12-a-03.04.29_9a989273-1068x713.jpg 1068w, https:\/\/mines.gouv.cd\/fr\/wp-content\/uploads\/2025\/11\/WhatsApp-Image-2025-11-12-a-03.04.29_9a989273-630x420.jpg 630w, https:\/\/mines.gouv.cd\/fr\/wp-content\/uploads\/2025\/11\/WhatsApp-Image-2025-11-12-a-03.04.29_9a989273.jpg 1280w\" sizes=\"auto, (max-width: 1024px) 100vw, 1024px\" \/><\/figure>\n\n\n\n<p>Dans son intervention, le Ministre national des Mines, S.E.M. Louis WATUM KABAMBA, a soulign\u00e9 que les ressources naturelles de la r\u00e9gion doivent devenir un moteur de paix, de stabilit\u00e9 et de prosp\u00e9rit\u00e9 partag\u00e9e, et non une source de conflits.<\/p>\n\n\n\n<p>Le Ministre a \u00e9galement pr\u00e9sent\u00e9 les orientations prioritaires que la RDC entend porter \u00e0 la pr\u00e9sidence de la Conf\u00e9rence des Ministres des Mines de la CIRGL :<\/p>\n\n\n\n<figure class=\"wp-block-image size-large\"><img loading=\"lazy\" decoding=\"async\" width=\"682\" height=\"1024\" src=\"https:\/\/mines.gouv.cd\/fr\/wp-content\/uploads\/2025\/11\/WhatsApp-Image-2025-11-12-a-03.04.23_8e7d5720-682x1024.jpg\" alt=\"\" class=\"wp-image-3366\" srcset=\"https:\/\/mines.gouv.cd\/fr\/wp-content\/uploads\/2025\/11\/WhatsApp-Image-2025-11-12-a-03.04.23_8e7d5720-682x1024.jpg 682w, https:\/\/mines.gouv.cd\/fr\/wp-content\/uploads\/2025\/11\/WhatsApp-Image-2025-11-12-a-03.04.23_8e7d5720-200x300.jpg 200w, https:\/\/mines.gouv.cd\/fr\/wp-content\/uploads\/2025\/11\/WhatsApp-Image-2025-11-12-a-03.04.23_8e7d5720-768x1152.jpg 768w, https:\/\/mines.gouv.cd\/fr\/wp-content\/uploads\/2025\/11\/WhatsApp-Image-2025-11-12-a-03.04.23_8e7d5720-696x1044.jpg 696w, https:\/\/mines.gouv.cd\/fr\/wp-content\/uploads\/2025\/11\/WhatsApp-Image-2025-11-12-a-03.04.23_8e7d5720-280x420.jpg 280w, https:\/\/mines.gouv.cd\/fr\/wp-content\/uploads\/2025\/11\/WhatsApp-Image-2025-11-12-a-03.04.23_8e7d5720.jpg 853w\" sizes=\"auto, (max-width: 682px) 100vw, 682px\" \/><\/figure>\n\n\n\n<p>Acc\u00e9l\u00e9rer la mise en \u0153uvre des six outils de l\u2019Initiative R\u00e9gionale contre l\u2019Exploitation Ill\u00e9gale des Ressources Naturelles (IRRN) ;<\/p>\n\n\n\n<p>Mettre en service la base de donn\u00e9es r\u00e9gionale sur les flux des minerais ;<\/p>\n\n\n\n<p>Op\u00e9rationnaliser le laboratoire r\u00e9gional \u201cFingerprint AFP\u201d pour l\u2019authentification scientifique de l\u2019origine des minerais ;<\/p>\n\n\n\n<p>Renforcer la coop\u00e9ration entre les \u00c9tats membres pour lutter contre la contrebande et la criminalit\u00e9 mini\u00e8re ;<\/p>\n\n\n\n<p>Mobiliser les partenaires techniques et financiers pour soutenir la digitalisation et la bonne gouvernance du secteur.<\/p>\n\n\n\n<p>Pr\u00e9sid\u00e9e par le Ministre brazzavillois de l\u2019Industrie mini\u00e8re et de la G\u00e9ologie, cette r\u00e9union, qui a r\u00e9uni les Ministres en charge des Mines des \u00c9tats membres de la CIRGL, s\u2019inscrit dans la dynamique r\u00e9gionale visant \u00e0 faire du secteur minier un pilier du d\u00e9veloppement durable, de la transparence et de la stabilit\u00e9 dans la R\u00e9gion des Grands Lacs.<\/p>\n\n\n\n<figure class=\"wp-block-image size-large\"><img loading=\"lazy\" decoding=\"async\" width=\"1024\" height=\"682\" src=\"https:\/\/mines.gouv.cd\/fr\/wp-content\/uploads\/2025\/11\/WhatsApp-Image-2025-11-12-a-03.04.25_fcf25ac7-1024x682.jpg\" alt=\"\" class=\"wp-image-3372\" srcset=\"https:\/\/mines.gouv.cd\/fr\/wp-content\/uploads\/2025\/11\/WhatsApp-Image-2025-11-12-a-03.04.25_fcf25ac7-1024x682.jpg 1024w, https:\/\/mines.gouv.cd\/fr\/wp-content\/uploads\/2025\/11\/WhatsApp-Image-2025-11-12-a-03.04.25_fcf25ac7-300x200.jpg 300w, https:\/\/mines.gouv.cd\/fr\/wp-content\/uploads\/2025\/11\/WhatsApp-Image-2025-11-12-a-03.04.25_fcf25ac7-768x512.jpg 768w, https:\/\/mines.gouv.cd\/fr\/wp-content\/uploads\/2025\/11\/WhatsApp-Image-2025-11-12-a-03.04.25_fcf25ac7-696x464.jpg 696w, https:\/\/mines.gouv.cd\/fr\/wp-content\/uploads\/2025\/11\/WhatsApp-Image-2025-11-12-a-03.04.25_fcf25ac7-1068x712.jpg 1068w, https:\/\/mines.gouv.cd\/fr\/wp-content\/uploads\/2025\/11\/WhatsApp-Image-2025-11-12-a-03.04.25_fcf25ac7-630x420.jpg 630w, https:\/\/mines.gouv.cd\/fr\/wp-content\/uploads\/2025\/11\/WhatsApp-Image-2025-11-12-a-03.04.25_fcf25ac7.jpg 1280w\" sizes=\"auto, (max-width: 1024px) 100vw, 1024px\" \/><\/figure>\n\n\n\n<p>Prochaine \u00e9tape : le Sommet des Chefs d\u2019\u00c9tat de la CIRGL, le 15 novembre 2025 \u00e0 Kinshasa, o\u00f9 seront adopt\u00e9es les grandes orientations politiques&nbsp;r\u00e9gionales.<\/p>\n\n\n\n<figure class=\"wp-block-gallery has-nested-images columns-default is-cropped wp-block-gallery-1 is-layout-flex wp-block-gallery-is-layout-flex\">\n<figure class=\"wp-block-image size-large\"><img loading=\"lazy\" decoding=\"async\" width=\"1024\" height=\"682\" data-id=\"3381\" src=\"https:\/\/mines.gouv.cd\/fr\/wp-content\/uploads\/2025\/11\/WhatsApp-Image-2025-11-12-a-03.04.29_187fbea5-1024x682.jpg\" alt=\"\" class=\"wp-image-3381\" srcset=\"https:\/\/mines.gouv.cd\/fr\/wp-content\/uploads\/2025\/11\/WhatsApp-Image-2025-11-12-a-03.04.29_187fbea5-1024x682.jpg 1024w, https:\/\/mines.gouv.cd\/fr\/wp-content\/uploads\/2025\/11\/WhatsApp-Image-2025-11-12-a-03.04.29_187fbea5-300x200.jpg 300w, https:\/\/mines.gouv.cd\/fr\/wp-content\/uploads\/2025\/11\/WhatsApp-Image-2025-11-12-a-03.04.29_187fbea5-768x512.jpg 768w, https:\/\/mines.gouv.cd\/fr\/wp-content\/uploads\/2025\/11\/WhatsApp-Image-2025-11-12-a-03.04.29_187fbea5-696x464.jpg 696w, https:\/\/mines.gouv.cd\/fr\/wp-content\/uploads\/2025\/11\/WhatsApp-Image-2025-11-12-a-03.04.29_187fbea5-1068x712.jpg 1068w, https:\/\/mines.gouv.cd\/fr\/wp-content\/uploads\/2025\/11\/WhatsApp-Image-2025-11-12-a-03.04.29_187fbea5-630x420.jpg 630w, https:\/\/mines.gouv.cd\/fr\/wp-content\/uploads\/2025\/11\/WhatsApp-Image-2025-11-12-a-03.04.29_187fbea5.jpg 1280w\" sizes=\"auto, (max-width: 1024px) 100vw, 1024px\" \/><\/figure>\n\n\n\n<figure class=\"wp-block-image size-large\"><img loading=\"lazy\" decoding=\"async\" width=\"1024\" height=\"683\" data-id=\"3379\" src=\"https:\/\/mines.gouv.cd\/fr\/wp-content\/uploads\/2025\/11\/WhatsApp-Image-2025-11-12-a-03.04.28_d9576876-1024x683.jpg\" alt=\"\" class=\"wp-image-3379\" srcset=\"https:\/\/mines.gouv.cd\/fr\/wp-content\/uploads\/2025\/11\/WhatsApp-Image-2025-11-12-a-03.04.28_d9576876-1024x683.jpg 1024w, https:\/\/mines.gouv.cd\/fr\/wp-content\/uploads\/2025\/11\/WhatsApp-Image-2025-11-12-a-03.04.28_d9576876-300x200.jpg 300w, https:\/\/mines.gouv.cd\/fr\/wp-content\/uploads\/2025\/11\/WhatsApp-Image-2025-11-12-a-03.04.28_d9576876-768x512.jpg 768w, https:\/\/mines.gouv.cd\/fr\/wp-content\/uploads\/2025\/11\/WhatsApp-Image-2025-11-12-a-03.04.28_d9576876-696x464.jpg 696w, https:\/\/mines.gouv.cd\/fr\/wp-content\/uploads\/2025\/11\/WhatsApp-Image-2025-11-12-a-03.04.28_d9576876-1068x713.jpg 1068w, https:\/\/mines.gouv.cd\/fr\/wp-content\/uploads\/2025\/11\/WhatsApp-Image-2025-11-12-a-03.04.28_d9576876-630x420.jpg 630w, https:\/\/mines.gouv.cd\/fr\/wp-content\/uploads\/2025\/11\/WhatsApp-Image-2025-11-12-a-03.04.28_d9576876.jpg 1280w\" sizes=\"auto, (max-width: 1024px) 100vw, 1024px\" \/><\/figure>\n\n\n\n<figure class=\"wp-block-image size-large\"><img loading=\"lazy\" decoding=\"async\" width=\"682\" height=\"1024\" data-id=\"3377\" src=\"https:\/\/mines.gouv.cd\/fr\/wp-content\/uploads\/2025\/11\/WhatsApp-Image-2025-11-12-a-03.04.27_e18d95f5-682x1024.jpg\" alt=\"\" class=\"wp-image-3377\" srcset=\"https:\/\/mines.gouv.cd\/fr\/wp-content\/uploads\/2025\/11\/WhatsApp-Image-2025-11-12-a-03.04.27_e18d95f5-682x1024.jpg 682w, https:\/\/mines.gouv.cd\/fr\/wp-content\/uploads\/2025\/11\/WhatsApp-Image-2025-11-12-a-03.04.27_e18d95f5-200x300.jpg 200w, https:\/\/mines.gouv.cd\/fr\/wp-content\/uploads\/2025\/11\/WhatsApp-Image-2025-11-12-a-03.04.27_e18d95f5-768x1152.jpg 768w, https:\/\/mines.gouv.cd\/fr\/wp-content\/uploads\/2025\/11\/WhatsApp-Image-2025-11-12-a-03.04.27_e18d95f5-696x1044.jpg 696w, https:\/\/mines.gouv.cd\/fr\/wp-content\/uploads\/2025\/11\/WhatsApp-Image-2025-11-12-a-03.04.27_e18d95f5-280x420.jpg 280w, https:\/\/mines.gouv.cd\/fr\/wp-content\/uploads\/2025\/11\/WhatsApp-Image-2025-11-12-a-03.04.27_e18d95f5.jpg 853w\" sizes=\"auto, (max-width: 682px) 100vw, 682px\" \/><\/figure>\n\n\n\n<figure class=\"wp-block-image size-large\"><img loading=\"lazy\" decoding=\"async\" width=\"1024\" height=\"682\" data-id=\"3373\" src=\"https:\/\/mines.gouv.cd\/fr\/wp-content\/uploads\/2025\/11\/WhatsApp-Image-2025-11-12-a-03.04.26_2c2a928b-1024x682.jpg\" alt=\"\" class=\"wp-image-3373\" srcset=\"https:\/\/mines.gouv.cd\/fr\/wp-content\/uploads\/2025\/11\/WhatsApp-Image-2025-11-12-a-03.04.26_2c2a928b-1024x682.jpg 1024w, https:\/\/mines.gouv.cd\/fr\/wp-content\/uploads\/2025\/11\/WhatsApp-Image-2025-11-12-a-03.04.26_2c2a928b-300x200.jpg 300w, https:\/\/mines.gouv.cd\/fr\/wp-content\/uploads\/2025\/11\/WhatsApp-Image-2025-11-12-a-03.04.26_2c2a928b-768x512.jpg 768w, https:\/\/mines.gouv.cd\/fr\/wp-content\/uploads\/2025\/11\/WhatsApp-Image-2025-11-12-a-03.04.26_2c2a928b-696x464.jpg 696w, https:\/\/mines.gouv.cd\/fr\/wp-content\/uploads\/2025\/11\/WhatsApp-Image-2025-11-12-a-03.04.26_2c2a928b-1068x712.jpg 1068w, https:\/\/mines.gouv.cd\/fr\/wp-content\/uploads\/2025\/11\/WhatsApp-Image-2025-11-12-a-03.04.26_2c2a928b-630x420.jpg 630w, https:\/\/mines.gouv.cd\/fr\/wp-content\/uploads\/2025\/11\/WhatsApp-Image-2025-11-12-a-03.04.26_2c2a928b.jpg 1280w\" sizes=\"auto, (max-width: 1024px) 100vw, 1024px\" \/><\/figure>\n\n\n\n<figure class=\"wp-block-image size-large\"><img loading=\"lazy\" decoding=\"async\" width=\"1024\" height=\"683\" data-id=\"3374\" src=\"https:\/\/mines.gouv.cd\/fr\/wp-content\/uploads\/2025\/11\/WhatsApp-Image-2025-11-12-a-03.04.26_339a46c9-1024x683.jpg\" alt=\"\" class=\"wp-image-3374\" srcset=\"https:\/\/mines.gouv.cd\/fr\/wp-content\/uploads\/2025\/11\/WhatsApp-Image-2025-11-12-a-03.04.26_339a46c9-1024x683.jpg 1024w, https:\/\/mines.gouv.cd\/fr\/wp-content\/uploads\/2025\/11\/WhatsApp-Image-2025-11-12-a-03.04.26_339a46c9-300x200.jpg 300w, https:\/\/mines.gouv.cd\/fr\/wp-content\/uploads\/2025\/11\/WhatsApp-Image-2025-11-12-a-03.04.26_339a46c9-768x512.jpg 768w, https:\/\/mines.gouv.cd\/fr\/wp-content\/uploads\/2025\/11\/WhatsApp-Image-2025-11-12-a-03.04.26_339a46c9-696x464.jpg 696w, https:\/\/mines.gouv.cd\/fr\/wp-content\/uploads\/2025\/11\/WhatsApp-Image-2025-11-12-a-03.04.26_339a46c9-1068x713.jpg 1068w, https:\/\/mines.gouv.cd\/fr\/wp-content\/uploads\/2025\/11\/WhatsApp-Image-2025-11-12-a-03.04.26_339a46c9-630x420.jpg 630w, https:\/\/mines.gouv.cd\/fr\/wp-content\/uploads\/2025\/11\/WhatsApp-Image-2025-11-12-a-03.04.26_339a46c9.jpg 1280w\" sizes=\"auto, (max-width: 1024px) 100vw, 1024px\" \/><\/figure>\n\n\n\n<figure class=\"wp-block-image size-large\"><img loading=\"lazy\" decoding=\"async\" width=\"1024\" height=\"683\" data-id=\"3375\" src=\"https:\/\/mines.gouv.cd\/fr\/wp-content\/uploads\/2025\/11\/WhatsApp-Image-2025-11-12-a-03.04.26_590d270c-1024x683.jpg\" alt=\"\" class=\"wp-image-3375\" srcset=\"https:\/\/mines.gouv.cd\/fr\/wp-content\/uploads\/2025\/11\/WhatsApp-Image-2025-11-12-a-03.04.26_590d270c-1024x683.jpg 1024w, https:\/\/mines.gouv.cd\/fr\/wp-content\/uploads\/2025\/11\/WhatsApp-Image-2025-11-12-a-03.04.26_590d270c-300x200.jpg 300w, https:\/\/mines.gouv.cd\/fr\/wp-content\/uploads\/2025\/11\/WhatsApp-Image-2025-11-12-a-03.04.26_590d270c-768x512.jpg 768w, https:\/\/mines.gouv.cd\/fr\/wp-content\/uploads\/2025\/11\/WhatsApp-Image-2025-11-12-a-03.04.26_590d270c-696x464.jpg 696w, https:\/\/mines.gouv.cd\/fr\/wp-content\/uploads\/2025\/11\/WhatsApp-Image-2025-11-12-a-03.04.26_590d270c-1068x713.jpg 1068w, https:\/\/mines.gouv.cd\/fr\/wp-content\/uploads\/2025\/11\/WhatsApp-Image-2025-11-12-a-03.04.26_590d270c-630x420.jpg 630w, https:\/\/mines.gouv.cd\/fr\/wp-content\/uploads\/2025\/11\/WhatsApp-Image-2025-11-12-a-03.04.26_590d270c.jpg 1280w\" sizes=\"auto, (max-width: 1024px) 100vw, 1024px\" \/><\/figure>\n\n\n\n<figure class=\"wp-block-image size-large\"><img loading=\"lazy\" decoding=\"async\" width=\"1024\" height=\"682\" data-id=\"3371\" src=\"https:\/\/mines.gouv.cd\/fr\/wp-content\/uploads\/2025\/11\/WhatsApp-Image-2025-11-12-a-03.04.25_429081d9-1024x682.jpg\" alt=\"\" class=\"wp-image-3371\" srcset=\"https:\/\/mines.gouv.cd\/fr\/wp-content\/uploads\/2025\/11\/WhatsApp-Image-2025-11-12-a-03.04.25_429081d9-1024x682.jpg 1024w, https:\/\/mines.gouv.cd\/fr\/wp-content\/uploads\/2025\/11\/WhatsApp-Image-2025-11-12-a-03.04.25_429081d9-300x200.jpg 300w, https:\/\/mines.gouv.cd\/fr\/wp-content\/uploads\/2025\/11\/WhatsApp-Image-2025-11-12-a-03.04.25_429081d9-768x512.jpg 768w, https:\/\/mines.gouv.cd\/fr\/wp-content\/uploads\/2025\/11\/WhatsApp-Image-2025-11-12-a-03.04.25_429081d9-696x464.jpg 696w, https:\/\/mines.gouv.cd\/fr\/wp-content\/uploads\/2025\/11\/WhatsApp-Image-2025-11-12-a-03.04.25_429081d9-1068x712.jpg 1068w, https:\/\/mines.gouv.cd\/fr\/wp-content\/uploads\/2025\/11\/WhatsApp-Image-2025-11-12-a-03.04.25_429081d9-630x420.jpg 630w, https:\/\/mines.gouv.cd\/fr\/wp-content\/uploads\/2025\/11\/WhatsApp-Image-2025-11-12-a-03.04.25_429081d9.jpg 1280w\" sizes=\"auto, (max-width: 1024px) 100vw, 1024px\" \/><\/figure>\n\n\n\n<figure class=\"wp-block-image size-large\"><img loading=\"lazy\" decoding=\"async\" width=\"1024\" height=\"682\" data-id=\"3369\" src=\"https:\/\/mines.gouv.cd\/fr\/wp-content\/uploads\/2025\/11\/WhatsApp-Image-2025-11-12-a-03.04.24_7146692b-1024x682.jpg\" alt=\"\" class=\"wp-image-3369\" srcset=\"https:\/\/mines.gouv.cd\/fr\/wp-content\/uploads\/2025\/11\/WhatsApp-Image-2025-11-12-a-03.04.24_7146692b-1024x682.jpg 1024w, https:\/\/mines.gouv.cd\/fr\/wp-content\/uploads\/2025\/11\/WhatsApp-Image-2025-11-12-a-03.04.24_7146692b-300x200.jpg 300w, https:\/\/mines.gouv.cd\/fr\/wp-content\/uploads\/2025\/11\/WhatsApp-Image-2025-11-12-a-03.04.24_7146692b-768x512.jpg 768w, https:\/\/mines.gouv.cd\/fr\/wp-content\/uploads\/2025\/11\/WhatsApp-Image-2025-11-12-a-03.04.24_7146692b-696x464.jpg 696w, https:\/\/mines.gouv.cd\/fr\/wp-content\/uploads\/2025\/11\/WhatsApp-Image-2025-11-12-a-03.04.24_7146692b-1068x712.jpg 1068w, https:\/\/mines.gouv.cd\/fr\/wp-content\/uploads\/2025\/11\/WhatsApp-Image-2025-11-12-a-03.04.24_7146692b-630x420.jpg 630w, https:\/\/mines.gouv.cd\/fr\/wp-content\/uploads\/2025\/11\/WhatsApp-Image-2025-11-12-a-03.04.24_7146692b.jpg 1280w\" sizes=\"auto, (max-width: 1024px) 100vw, 1024px\" \/><\/figure>\n\n\n\n<figure class=\"wp-block-image size-large\"><img loading=\"lazy\" decoding=\"async\" width=\"1024\" height=\"683\" data-id=\"3367\" src=\"https:\/\/mines.gouv.cd\/fr\/wp-content\/uploads\/2025\/11\/WhatsApp-Image-2025-11-12-a-03.04.24_71d638e5-1024x683.jpg\" alt=\"\" class=\"wp-image-3367\" srcset=\"https:\/\/mines.gouv.cd\/fr\/wp-content\/uploads\/2025\/11\/WhatsApp-Image-2025-11-12-a-03.04.24_71d638e5-1024x683.jpg 1024w, https:\/\/mines.gouv.cd\/fr\/wp-content\/uploads\/2025\/11\/WhatsApp-Image-2025-11-12-a-03.04.24_71d638e5-300x200.jpg 300w, https:\/\/mines.gouv.cd\/fr\/wp-content\/uploads\/2025\/11\/WhatsApp-Image-2025-11-12-a-03.04.24_71d638e5-768x512.jpg 768w, https:\/\/mines.gouv.cd\/fr\/wp-content\/uploads\/2025\/11\/WhatsApp-Image-2025-11-12-a-03.04.24_71d638e5-696x464.jpg 696w, https:\/\/mines.gouv.cd\/fr\/wp-content\/uploads\/2025\/11\/WhatsApp-Image-2025-11-12-a-03.04.24_71d638e5-1068x713.jpg 1068w, https:\/\/mines.gouv.cd\/fr\/wp-content\/uploads\/2025\/11\/WhatsApp-Image-2025-11-12-a-03.04.24_71d638e5-630x420.jpg 630w, https:\/\/mines.gouv.cd\/fr\/wp-content\/uploads\/2025\/11\/WhatsApp-Image-2025-11-12-a-03.04.24_71d638e5.jpg 1280w\" sizes=\"auto, (max-width: 1024px) 100vw, 1024px\" \/><\/figure>\n\n\n\n<figure class=\"wp-block-image size-large\"><img loading=\"lazy\" decoding=\"async\" width=\"1024\" height=\"683\" data-id=\"3365\" src=\"https:\/\/mines.gouv.cd\/fr\/wp-content\/uploads\/2025\/11\/WhatsApp-Image-2025-11-12-a-03.04.23_6d20c267-1024x683.jpg\" alt=\"\" class=\"wp-image-3365\" srcset=\"https:\/\/mines.gouv.cd\/fr\/wp-content\/uploads\/2025\/11\/WhatsApp-Image-2025-11-12-a-03.04.23_6d20c267-1024x683.jpg 1024w, https:\/\/mines.gouv.cd\/fr\/wp-content\/uploads\/2025\/11\/WhatsApp-Image-2025-11-12-a-03.04.23_6d20c267-300x200.jpg 300w, https:\/\/mines.gouv.cd\/fr\/wp-content\/uploads\/2025\/11\/WhatsApp-Image-2025-11-12-a-03.04.23_6d20c267-768x512.jpg 768w, https:\/\/mines.gouv.cd\/fr\/wp-content\/uploads\/2025\/11\/WhatsApp-Image-2025-11-12-a-03.04.23_6d20c267-696x464.jpg 696w, https:\/\/mines.gouv.cd\/fr\/wp-content\/uploads\/2025\/11\/WhatsApp-Image-2025-11-12-a-03.04.23_6d20c267-1068x713.jpg 1068w, https:\/\/mines.gouv.cd\/fr\/wp-content\/uploads\/2025\/11\/WhatsApp-Image-2025-11-12-a-03.04.23_6d20c267-630x420.jpg 630w, https:\/\/mines.gouv.cd\/fr\/wp-content\/uploads\/2025\/11\/WhatsApp-Image-2025-11-12-a-03.04.23_6d20c267.jpg 1280w\" sizes=\"auto, (max-width: 1024px) 100vw, 1024px\" \/><\/figure>\n\n\n\n<figure class=\"wp-block-image size-large\"><img loading=\"lazy\" decoding=\"async\" width=\"1024\" height=\"682\" data-id=\"3368\" src=\"https:\/\/mines.gouv.cd\/fr\/wp-content\/uploads\/2025\/11\/WhatsApp-Image-2025-11-12-a-03.04.24_42561fa6-1024x682.jpg\" alt=\"\" class=\"wp-image-3368\" srcset=\"https:\/\/mines.gouv.cd\/fr\/wp-content\/uploads\/2025\/11\/WhatsApp-Image-2025-11-12-a-03.04.24_42561fa6-1024x682.jpg 1024w, https:\/\/mines.gouv.cd\/fr\/wp-content\/uploads\/2025\/11\/WhatsApp-Image-2025-11-12-a-03.04.24_42561fa6-300x200.jpg 300w, https:\/\/mines.gouv.cd\/fr\/wp-content\/uploads\/2025\/11\/WhatsApp-Image-2025-11-12-a-03.04.24_42561fa6-768x512.jpg 768w, https:\/\/mines.gouv.cd\/fr\/wp-content\/uploads\/2025\/11\/WhatsApp-Image-2025-11-12-a-03.04.24_42561fa6-696x464.jpg 696w, https:\/\/mines.gouv.cd\/fr\/wp-content\/uploads\/2025\/11\/WhatsApp-Image-2025-11-12-a-03.04.24_42561fa6-1068x712.jpg 1068w, https:\/\/mines.gouv.cd\/fr\/wp-content\/uploads\/2025\/11\/WhatsApp-Image-2025-11-12-a-03.04.24_42561fa6-630x420.jpg 630w, https:\/\/mines.gouv.cd\/fr\/wp-content\/uploads\/2025\/11\/WhatsApp-Image-2025-11-12-a-03.04.24_42561fa6.jpg 1280w\" sizes=\"auto, (max-width: 1024px) 100vw, 1024px\" \/><\/figure>\n\n\n\n<figure class=\"wp-block-image size-large\"><img loading=\"lazy\" decoding=\"async\" width=\"682\" height=\"1024\" data-id=\"3366\" src=\"https:\/\/mines.gouv.cd\/fr\/wp-content\/uploads\/2025\/11\/WhatsApp-Image-2025-11-12-a-03.04.23_8e7d5720-682x1024.jpg\" alt=\"\" class=\"wp-image-3366\" srcset=\"https:\/\/mines.gouv.cd\/fr\/wp-content\/uploads\/2025\/11\/WhatsApp-Image-2025-11-12-a-03.04.23_8e7d5720-682x1024.jpg 682w, https:\/\/mines.gouv.cd\/fr\/wp-content\/uploads\/2025\/11\/WhatsApp-Image-2025-11-12-a-03.04.23_8e7d5720-200x300.jpg 200w, https:\/\/mines.gouv.cd\/fr\/wp-content\/uploads\/2025\/11\/WhatsApp-Image-2025-11-12-a-03.04.23_8e7d5720-768x1152.jpg 768w, https:\/\/mines.gouv.cd\/fr\/wp-content\/uploads\/2025\/11\/WhatsApp-Image-2025-11-12-a-03.04.23_8e7d5720-696x1044.jpg 696w, https:\/\/mines.gouv.cd\/fr\/wp-content\/uploads\/2025\/11\/WhatsApp-Image-2025-11-12-a-03.04.23_8e7d5720-280x420.jpg 280w, https:\/\/mines.gouv.cd\/fr\/wp-content\/uploads\/2025\/11\/WhatsApp-Image-2025-11-12-a-03.04.23_8e7d5720.jpg 853w\" sizes=\"auto, (max-width: 682px) 100vw, 682px\" \/><\/figure>\n\n\n\n<figure class=\"wp-block-image size-large\"><img loading=\"lazy\" decoding=\"async\" width=\"683\" height=\"1024\" data-id=\"3370\" src=\"https:\/\/mines.gouv.cd\/fr\/wp-content\/uploads\/2025\/11\/WhatsApp-Image-2025-11-12-a-03.04.25_17cd9b37-683x1024.jpg\" alt=\"\" class=\"wp-image-3370\" srcset=\"https:\/\/mines.gouv.cd\/fr\/wp-content\/uploads\/2025\/11\/WhatsApp-Image-2025-11-12-a-03.04.25_17cd9b37-683x1024.jpg 683w, https:\/\/mines.gouv.cd\/fr\/wp-content\/uploads\/2025\/11\/WhatsApp-Image-2025-11-12-a-03.04.25_17cd9b37-200x300.jpg 200w, https:\/\/mines.gouv.cd\/fr\/wp-content\/uploads\/2025\/11\/WhatsApp-Image-2025-11-12-a-03.04.25_17cd9b37-768x1151.jpg 768w, https:\/\/mines.gouv.cd\/fr\/wp-content\/uploads\/2025\/11\/WhatsApp-Image-2025-11-12-a-03.04.25_17cd9b37-696x1043.jpg 696w, https:\/\/mines.gouv.cd\/fr\/wp-content\/uploads\/2025\/11\/WhatsApp-Image-2025-11-12-a-03.04.25_17cd9b37-280x420.jpg 280w, https:\/\/mines.gouv.cd\/fr\/wp-content\/uploads\/2025\/11\/WhatsApp-Image-2025-11-12-a-03.04.25_17cd9b37.jpg 854w\" sizes=\"auto, (max-width: 683px) 100vw, 683px\" \/><\/figure>\n<\/figure>\n","protected":false},"excerpt":{"rendered":"<p>La R\u00e9publique D\u00e9mocratique du Congo a accueilli, ce mardi 11 novembre 2025 \u00e0 Kinshasa, la 9\u1d49 R\u00e9union des Ministres en charge des Mines des \u00c9tats membres de la Conf\u00e9rence Internationale sur la R\u00e9gion des Grands Lacs (CIRGL). Une rencontre strat\u00e9gique, en pr\u00e9lude au Sommet des Chefs d\u2019\u00c9tat et de Gouvernement de la CIRGL, pr\u00e9vu le [&hellip;]<\/p>\n","protected":false},"author":1,"featured_media":3376,"comment_status":"closed","ping_status":"open","sticky":false,"template":"","format":"standard","meta":{"tdm_status":"","tdm_grid_status":"","footnotes":""},"categories":[1],"tags":[],"class_list":{"0":"post-3364","1":"post","2":"type-post","3":"status-publish","4":"format-standard","5":"has-post-thumbnail","7":"category-non-classe"},"amp_enabled":true,"_links":{"self":[{"href":"https:\/\/mines.gouv.cd\/fr\/wp-json\/wp\/v2\/posts\/3364","targetHints":{"allow":["GET"]}}],"collection":[{"href":"https:\/\/mines.gouv.cd\/fr\/wp-json\/wp\/v2\/posts"}],"about":[{"href":"https:\/\/mines.gouv.cd\/fr\/wp-json\/wp\/v2\/types\/post"}],"author":[{"embeddable":true,"href":"https:\/\/mines.gouv.cd\/fr\/wp-json\/wp\/v2\/users\/1"}],"replies":[{"embeddable":true,"href":"https:\/\/mines.gouv.cd\/fr\/wp-json\/wp\/v2\/comments?post=3364"}],"version-history":[{"count":1,"href":"https:\/\/mines.gouv.cd\/fr\/wp-json\/wp\/v2\/posts\/3364\/revisions"}],"predecessor-version":[{"id":3382,"href":"https:\/\/mines.gouv.cd\/fr\/wp-json\/wp\/v2\/posts\/3364\/revisions\/3382"}],"wp:featuredmedia":[{"embeddable":true,"href":"https:\/\/mines.gouv.cd\/fr\/wp-json\/wp\/v2\/media\/3376"}],"wp:attachment":[{"href":"https:\/\/mines.gouv.cd\/fr\/wp-json\/wp\/v2\/media?parent=3364"}],"wp:term":[{"taxonomy":"category","embeddable":true,"href":"https:\/\/mines.gouv.cd\/fr\/wp-json\/wp\/v2\/categories?post=3364"},{"taxonomy":"post_tag","embeddable":true,"href":"https:\/\/mines.gouv.cd\/fr\/wp-json\/wp\/v2\/tags?post=3364"}],"curies":[{"name":"wp","href":"https:\/\/api.w.org\/{rel}","templated":true}]}}