{"id":3355,"date":"2025-11-06T20:33:27","date_gmt":"2025-11-06T19:33:27","guid":{"rendered":"https:\/\/mines.gouv.cd\/fr\/?p=3355"},"modified":"2025-11-06T20:39:16","modified_gmt":"2025-11-06T19:39:16","slug":"le-ministre-national-des-mines-louis-watum-kabamba-sur-le-terrain-apres-un-debordement-deffluents-industriels-de-la-societe-cdm-constat-alarmant-le-bassin-de-rejet-ne-repond-a-aucun-stan","status":"publish","type":"post","link":"https:\/\/mines.gouv.cd\/fr\/2025\/11\/06\/le-ministre-national-des-mines-louis-watum-kabamba-sur-le-terrain-apres-un-debordement-deffluents-industriels-de-la-societe-cdm-constat-alarmant-le-bassin-de-rejet-ne-repond-a-aucun-stan\/","title":{"rendered":"Le Ministre national des Mines, Louis Watum Kabamba, sur le terrain apr\u00e8s un d\u00e9bordement d\u2019effluents industriels de la soci\u00e9t\u00e9 CDM .Constat alarmant : le bassin de rejet ne r\u00e9pond \u00e0 aucun standard international.R\u00e9sultat : suspension imm\u00e9diate des activit\u00e9s du site pour une dur\u00e9e de trois mois et mesures fermes pour prot\u00e9ger la population et l\u2019environnement"},"content":{"rendered":"<div id=\"fb-root\"><\/div>\n\n<figure class=\"wp-block-video\"><video height=\"368\" style=\"aspect-ratio: 640 \/ 368;\" width=\"640\" controls src=\"https:\/\/mines.gouv.cd\/fr\/wp-content\/uploads\/2025\/11\/Le-Ministre-national-des-Mines-Louis-Watum-Kabamba-sur-le-terrain-apres-un-debordement-deffluents-industriels-de-la-societe-CDM-.mp4\"><\/video><\/figure>\n","protected":false},"excerpt":{"rendered":"","protected":false},"author":1,"featured_media":3358,"comment_status":"closed","ping_status":"open","sticky":false,"template":"","format":"standard","meta":{"tdm_status":"","tdm_grid_status":"","footnotes":""},"categories":[89,85],"tags":[],"class_list":{"0":"post-3355","1":"post","2":"type-post","3":"status-publish","4":"format-standard","5":"has-post-thumbnail","7":"category-a-la-une","8":"category-actualite"},"amp_enabled":true,"_links":{"self":[{"href":"https:\/\/mines.gouv.cd\/fr\/wp-json\/wp\/v2\/posts\/3355","targetHints":{"allow":["GET"]}}],"collection":[{"href":"https:\/\/mines.gouv.cd\/fr\/wp-json\/wp\/v2\/posts"}],"about":[{"href":"https:\/\/mines.gouv.cd\/fr\/wp-json\/wp\/v2\/types\/post"}],"author":[{"embeddable":true,"href":"https:\/\/mines.gouv.cd\/fr\/wp-json\/wp\/v2\/users\/1"}],"replies":[{"embeddable":true,"href":"https:\/\/mines.gouv.cd\/fr\/wp-json\/wp\/v2\/comments?post=3355"}],"version-history":[{"count":1,"href":"https:\/\/mines.gouv.cd\/fr\/wp-json\/wp\/v2\/posts\/3355\/revisions"}],"predecessor-version":[{"id":3357,"href":"https:\/\/mines.gouv.cd\/fr\/wp-json\/wp\/v2\/posts\/3355\/revisions\/3357"}],"wp:featuredmedia":[{"embeddable":true,"href":"https:\/\/mines.gouv.cd\/fr\/wp-json\/wp\/v2\/media\/3358"}],"wp:attachment":[{"href":"https:\/\/mines.gouv.cd\/fr\/wp-json\/wp\/v2\/media?parent=3355"}],"wp:term":[{"taxonomy":"category","embeddable":true,"href":"https:\/\/mines.gouv.cd\/fr\/wp-json\/wp\/v2\/categories?post=3355"},{"taxonomy":"post_tag","embeddable":true,"href":"https:\/\/mines.gouv.cd\/fr\/wp-json\/wp\/v2\/tags?post=3355"}],"curies":[{"name":"wp","href":"https:\/\/api.w.org\/{rel}","templated":true}]}}