{"id":3333,"date":"2025-10-28T15:21:35","date_gmt":"2025-10-28T14:21:35","guid":{"rendered":"https:\/\/mines.gouv.cd\/fr\/?p=3333"},"modified":"2025-10-28T15:22:02","modified_gmt":"2025-10-28T14:22:02","slug":"la-27%e1%b5%89-edition-du-china-mining-congress-expo-2025","status":"publish","type":"post","link":"https:\/\/mines.gouv.cd\/fr\/2025\/10\/28\/la-27%e1%b5%89-edition-du-china-mining-congress-expo-2025\/","title":{"rendered":"la 27\u1d49 \u00e9dition du China Mining Congress &amp; Expo 2025"},"content":{"rendered":"<div id=\"fb-root\"><\/div>\n\n<p>P\u00e9kin, le 24 octobre 2025<\/p>\n\n\n\n<p>En marge de la 27\u1d49 \u00e9dition du China Mining Congress &amp; Expo 2025, tenue \u00e0 Tianjin, Son Excellence Louis Watum Kabamba, Ministre des Mines, a eu une s\u00e9ance de travail strat\u00e9gique avec Son Excellence Guan Zhiyou, Ministre des Ressources Naturelles de la R\u00e9publique Populaire de Chine.<\/p>\n\n\n\n<figure class=\"wp-block-image size-large\"><img loading=\"lazy\" decoding=\"async\" width=\"1024\" height=\"682\" src=\"https:\/\/mines.gouv.cd\/fr\/wp-content\/uploads\/2025\/10\/WhatsApp-Image-2025-10-25-at-11.01.03-1-1024x682.jpeg\" alt=\"\" class=\"wp-image-3343\" srcset=\"https:\/\/mines.gouv.cd\/fr\/wp-content\/uploads\/2025\/10\/WhatsApp-Image-2025-10-25-at-11.01.03-1-1024x682.jpeg 1024w, https:\/\/mines.gouv.cd\/fr\/wp-content\/uploads\/2025\/10\/WhatsApp-Image-2025-10-25-at-11.01.03-1-300x200.jpeg 300w, https:\/\/mines.gouv.cd\/fr\/wp-content\/uploads\/2025\/10\/WhatsApp-Image-2025-10-25-at-11.01.03-1-768x512.jpeg 768w, https:\/\/mines.gouv.cd\/fr\/wp-content\/uploads\/2025\/10\/WhatsApp-Image-2025-10-25-at-11.01.03-1-1536x1024.jpeg 1536w, https:\/\/mines.gouv.cd\/fr\/wp-content\/uploads\/2025\/10\/WhatsApp-Image-2025-10-25-at-11.01.03-1-2048x1365.jpeg 2048w, https:\/\/mines.gouv.cd\/fr\/wp-content\/uploads\/2025\/10\/WhatsApp-Image-2025-10-25-at-11.01.03-1-696x464.jpeg 696w, https:\/\/mines.gouv.cd\/fr\/wp-content\/uploads\/2025\/10\/WhatsApp-Image-2025-10-25-at-11.01.03-1-1068x712.jpeg 1068w, https:\/\/mines.gouv.cd\/fr\/wp-content\/uploads\/2025\/10\/WhatsApp-Image-2025-10-25-at-11.01.03-1-1920x1280.jpeg 1920w, https:\/\/mines.gouv.cd\/fr\/wp-content\/uploads\/2025\/10\/WhatsApp-Image-2025-10-25-at-11.01.03-1-630x420.jpeg 630w\" sizes=\"auto, (max-width: 1024px) 100vw, 1024px\" \/><\/figure>\n\n\n\n<p>Cette rencontre s\u2019inscrit dans la dynamique globale de diversification des partenariats miniers de la R\u00e9publique D\u00e9mocratique du Congo, visant \u00e0 renforcer la coop\u00e9ration bilat\u00e9rale avec l\u2019ensemble de ses partenaires techniques et \u00e9conomiques.<\/p>\n\n\n\n<p>Les \u00e9changes ont port\u00e9 sur plusieurs axes prioritaires, notamment :<\/p>\n\n\n\n<p>la recherche g\u00e9ologique et la cartographie des ressources ;<\/p>\n\n\n\n<p>la formation et le renforcement des capacit\u00e9s locales ;<\/p>\n\n\n\n<p>la promotion des investissements responsables et durables ;<\/p>\n\n\n\n<p>la valorisation locale \u00e0 travers la transformation industrielle des minerais ;<\/p>\n\n\n\n<p>et le d\u00e9veloppement de la plateforme de coop\u00e9ration sino-africaine.<\/p>\n\n\n\n<p>Le Ministre Louis Watum Kabamba a invit\u00e9 les investisseurs chinois \u00e0 s\u2019implanter dans la Zone \u00c9conomique Sp\u00e9ciale de Musompo, \u00e0 Kolwezi, d\u00e9di\u00e9e \u00e0 la transformation et \u00e0 la valorisation locale des ressources naturelles. Il a rappel\u00e9 que tout investissement en R\u00e9publique D\u00e9mocratique du Congo doit se conformer aux dispositions du Code minier et de sa r\u00e9glementation, gages d\u2019une exploitation responsable, transparente et b\u00e9n\u00e9fique au peuple congolais.<\/p>\n\n\n\n<figure class=\"wp-block-image size-large\"><img loading=\"lazy\" decoding=\"async\" width=\"1024\" height=\"682\" src=\"https:\/\/mines.gouv.cd\/fr\/wp-content\/uploads\/2025\/10\/WhatsApp-Image-2025-10-25-at-11.01.03-1024x682.jpeg\" alt=\"\" class=\"wp-image-3344\" srcset=\"https:\/\/mines.gouv.cd\/fr\/wp-content\/uploads\/2025\/10\/WhatsApp-Image-2025-10-25-at-11.01.03-1024x682.jpeg 1024w, https:\/\/mines.gouv.cd\/fr\/wp-content\/uploads\/2025\/10\/WhatsApp-Image-2025-10-25-at-11.01.03-300x200.jpeg 300w, https:\/\/mines.gouv.cd\/fr\/wp-content\/uploads\/2025\/10\/WhatsApp-Image-2025-10-25-at-11.01.03-768x512.jpeg 768w, https:\/\/mines.gouv.cd\/fr\/wp-content\/uploads\/2025\/10\/WhatsApp-Image-2025-10-25-at-11.01.03-1536x1024.jpeg 1536w, https:\/\/mines.gouv.cd\/fr\/wp-content\/uploads\/2025\/10\/WhatsApp-Image-2025-10-25-at-11.01.03-2048x1365.jpeg 2048w, https:\/\/mines.gouv.cd\/fr\/wp-content\/uploads\/2025\/10\/WhatsApp-Image-2025-10-25-at-11.01.03-696x464.jpeg 696w, https:\/\/mines.gouv.cd\/fr\/wp-content\/uploads\/2025\/10\/WhatsApp-Image-2025-10-25-at-11.01.03-1068x712.jpeg 1068w, https:\/\/mines.gouv.cd\/fr\/wp-content\/uploads\/2025\/10\/WhatsApp-Image-2025-10-25-at-11.01.03-1920x1280.jpeg 1920w, https:\/\/mines.gouv.cd\/fr\/wp-content\/uploads\/2025\/10\/WhatsApp-Image-2025-10-25-at-11.01.03-630x420.jpeg 630w\" sizes=\"auto, (max-width: 1024px) 100vw, 1024px\" \/><\/figure>\n\n\n\n<p>Pour sa part, Son Excellence Guan Zhiyou a salu\u00e9 la qualit\u00e9 du partenariat sino-congolais et r\u00e9affirm\u00e9 la volont\u00e9 du Gouvernement chinois de poursuivre une coop\u00e9ration durable, \u00e9quilibr\u00e9e et mutuellement avantageuse, fond\u00e9e sur le respect des l\u00e9gislations nationales et des engagements bilat\u00e9raux.<\/p>\n\n\n\n<p>Les deux Ministres ont convenu de la mise en place d\u2019un cadre permanent de concertation et de suivi, et ont annonc\u00e9 la signature prochaine d\u2019un nouvel accord de coop\u00e9ration d\u00e9taill\u00e9e, pr\u00e9vue pour mars 2026.<\/p>\n\n\n\n<p>Cette mission s\u2019inscrit dans la vision du Chef de l\u2019\u00c9tat, Son Excellence F\u00e9lix-Antoine Tshisekedi Tshilombo, mise en \u0153uvre sous la coordination de Madame la Premi\u00e8re Ministre, Judith Suminwa Tuluka, qui fait du secteur minier un moteur de croissance, de souverainet\u00e9 et de transformation locale au b\u00e9n\u00e9fice du peuple congolais.<\/p>\n\n\n\n<figure class=\"wp-block-image size-large\"><img loading=\"lazy\" decoding=\"async\" width=\"1024\" height=\"682\" src=\"https:\/\/mines.gouv.cd\/fr\/wp-content\/uploads\/2025\/10\/WhatsApp-Image-2025-10-25-at-11.01.03-2-1024x682.jpeg\" alt=\"\" class=\"wp-image-3342\" srcset=\"https:\/\/mines.gouv.cd\/fr\/wp-content\/uploads\/2025\/10\/WhatsApp-Image-2025-10-25-at-11.01.03-2-1024x682.jpeg 1024w, https:\/\/mines.gouv.cd\/fr\/wp-content\/uploads\/2025\/10\/WhatsApp-Image-2025-10-25-at-11.01.03-2-300x200.jpeg 300w, https:\/\/mines.gouv.cd\/fr\/wp-content\/uploads\/2025\/10\/WhatsApp-Image-2025-10-25-at-11.01.03-2-768x512.jpeg 768w, https:\/\/mines.gouv.cd\/fr\/wp-content\/uploads\/2025\/10\/WhatsApp-Image-2025-10-25-at-11.01.03-2-1536x1024.jpeg 1536w, https:\/\/mines.gouv.cd\/fr\/wp-content\/uploads\/2025\/10\/WhatsApp-Image-2025-10-25-at-11.01.03-2-2048x1365.jpeg 2048w, https:\/\/mines.gouv.cd\/fr\/wp-content\/uploads\/2025\/10\/WhatsApp-Image-2025-10-25-at-11.01.03-2-696x464.jpeg 696w, https:\/\/mines.gouv.cd\/fr\/wp-content\/uploads\/2025\/10\/WhatsApp-Image-2025-10-25-at-11.01.03-2-1068x712.jpeg 1068w, https:\/\/mines.gouv.cd\/fr\/wp-content\/uploads\/2025\/10\/WhatsApp-Image-2025-10-25-at-11.01.03-2-1920x1280.jpeg 1920w, https:\/\/mines.gouv.cd\/fr\/wp-content\/uploads\/2025\/10\/WhatsApp-Image-2025-10-25-at-11.01.03-2-630x420.jpeg 630w\" sizes=\"auto, (max-width: 1024px) 100vw, 1024px\" \/><\/figure>\n","protected":false},"excerpt":{"rendered":"<p>P\u00e9kin, le 24 octobre 2025 En marge de la 27\u1d49 \u00e9dition du China Mining Congress &amp; Expo 2025, tenue \u00e0 Tianjin, Son Excellence Louis Watum Kabamba, Ministre des Mines, a eu une s\u00e9ance de travail strat\u00e9gique avec Son Excellence Guan Zhiyou, Ministre des Ressources Naturelles de la R\u00e9publique Populaire de Chine. Cette rencontre s\u2019inscrit dans [&hellip;]<\/p>\n","protected":false},"author":1,"featured_media":3345,"comment_status":"closed","ping_status":"open","sticky":false,"template":"","format":"standard","meta":{"tdm_status":"","tdm_grid_status":"","footnotes":""},"categories":[89,85,80,86,81,1,83,84],"tags":[],"class_list":{"0":"post-3333","1":"post","2":"type-post","3":"status-publish","4":"format-standard","5":"has-post-thumbnail","7":"category-a-la-une","8":"category-actualite","9":"category-bonne-gouvernance","10":"category-cuivre-cobalt","11":"category-investissement","12":"category-non-classe","13":"category-transparence","14":"category-vulgarisation"},"amp_enabled":true,"_links":{"self":[{"href":"https:\/\/mines.gouv.cd\/fr\/wp-json\/wp\/v2\/posts\/3333","targetHints":{"allow":["GET"]}}],"collection":[{"href":"https:\/\/mines.gouv.cd\/fr\/wp-json\/wp\/v2\/posts"}],"about":[{"href":"https:\/\/mines.gouv.cd\/fr\/wp-json\/wp\/v2\/types\/post"}],"author":[{"embeddable":true,"href":"https:\/\/mines.gouv.cd\/fr\/wp-json\/wp\/v2\/users\/1"}],"replies":[{"embeddable":true,"href":"https:\/\/mines.gouv.cd\/fr\/wp-json\/wp\/v2\/comments?post=3333"}],"version-history":[{"count":1,"href":"https:\/\/mines.gouv.cd\/fr\/wp-json\/wp\/v2\/posts\/3333\/revisions"}],"predecessor-version":[{"id":3346,"href":"https:\/\/mines.gouv.cd\/fr\/wp-json\/wp\/v2\/posts\/3333\/revisions\/3346"}],"wp:featuredmedia":[{"embeddable":true,"href":"https:\/\/mines.gouv.cd\/fr\/wp-json\/wp\/v2\/media\/3345"}],"wp:attachment":[{"href":"https:\/\/mines.gouv.cd\/fr\/wp-json\/wp\/v2\/media?parent=3333"}],"wp:term":[{"taxonomy":"category","embeddable":true,"href":"https:\/\/mines.gouv.cd\/fr\/wp-json\/wp\/v2\/categories?post=3333"},{"taxonomy":"post_tag","embeddable":true,"href":"https:\/\/mines.gouv.cd\/fr\/wp-json\/wp\/v2\/tags?post=3333"}],"curies":[{"name":"wp","href":"https:\/\/api.w.org\/{rel}","templated":true}]}}