{"id":3328,"date":"2025-10-23T20:43:27","date_gmt":"2025-10-23T18:43:27","guid":{"rendered":"https:\/\/mines.gouv.cd\/fr\/?p=3328"},"modified":"2025-10-23T20:43:28","modified_gmt":"2025-10-23T18:43:28","slug":"financial-times-africa-summit-2025-la-rdc-renforce-son-attractivite-miniere-a-londres","status":"publish","type":"post","link":"https:\/\/mines.gouv.cd\/fr\/2025\/10\/23\/financial-times-africa-summit-2025-la-rdc-renforce-son-attractivite-miniere-a-londres\/","title":{"rendered":"Financial Times Africa Summit 2025 : La RDC renforce son attractivit\u00e9 mini\u00e8re \u00e0 Londres"},"content":{"rendered":"<div id=\"fb-root\"><\/div>\n\n<p>Londres, Royaume-Uni \u2013 22 octobre 2025.<\/p>\n\n\n\n<p>La R\u00e9publique D\u00e9mocratique du Congo (RDC) s\u2019est une fois de plus distingu\u00e9e sur la sc\u00e8ne internationale lors du Financial Times Africa Summit 2025, tenu \u00e0 Londres du 21 au 22 octobre 2025, autour du th\u00e8me des min\u00e9raux critiques et des investissements durables en Afrique.<\/p>\n\n\n\n<p>Repr\u00e9sent\u00e9e par Son Excellence Monsieur Louis Kabamba Watum, Ministre national des Mines, la RDC a r\u00e9affirm\u00e9, devant un parterre d\u2019investisseurs internationaux, de d\u00e9cideurs politiques et d\u2019experts du secteur, sa volont\u00e9 de consolider son r\u00f4le strat\u00e9gique dans la transition \u00e9nerg\u00e9tique mondiale.<\/p>\n\n\n\n<p>&nbsp;Un appel fort \u00e0 l\u2019investissement responsable<\/p>\n\n\n\n<p>Dans une intervention tr\u00e8s remarqu\u00e9e, le Ministre Louis Kabamba Watum a lanc\u00e9 un appel aux investisseurs internationaux \u00e0 explorer davantage le potentiel minier exceptionnel de la RDC, rappelant que seulement 10 % du territoire national ont \u00e9t\u00e9 explor\u00e9s \u00e0 ce jour.<\/p>\n\n\n\n<figure class=\"wp-block-image size-large\"><img loading=\"lazy\" decoding=\"async\" width=\"1024\" height=\"576\" src=\"https:\/\/mines.gouv.cd\/fr\/wp-content\/uploads\/2025\/10\/WhatsApp-Image-2025-10-23-a-19.15.08_1a7cc220-1024x576.jpg\" alt=\"\" class=\"wp-image-3313\" srcset=\"https:\/\/mines.gouv.cd\/fr\/wp-content\/uploads\/2025\/10\/WhatsApp-Image-2025-10-23-a-19.15.08_1a7cc220-1024x576.jpg 1024w, https:\/\/mines.gouv.cd\/fr\/wp-content\/uploads\/2025\/10\/WhatsApp-Image-2025-10-23-a-19.15.08_1a7cc220-300x169.jpg 300w, https:\/\/mines.gouv.cd\/fr\/wp-content\/uploads\/2025\/10\/WhatsApp-Image-2025-10-23-a-19.15.08_1a7cc220-768x432.jpg 768w, https:\/\/mines.gouv.cd\/fr\/wp-content\/uploads\/2025\/10\/WhatsApp-Image-2025-10-23-a-19.15.08_1a7cc220-696x392.jpg 696w, https:\/\/mines.gouv.cd\/fr\/wp-content\/uploads\/2025\/10\/WhatsApp-Image-2025-10-23-a-19.15.08_1a7cc220-1068x601.jpg 1068w, https:\/\/mines.gouv.cd\/fr\/wp-content\/uploads\/2025\/10\/WhatsApp-Image-2025-10-23-a-19.15.08_1a7cc220-747x420.jpg 747w, https:\/\/mines.gouv.cd\/fr\/wp-content\/uploads\/2025\/10\/WhatsApp-Image-2025-10-23-a-19.15.08_1a7cc220.jpg 1280w\" sizes=\"auto, (max-width: 1024px) 100vw, 1024px\" \/><\/figure>\n\n\n\n<p>Il a mis en exergue la vision du Pr\u00e9sident de la R\u00e9publique, Son Excellence F\u00e9lix-Antoine Tshisekedi Tshilombo, mise en \u0153uvre sous la coordination de la Premi\u00e8re Ministre, Son Excellence Madame Judith Suminwa Tuluka, qui vise \u00e0 faire de la RDC un p\u00f4le mondial de transformation et de valorisation des minerais strat\u00e9giques, indispensables \u00e0 la transition \u00e9nerg\u00e9tique et \u00e0 l\u2019industrialisation du continent africain.<\/p>\n\n\n\n<p>Le Ministre a \u00e9galement soulign\u00e9 que les avanc\u00e9es technologiques \u2014 telles que la t\u00e9l\u00e9d\u00e9tection, la g\u00e9oscience avanc\u00e9e et l\u2019intelligence artificielle \u2014 permettent aujourd\u2019hui de r\u00e9duire consid\u00e9rablement les d\u00e9lais d\u2019exploration, ouvrant ainsi la voie \u00e0 une nouvelle g\u00e9n\u00e9ration de partenariats miniers.<\/p>\n\n\n\n<p>&nbsp;\u00ab Ceux qui n\u2019ont pas encore investi en RDC ne doivent pas r\u00e9p\u00e9ter les erreurs du pass\u00e9. Il n\u2019est pas trop tard pour saisir les opportunit\u00e9s qu\u2019offre notre pays \u00bb, a d\u00e9clar\u00e9 le Ministre, r\u00e9affirmant la disponibilit\u00e9 du gouvernement \u00e0 accompagner les investisseurs dans un cadre transparent et s\u00e9curis\u00e9.<\/p>\n\n\n\n<p>La comp\u00e9tition mondiale, une opportunit\u00e9 pour la RDC<\/p>\n\n\n\n<p>R\u00e9pondant \u00e0 une question sur la concurrence entre les \u00c9tats-Unis et la Chine autour des minerais critiques, le Ministre Kabamba Watum a indiqu\u00e9 que la RDC ne per\u00e7oit pas cette rivalit\u00e9 comme une menace, mais plut\u00f4t comme une opportunit\u00e9 d\u2019\u00e9tablir des partenariats \u00e9quilibr\u00e9s et mutuellement b\u00e9n\u00e9fiques.<\/p>\n\n\n\n<p>\u00ab La RDC reste ouverte aux affaires rentables, dans l\u2019int\u00e9r\u00eat mutuel des investisseurs et des cent millions de Congolais \u00bb, a-t-il affirm\u00e9, insistant sur l\u2019importance de cr\u00e9er des emplois locaux et d\u2019am\u00e9liorer les conditions de vie des populations.<\/p>\n\n\n\n<p>Bonne gouvernance et attractivit\u00e9 du secteur minier congolais<\/p>\n\n\n\n<p>Le Ministre des Mines a mis en avant les efforts du Gouvernement en mati\u00e8re de bonne gouvernance, de transparence et de lutte contre la corruption dans le secteur minier, piliers essentiels de l\u2019attractivit\u00e9 \u00e9conomique du pays.<\/p>\n\n\n\n<figure class=\"wp-block-image size-large\"><img loading=\"lazy\" decoding=\"async\" width=\"1024\" height=\"768\" src=\"https:\/\/mines.gouv.cd\/fr\/wp-content\/uploads\/2025\/10\/WhatsApp-Image-2025-10-23-a-19.15.10_73dafaa1-1024x768.jpg\" alt=\"\" class=\"wp-image-3310\" srcset=\"https:\/\/mines.gouv.cd\/fr\/wp-content\/uploads\/2025\/10\/WhatsApp-Image-2025-10-23-a-19.15.10_73dafaa1-1024x768.jpg 1024w, https:\/\/mines.gouv.cd\/fr\/wp-content\/uploads\/2025\/10\/WhatsApp-Image-2025-10-23-a-19.15.10_73dafaa1-300x225.jpg 300w, https:\/\/mines.gouv.cd\/fr\/wp-content\/uploads\/2025\/10\/WhatsApp-Image-2025-10-23-a-19.15.10_73dafaa1-768x576.jpg 768w, https:\/\/mines.gouv.cd\/fr\/wp-content\/uploads\/2025\/10\/WhatsApp-Image-2025-10-23-a-19.15.10_73dafaa1-1536x1152.jpg 1536w, https:\/\/mines.gouv.cd\/fr\/wp-content\/uploads\/2025\/10\/WhatsApp-Image-2025-10-23-a-19.15.10_73dafaa1-2048x1536.jpg 2048w, https:\/\/mines.gouv.cd\/fr\/wp-content\/uploads\/2025\/10\/WhatsApp-Image-2025-10-23-a-19.15.10_73dafaa1-696x522.jpg 696w, https:\/\/mines.gouv.cd\/fr\/wp-content\/uploads\/2025\/10\/WhatsApp-Image-2025-10-23-a-19.15.10_73dafaa1-1068x801.jpg 1068w, https:\/\/mines.gouv.cd\/fr\/wp-content\/uploads\/2025\/10\/WhatsApp-Image-2025-10-23-a-19.15.10_73dafaa1-1920x1440.jpg 1920w, https:\/\/mines.gouv.cd\/fr\/wp-content\/uploads\/2025\/10\/WhatsApp-Image-2025-10-23-a-19.15.10_73dafaa1-560x420.jpg 560w, https:\/\/mines.gouv.cd\/fr\/wp-content\/uploads\/2025\/10\/WhatsApp-Image-2025-10-23-a-19.15.10_73dafaa1-80x60.jpg 80w, https:\/\/mines.gouv.cd\/fr\/wp-content\/uploads\/2025\/10\/WhatsApp-Image-2025-10-23-a-19.15.10_73dafaa1-265x198.jpg 265w\" sizes=\"auto, (max-width: 1024px) 100vw, 1024px\" \/><\/figure>\n\n\n\n<p>Ces r\u00e9formes ont d\u00e9j\u00e0 permis de mobiliser plus de 40 milliards USD d\u2019investissements au cours de la derni\u00e8re d\u00e9cennie, r\u00e9alis\u00e9s par de grandes compagnies internationales telles que Zijin Mining, Ivanhoe Mines, CMOC\u2013Tenke Fungurume, Glencore et Barrick Gold, propulsant la production nationale \u00e0 plus de 3 millions de tonnes de cuivre.<\/p>\n\n\n\n<p>Ces performances ont valu \u00e0 la RDC la reconnaissance de la Banque mondiale et du Fonds mon\u00e9taire international (FMI), qui ont r\u00e9cemment octroy\u00e9 au pays une subvention de plus de 3 milliards USD pour soutenir la croissance et la gouvernance \u00e9conomique.<\/p>\n\n\n\n<p>&nbsp;Visite strat\u00e9gique au London Metal Exchange<\/p>\n\n\n\n<p>En marge du sommet, le Ministre Louis Kabamba Watum a effectu\u00e9 une visite officielle au London Metal Exchange (LME), le plus grand march\u00e9 mondial des m\u00e9taux, dont le volume annuel de transactions d\u00e9passe 5 000 milliards USD.<\/p>\n\n\n\n<p>Accompagn\u00e9 de Son Excellence l\u2019Ambassadeur de la RDC au Royaume-Uni, le Ministre a \u00e9chang\u00e9 avec les responsables du LME sur les m\u00e9canismes de fixation des prix internationaux et sur la possibilit\u00e9 pour les compagnies mini\u00e8res op\u00e9rant en RDC de s\u2019inscrire \u00e0 cette plateforme internationale.<\/p>\n\n\n\n<p>Cette initiative s\u2019inscrit dans la volont\u00e9 du Gouvernement congolais de mieux valoriser les ressources nationales sur les march\u00e9s mondiaux.<\/p>\n\n\n\n<p>&nbsp;De nouvelles perspectives d\u2019investissement britanniques<\/p>\n\n\n\n<p>Cl\u00f4turant sa mission, le Ministre des Mines a pris part \u00e0 une rencontre d\u2019affaires avec la Chambre de commerce RDC\u2013UK, en pr\u00e9sence du Haut-Commissaire britannique pour l\u2019industrie en Afrique et de plusieurs dirigeants d\u2019entreprises.<\/p>\n\n\n\n<p>Cette r\u00e9union a d\u00e9bouch\u00e9 sur l\u2019annonce d\u2019une mission d\u2019investisseurs britanniques en RDC d\u00e8s janvier 2026, marquant une nouvelle phase de coop\u00e9ration \u00e9conomique entre Kinshasa et Londres.<\/p>\n\n\n\n<p>Le UK Export Finance, bras financier du gouvernement britannique, a confirm\u00e9 la mise \u00e0 disposition d\u2019une garantie de 500 millions de livres sterling pour soutenir les entreprises anglaises actives en RDC.<\/p>\n\n\n\n<p>La Standard Bank a rappel\u00e9 avoir investi plus d\u2019un milliard USD dans le secteur minier congolais, tandis que la Africa Finance Corporation (AFC) du Nigeria a annonc\u00e9 sa volont\u00e9 d\u2019investir jusqu\u2019\u00e0 5 milliards USD dans de nouveaux projets d\u2019infrastructures mini\u00e8res et \u00e9nerg\u00e9tiques.<\/p>\n\n\n\n<p>&nbsp;Une RDC en marche vers le leadership africain<\/p>\n\n\n\n<p>La participation active de la RDC au Financial Times Africa Summit 2025 confirme sa place centrale dans la transition \u00e9nerg\u00e9tique mondiale et r\u00e9affirme sa volont\u00e9 d\u2019attirer des investissements responsables, transparents et durables.<\/p>\n\n\n\n<p>Sous le leadership du Pr\u00e9sident F\u00e9lix-Antoine Tshisekedi Tshilombo, la R\u00e9publique D\u00e9mocratique du Congo se positionne plus que jamais comme le c\u0153ur strat\u00e9gique des minerais critiques en Afrique \u2014 un partenaire incontournable pour b\u00e2tir un avenir \u00e9nerg\u00e9tique plus vert, plus inclusif et plus \u00e9quitable.<\/p>\n\n\n\n<figure class=\"wp-block-image size-large\"><img loading=\"lazy\" decoding=\"async\" width=\"1024\" height=\"768\" src=\"https:\/\/mines.gouv.cd\/fr\/wp-content\/uploads\/2025\/10\/WhatsApp-Image-2025-10-23-a-19.15.10_ce1019cf-1024x768.jpg\" alt=\"\" class=\"wp-image-3312\" srcset=\"https:\/\/mines.gouv.cd\/fr\/wp-content\/uploads\/2025\/10\/WhatsApp-Image-2025-10-23-a-19.15.10_ce1019cf-1024x768.jpg 1024w, https:\/\/mines.gouv.cd\/fr\/wp-content\/uploads\/2025\/10\/WhatsApp-Image-2025-10-23-a-19.15.10_ce1019cf-300x225.jpg 300w, https:\/\/mines.gouv.cd\/fr\/wp-content\/uploads\/2025\/10\/WhatsApp-Image-2025-10-23-a-19.15.10_ce1019cf-768x576.jpg 768w, https:\/\/mines.gouv.cd\/fr\/wp-content\/uploads\/2025\/10\/WhatsApp-Image-2025-10-23-a-19.15.10_ce1019cf-1536x1152.jpg 1536w, https:\/\/mines.gouv.cd\/fr\/wp-content\/uploads\/2025\/10\/WhatsApp-Image-2025-10-23-a-19.15.10_ce1019cf-2048x1536.jpg 2048w, https:\/\/mines.gouv.cd\/fr\/wp-content\/uploads\/2025\/10\/WhatsApp-Image-2025-10-23-a-19.15.10_ce1019cf-696x522.jpg 696w, https:\/\/mines.gouv.cd\/fr\/wp-content\/uploads\/2025\/10\/WhatsApp-Image-2025-10-23-a-19.15.10_ce1019cf-1068x801.jpg 1068w, https:\/\/mines.gouv.cd\/fr\/wp-content\/uploads\/2025\/10\/WhatsApp-Image-2025-10-23-a-19.15.10_ce1019cf-1920x1440.jpg 1920w, https:\/\/mines.gouv.cd\/fr\/wp-content\/uploads\/2025\/10\/WhatsApp-Image-2025-10-23-a-19.15.10_ce1019cf-560x420.jpg 560w, https:\/\/mines.gouv.cd\/fr\/wp-content\/uploads\/2025\/10\/WhatsApp-Image-2025-10-23-a-19.15.10_ce1019cf-80x60.jpg 80w, https:\/\/mines.gouv.cd\/fr\/wp-content\/uploads\/2025\/10\/WhatsApp-Image-2025-10-23-a-19.15.10_ce1019cf-265x198.jpg 265w\" sizes=\"auto, (max-width: 1024px) 100vw, 1024px\" \/><\/figure>\n","protected":false},"excerpt":{"rendered":"<p>Londres, Royaume-Uni \u2013 22 octobre 2025. La R\u00e9publique D\u00e9mocratique du Congo (RDC) s\u2019est une fois de plus distingu\u00e9e sur la sc\u00e8ne internationale lors du Financial Times Africa Summit 2025, tenu \u00e0 Londres du 21 au 22 octobre 2025, autour du th\u00e8me des min\u00e9raux critiques et des investissements durables en Afrique. Repr\u00e9sent\u00e9e par Son Excellence Monsieur [&hellip;]<\/p>\n","protected":false},"author":1,"featured_media":3311,"comment_status":"closed","ping_status":"open","sticky":false,"template":"","format":"standard","meta":{"tdm_status":"","tdm_grid_status":"","footnotes":""},"categories":[1],"tags":[],"class_list":{"0":"post-3328","1":"post","2":"type-post","3":"status-publish","4":"format-standard","5":"has-post-thumbnail","7":"category-non-classe"},"amp_enabled":true,"_links":{"self":[{"href":"https:\/\/mines.gouv.cd\/fr\/wp-json\/wp\/v2\/posts\/3328","targetHints":{"allow":["GET"]}}],"collection":[{"href":"https:\/\/mines.gouv.cd\/fr\/wp-json\/wp\/v2\/posts"}],"about":[{"href":"https:\/\/mines.gouv.cd\/fr\/wp-json\/wp\/v2\/types\/post"}],"author":[{"embeddable":true,"href":"https:\/\/mines.gouv.cd\/fr\/wp-json\/wp\/v2\/users\/1"}],"replies":[{"embeddable":true,"href":"https:\/\/mines.gouv.cd\/fr\/wp-json\/wp\/v2\/comments?post=3328"}],"version-history":[{"count":1,"href":"https:\/\/mines.gouv.cd\/fr\/wp-json\/wp\/v2\/posts\/3328\/revisions"}],"predecessor-version":[{"id":3329,"href":"https:\/\/mines.gouv.cd\/fr\/wp-json\/wp\/v2\/posts\/3328\/revisions\/3329"}],"wp:featuredmedia":[{"embeddable":true,"href":"https:\/\/mines.gouv.cd\/fr\/wp-json\/wp\/v2\/media\/3311"}],"wp:attachment":[{"href":"https:\/\/mines.gouv.cd\/fr\/wp-json\/wp\/v2\/media?parent=3328"}],"wp:term":[{"taxonomy":"category","embeddable":true,"href":"https:\/\/mines.gouv.cd\/fr\/wp-json\/wp\/v2\/categories?post=3328"},{"taxonomy":"post_tag","embeddable":true,"href":"https:\/\/mines.gouv.cd\/fr\/wp-json\/wp\/v2\/tags?post=3328"}],"curies":[{"name":"wp","href":"https:\/\/api.w.org\/{rel}","templated":true}]}}