{"id":3309,"date":"2025-10-23T20:40:16","date_gmt":"2025-10-23T18:40:16","guid":{"rendered":"https:\/\/mines.gouv.cd\/fr\/?p=3309"},"modified":"2025-10-23T20:40:41","modified_gmt":"2025-10-23T18:40:41","slug":"forum-economique-usa-rdc-le-ministre-a-inaugure-le-bureau-du-centre-dexpertise-devaluation-et-de-certification-ceec-aux-etats-unis","status":"publish","type":"post","link":"https:\/\/mines.gouv.cd\/fr\/2025\/10\/23\/forum-economique-usa-rdc-le-ministre-a-inaugure-le-bureau-du-centre-dexpertise-devaluation-et-de-certification-ceec-aux-etats-unis\/","title":{"rendered":"Forum \u00e9conomique USA\u2013RDC, le Ministre a inaugur\u00e9 le bureau du Centre d\u2019Expertise, d\u2019\u00c9valuation et de Certification (CEEC) aux \u00c9tats-Unis"},"content":{"rendered":"<div id=\"fb-root\"><\/div>\n\n<p>\u00c0 Washington D.C., ce 15 octobre 2025, la R\u00e9publique D\u00e9mocratique du Congo renforce son rayonnement international \u00e0 travers une s\u00e9rie d\u2019activit\u00e9s majeures conduites par Son Excellence Monsieur Louis Kabamba Watum, Ministre national des Mines.<\/p>\n\n\n\n<figure class=\"wp-block-image size-large\"><img loading=\"lazy\" decoding=\"async\" width=\"1024\" height=\"768\" src=\"https:\/\/mines.gouv.cd\/fr\/wp-content\/uploads\/2025\/10\/WhatsApp-Image-2025-10-17-a-18.26.55_a61a2188-1024x768.jpg\" alt=\"\" class=\"wp-image-3325\" srcset=\"https:\/\/mines.gouv.cd\/fr\/wp-content\/uploads\/2025\/10\/WhatsApp-Image-2025-10-17-a-18.26.55_a61a2188-1024x768.jpg 1024w, https:\/\/mines.gouv.cd\/fr\/wp-content\/uploads\/2025\/10\/WhatsApp-Image-2025-10-17-a-18.26.55_a61a2188-300x225.jpg 300w, https:\/\/mines.gouv.cd\/fr\/wp-content\/uploads\/2025\/10\/WhatsApp-Image-2025-10-17-a-18.26.55_a61a2188-768x576.jpg 768w, https:\/\/mines.gouv.cd\/fr\/wp-content\/uploads\/2025\/10\/WhatsApp-Image-2025-10-17-a-18.26.55_a61a2188-696x522.jpg 696w, https:\/\/mines.gouv.cd\/fr\/wp-content\/uploads\/2025\/10\/WhatsApp-Image-2025-10-17-a-18.26.55_a61a2188-1068x801.jpg 1068w, https:\/\/mines.gouv.cd\/fr\/wp-content\/uploads\/2025\/10\/WhatsApp-Image-2025-10-17-a-18.26.55_a61a2188-560x420.jpg 560w, https:\/\/mines.gouv.cd\/fr\/wp-content\/uploads\/2025\/10\/WhatsApp-Image-2025-10-17-a-18.26.55_a61a2188-80x60.jpg 80w, https:\/\/mines.gouv.cd\/fr\/wp-content\/uploads\/2025\/10\/WhatsApp-Image-2025-10-17-a-18.26.55_a61a2188-265x198.jpg 265w, https:\/\/mines.gouv.cd\/fr\/wp-content\/uploads\/2025\/10\/WhatsApp-Image-2025-10-17-a-18.26.55_a61a2188.jpg 1080w\" sizes=\"auto, (max-width: 1024px) 100vw, 1024px\" \/><\/figure>\n\n\n\n<p>En marge du Forum \u00e9conomique USA\u2013RDC, le Ministre a inaugur\u00e9 le bureau du Centre d\u2019Expertise, d\u2019\u00c9valuation et de Certification (CEEC) aux \u00c9tats-Unis. Fruit d\u2019un partenariat avec la soci\u00e9t\u00e9 BGM de Chicago, cette repr\u00e9sentation permettra d\u00e9sormais la vente directe des produits miniers congolais sur le march\u00e9 am\u00e9ricain, favorisant la valorisation locale et la cr\u00e9ation de plus-value nationale.<\/p>\n\n\n\n<p>Le Ministre a ensuite repr\u00e9sent\u00e9 Madame la Premi\u00e8re Ministre, Judith Suminwa Tuluka, au U.S. Critical Minerals Forum, organis\u00e9 par la U.S. Chamber of Commerce, o\u00f9 il a pr\u00e9sent\u00e9 la strat\u00e9gie mini\u00e8re nationale, fond\u00e9e sur la transformation locale, la bonne gouvernance et le partenariat gagnant-gagnant avec les investisseurs. Il a encourag\u00e9 l\u2019investissement dans la Greenfield exploration et l\u2019utilisation des technologies innovantes, de l\u2019intelligence artificielle et des outils g\u00e9ospatiaux pour une exploitation moderne et durable des minerais critiques, tout en rassurant sur la stabilit\u00e9 juridique et \u00e9conomique offerte par la RDC.<\/p>\n\n\n\n<figure class=\"wp-block-image size-large\"><img loading=\"lazy\" decoding=\"async\" width=\"1024\" height=\"768\" src=\"https:\/\/mines.gouv.cd\/fr\/wp-content\/uploads\/2025\/10\/WhatsApp-Image-2025-10-17-a-18.26.56_ee9c12a2-1024x768.jpg\" alt=\"\" class=\"wp-image-3318\" srcset=\"https:\/\/mines.gouv.cd\/fr\/wp-content\/uploads\/2025\/10\/WhatsApp-Image-2025-10-17-a-18.26.56_ee9c12a2-1024x768.jpg 1024w, https:\/\/mines.gouv.cd\/fr\/wp-content\/uploads\/2025\/10\/WhatsApp-Image-2025-10-17-a-18.26.56_ee9c12a2-300x225.jpg 300w, https:\/\/mines.gouv.cd\/fr\/wp-content\/uploads\/2025\/10\/WhatsApp-Image-2025-10-17-a-18.26.56_ee9c12a2-768x576.jpg 768w, https:\/\/mines.gouv.cd\/fr\/wp-content\/uploads\/2025\/10\/WhatsApp-Image-2025-10-17-a-18.26.56_ee9c12a2-696x522.jpg 696w, https:\/\/mines.gouv.cd\/fr\/wp-content\/uploads\/2025\/10\/WhatsApp-Image-2025-10-17-a-18.26.56_ee9c12a2-1068x801.jpg 1068w, https:\/\/mines.gouv.cd\/fr\/wp-content\/uploads\/2025\/10\/WhatsApp-Image-2025-10-17-a-18.26.56_ee9c12a2-560x420.jpg 560w, https:\/\/mines.gouv.cd\/fr\/wp-content\/uploads\/2025\/10\/WhatsApp-Image-2025-10-17-a-18.26.56_ee9c12a2-80x60.jpg 80w, https:\/\/mines.gouv.cd\/fr\/wp-content\/uploads\/2025\/10\/WhatsApp-Image-2025-10-17-a-18.26.56_ee9c12a2-265x198.jpg 265w, https:\/\/mines.gouv.cd\/fr\/wp-content\/uploads\/2025\/10\/WhatsApp-Image-2025-10-17-a-18.26.56_ee9c12a2.jpg 1080w\" sizes=\"auto, (max-width: 1024px) 100vw, 1024px\" \/><\/figure>\n\n\n\n<p>Aux c\u00f4t\u00e9s du Ministre de la Sant\u00e9, Roger Kamba, il a particip\u00e9 au forum \u00ab Partnership for Economic Growth and Job Creation \u00bb \u00e0 l\u2019Universit\u00e9 George Washington, mettant en lumi\u00e8re les progr\u00e8s du Gouvernement en mati\u00e8re de transparence, de gouvernance et de cr\u00e9ation d\u2019emplois durables.<\/p>\n\n\n\n<p>La journ\u00e9e s\u2019est achev\u00e9e par la participation du Ministre au forum sur le Corridor de Lobito, projet strat\u00e9gique reliant la RDC, la Zambie et l\u2019Angola, symbole d\u2019int\u00e9gration r\u00e9gionale et de d\u00e9veloppement partag\u00e9, soutenu par les \u00c9tats-Unis et l\u2019Union europ\u00e9enne.<\/p>\n\n\n\n<p>La veille, lors du Forum \u00e9conomique USA\u2013RDC, le Ministre avait conduit de multiples rencontres bilat\u00e9rales avec la Banque mondiale, Africa Finance Corporation, VITOL et CHEMAF, autour de la croissance inclusive, de la transformation locale et de la modernisation num\u00e9rique du secteur minier via le projet Kinshasa Mercantile Exchange.<\/p>\n\n\n\n<figure class=\"wp-block-image size-large\"><img loading=\"lazy\" decoding=\"async\" width=\"1024\" height=\"768\" src=\"https:\/\/mines.gouv.cd\/fr\/wp-content\/uploads\/2025\/10\/WhatsApp-Image-2025-10-17-a-18.26.57_ae6f2ea6-1024x768.jpg\" alt=\"\" class=\"wp-image-3321\" srcset=\"https:\/\/mines.gouv.cd\/fr\/wp-content\/uploads\/2025\/10\/WhatsApp-Image-2025-10-17-a-18.26.57_ae6f2ea6-1024x768.jpg 1024w, https:\/\/mines.gouv.cd\/fr\/wp-content\/uploads\/2025\/10\/WhatsApp-Image-2025-10-17-a-18.26.57_ae6f2ea6-300x225.jpg 300w, https:\/\/mines.gouv.cd\/fr\/wp-content\/uploads\/2025\/10\/WhatsApp-Image-2025-10-17-a-18.26.57_ae6f2ea6-768x576.jpg 768w, https:\/\/mines.gouv.cd\/fr\/wp-content\/uploads\/2025\/10\/WhatsApp-Image-2025-10-17-a-18.26.57_ae6f2ea6-696x522.jpg 696w, https:\/\/mines.gouv.cd\/fr\/wp-content\/uploads\/2025\/10\/WhatsApp-Image-2025-10-17-a-18.26.57_ae6f2ea6-1068x801.jpg 1068w, https:\/\/mines.gouv.cd\/fr\/wp-content\/uploads\/2025\/10\/WhatsApp-Image-2025-10-17-a-18.26.57_ae6f2ea6-560x420.jpg 560w, https:\/\/mines.gouv.cd\/fr\/wp-content\/uploads\/2025\/10\/WhatsApp-Image-2025-10-17-a-18.26.57_ae6f2ea6-80x60.jpg 80w, https:\/\/mines.gouv.cd\/fr\/wp-content\/uploads\/2025\/10\/WhatsApp-Image-2025-10-17-a-18.26.57_ae6f2ea6-265x198.jpg 265w, https:\/\/mines.gouv.cd\/fr\/wp-content\/uploads\/2025\/10\/WhatsApp-Image-2025-10-17-a-18.26.57_ae6f2ea6.jpg 1080w\" sizes=\"auto, (max-width: 1024px) 100vw, 1024px\" \/><\/figure>\n\n\n\n<p>Ces actions traduisent l\u2019offensive diplomatique et \u00e9conomique impuls\u00e9e par le Pr\u00e9sident F\u00e9lix-Antoine Tshisekedi Tshilombo pour faire du secteur minier un levier de transformation structurelle, de transparence et de prosp\u00e9rit\u00e9 partag\u00e9e.<\/p>\n\n\n\n<p>La RDC, terre d\u2019opportunit\u00e9s, s\u2019affirme comme un acteur cl\u00e9 de la transition \u00e9nerg\u00e9tique mondiale.<\/p>\n\n\n\n<p>Congo is back.<\/p>\n\n\n\n<figure class=\"wp-block-image size-large\"><img loading=\"lazy\" decoding=\"async\" width=\"1024\" height=\"768\" src=\"https:\/\/mines.gouv.cd\/fr\/wp-content\/uploads\/2025\/10\/WhatsApp-Image-2025-10-17-a-18.26.57_db7b3b43-1024x768.jpg\" alt=\"\" class=\"wp-image-3317\" srcset=\"https:\/\/mines.gouv.cd\/fr\/wp-content\/uploads\/2025\/10\/WhatsApp-Image-2025-10-17-a-18.26.57_db7b3b43-1024x768.jpg 1024w, https:\/\/mines.gouv.cd\/fr\/wp-content\/uploads\/2025\/10\/WhatsApp-Image-2025-10-17-a-18.26.57_db7b3b43-300x225.jpg 300w, https:\/\/mines.gouv.cd\/fr\/wp-content\/uploads\/2025\/10\/WhatsApp-Image-2025-10-17-a-18.26.57_db7b3b43-768x576.jpg 768w, https:\/\/mines.gouv.cd\/fr\/wp-content\/uploads\/2025\/10\/WhatsApp-Image-2025-10-17-a-18.26.57_db7b3b43-696x522.jpg 696w, https:\/\/mines.gouv.cd\/fr\/wp-content\/uploads\/2025\/10\/WhatsApp-Image-2025-10-17-a-18.26.57_db7b3b43-1068x801.jpg 1068w, https:\/\/mines.gouv.cd\/fr\/wp-content\/uploads\/2025\/10\/WhatsApp-Image-2025-10-17-a-18.26.57_db7b3b43-560x420.jpg 560w, https:\/\/mines.gouv.cd\/fr\/wp-content\/uploads\/2025\/10\/WhatsApp-Image-2025-10-17-a-18.26.57_db7b3b43-80x60.jpg 80w, https:\/\/mines.gouv.cd\/fr\/wp-content\/uploads\/2025\/10\/WhatsApp-Image-2025-10-17-a-18.26.57_db7b3b43-265x198.jpg 265w, https:\/\/mines.gouv.cd\/fr\/wp-content\/uploads\/2025\/10\/WhatsApp-Image-2025-10-17-a-18.26.57_db7b3b43.jpg 1080w\" sizes=\"auto, (max-width: 1024px) 100vw, 1024px\" \/><\/figure>\n","protected":false},"excerpt":{"rendered":"<p>\u00c0 Washington D.C., ce 15 octobre 2025, la R\u00e9publique D\u00e9mocratique du Congo renforce son rayonnement international \u00e0 travers une s\u00e9rie d\u2019activit\u00e9s majeures conduites par Son Excellence Monsieur Louis Kabamba Watum, Ministre national des Mines. En marge du Forum \u00e9conomique USA\u2013RDC, le Ministre a inaugur\u00e9 le bureau du Centre d\u2019Expertise, d\u2019\u00c9valuation et de Certification (CEEC) aux [&hellip;]<\/p>\n","protected":false},"author":1,"featured_media":3323,"comment_status":"closed","ping_status":"open","sticky":false,"template":"","format":"standard","meta":{"tdm_status":"","tdm_grid_status":"","footnotes":""},"categories":[89,85,80,86,81,1,84],"tags":[],"class_list":{"0":"post-3309","1":"post","2":"type-post","3":"status-publish","4":"format-standard","5":"has-post-thumbnail","7":"category-a-la-une","8":"category-actualite","9":"category-bonne-gouvernance","10":"category-cuivre-cobalt","11":"category-investissement","12":"category-non-classe","13":"category-vulgarisation"},"amp_enabled":true,"_links":{"self":[{"href":"https:\/\/mines.gouv.cd\/fr\/wp-json\/wp\/v2\/posts\/3309","targetHints":{"allow":["GET"]}}],"collection":[{"href":"https:\/\/mines.gouv.cd\/fr\/wp-json\/wp\/v2\/posts"}],"about":[{"href":"https:\/\/mines.gouv.cd\/fr\/wp-json\/wp\/v2\/types\/post"}],"author":[{"embeddable":true,"href":"https:\/\/mines.gouv.cd\/fr\/wp-json\/wp\/v2\/users\/1"}],"replies":[{"embeddable":true,"href":"https:\/\/mines.gouv.cd\/fr\/wp-json\/wp\/v2\/comments?post=3309"}],"version-history":[{"count":1,"href":"https:\/\/mines.gouv.cd\/fr\/wp-json\/wp\/v2\/posts\/3309\/revisions"}],"predecessor-version":[{"id":3326,"href":"https:\/\/mines.gouv.cd\/fr\/wp-json\/wp\/v2\/posts\/3309\/revisions\/3326"}],"wp:featuredmedia":[{"embeddable":true,"href":"https:\/\/mines.gouv.cd\/fr\/wp-json\/wp\/v2\/media\/3323"}],"wp:attachment":[{"href":"https:\/\/mines.gouv.cd\/fr\/wp-json\/wp\/v2\/media?parent=3309"}],"wp:term":[{"taxonomy":"category","embeddable":true,"href":"https:\/\/mines.gouv.cd\/fr\/wp-json\/wp\/v2\/categories?post=3309"},{"taxonomy":"post_tag","embeddable":true,"href":"https:\/\/mines.gouv.cd\/fr\/wp-json\/wp\/v2\/tags?post=3309"}],"curies":[{"name":"wp","href":"https:\/\/api.w.org\/{rel}","templated":true}]}}