{"id":3197,"date":"2025-09-21T11:09:04","date_gmt":"2025-09-21T09:09:04","guid":{"rendered":"https:\/\/mines.gouv.cd\/fr\/?p=3197"},"modified":"2025-09-21T11:09:06","modified_gmt":"2025-09-21T09:09:06","slug":"amelioration-des-conditions-de-vie-des-exploitants-artisanaux-le-ministre-louis-watum-kabamba-engage-un-dialogue-direct-avec-les-cooperatives-minieres-a-kolwezi","status":"publish","type":"post","link":"https:\/\/mines.gouv.cd\/fr\/2025\/09\/21\/amelioration-des-conditions-de-vie-des-exploitants-artisanaux-le-ministre-louis-watum-kabamba-engage-un-dialogue-direct-avec-les-cooperatives-minieres-a-kolwezi\/","title":{"rendered":"Am\u00e9lioration des conditions de vie des exploitants artisanaux : le Ministre Louis WATUM KABAMBA engage un dialogue direct avec les coop\u00e9ratives mini\u00e8res \u00e0 Kolwezi."},"content":{"rendered":"<div id=\"fb-root\"><\/div>\n\n<p>D\u00e9termin\u00e9 \u00e0 promouvoir des solutions durables et inclusives dans le secteur de l\u2019exploitation artisanale du cuivre et du cobalt, le Ministre des Mines, Louis WATUM KABAMBA, en mission officielle \u00e0 Kolwezi, chef-lieu de la province du Lualaba, a rencontr\u00e9 les exploitants artisanaux afin d\u2019\u00e9changer sur les voies d\u2019une meilleure organisation de leurs activit\u00e9s en RDC.<\/p>\n\n\n\n<p>Il s\u2019est rendu successivement sur le site de Mutoshi, puis au si\u00e8ge provincial du Service d\u2019Assistance et d\u2019Encadrement de l\u2019Exploitation Mini\u00e8re Artisanale et \u00e0 Petite \u00c9chelle (SAEMAPE), o\u00f9 il a eu des \u00e9changes constructifs avec les responsables des coop\u00e9ratives mini\u00e8res actives sur le terrain.<\/p>\n\n\n\n<figure class=\"wp-block-image size-large\"><img loading=\"lazy\" decoding=\"async\" width=\"1024\" height=\"576\" src=\"https:\/\/mines.gouv.cd\/fr\/wp-content\/uploads\/2025\/09\/WhatsApp-Image-2025-09-20-at-09.50.17-1024x576.jpeg\" alt=\"\" class=\"wp-image-3177\" srcset=\"https:\/\/mines.gouv.cd\/fr\/wp-content\/uploads\/2025\/09\/WhatsApp-Image-2025-09-20-at-09.50.17-1024x576.jpeg 1024w, https:\/\/mines.gouv.cd\/fr\/wp-content\/uploads\/2025\/09\/WhatsApp-Image-2025-09-20-at-09.50.17-300x169.jpeg 300w, https:\/\/mines.gouv.cd\/fr\/wp-content\/uploads\/2025\/09\/WhatsApp-Image-2025-09-20-at-09.50.17-768x432.jpeg 768w, https:\/\/mines.gouv.cd\/fr\/wp-content\/uploads\/2025\/09\/WhatsApp-Image-2025-09-20-at-09.50.17-696x392.jpeg 696w, https:\/\/mines.gouv.cd\/fr\/wp-content\/uploads\/2025\/09\/WhatsApp-Image-2025-09-20-at-09.50.17-1068x601.jpeg 1068w, https:\/\/mines.gouv.cd\/fr\/wp-content\/uploads\/2025\/09\/WhatsApp-Image-2025-09-20-at-09.50.17-747x420.jpeg 747w, https:\/\/mines.gouv.cd\/fr\/wp-content\/uploads\/2025\/09\/WhatsApp-Image-2025-09-20-at-09.50.17.jpeg 1280w\" sizes=\"auto, (max-width: 1024px) 100vw, 1024px\" \/><\/figure>\n\n\n\n<p>Ces rencontres ont constitu\u00e9 un cadre de dialogue franc, permettant au Ministre d\u2019\u00e9couter attentivement les pr\u00e9occupations des exploitants artisanaux et de mettre en \u0153uvre avec eux des solutions efficaces, adapt\u00e9es et \u00e9quilibr\u00e9es.<\/p>\n\n\n\n<p>En r\u00e9ponse, le Ministre a rappel\u00e9 l\u2019importance pour les exploitants artisanaux de s\u2019appuyer sur le Code minier et le R\u00e8glement minier de la RDC, afin de garantir des activit\u00e9s exerc\u00e9es dans un cadre l\u00e9gal, s\u00e9curis\u00e9 et transparent.<\/p>\n\n\n\n<figure class=\"wp-block-image size-large\"><img loading=\"lazy\" decoding=\"async\" width=\"1024\" height=\"576\" src=\"https:\/\/mines.gouv.cd\/fr\/wp-content\/uploads\/2025\/09\/WhatsApp-Image-2025-09-20-at-09.50.16-1-1024x576.jpeg\" alt=\"\" class=\"wp-image-3178\" srcset=\"https:\/\/mines.gouv.cd\/fr\/wp-content\/uploads\/2025\/09\/WhatsApp-Image-2025-09-20-at-09.50.16-1-1024x576.jpeg 1024w, https:\/\/mines.gouv.cd\/fr\/wp-content\/uploads\/2025\/09\/WhatsApp-Image-2025-09-20-at-09.50.16-1-300x169.jpeg 300w, https:\/\/mines.gouv.cd\/fr\/wp-content\/uploads\/2025\/09\/WhatsApp-Image-2025-09-20-at-09.50.16-1-768x432.jpeg 768w, https:\/\/mines.gouv.cd\/fr\/wp-content\/uploads\/2025\/09\/WhatsApp-Image-2025-09-20-at-09.50.16-1-696x392.jpeg 696w, https:\/\/mines.gouv.cd\/fr\/wp-content\/uploads\/2025\/09\/WhatsApp-Image-2025-09-20-at-09.50.16-1-1068x601.jpeg 1068w, https:\/\/mines.gouv.cd\/fr\/wp-content\/uploads\/2025\/09\/WhatsApp-Image-2025-09-20-at-09.50.16-1-747x420.jpeg 747w, https:\/\/mines.gouv.cd\/fr\/wp-content\/uploads\/2025\/09\/WhatsApp-Image-2025-09-20-at-09.50.16-1.jpeg 1280w\" sizes=\"auto, (max-width: 1024px) 100vw, 1024px\" \/><\/figure>\n\n\n\n<p>Louis WATUM KABAMBA a \u00e9galement soulign\u00e9 quatre valeurs fondamentales devant guider chaque creuseur artisanal : le patriotisme, le pragmatisme, l\u2019int\u00e9grit\u00e9 et la m\u00e9ritocratie. \u00ab C\u2019est par ces valeurs que l\u2019on peut construire une exploitation artisanale responsable et b\u00e9n\u00e9fique pour tous \u00bb, a-t-il d\u00e9clar\u00e9. Enfin, le Ministre des Mines a r\u00e9affirm\u00e9 l\u2019engagement du Gouvernement de la R\u00e9publique \u00e0 instaurer un cadre harmonieux, transparent et structur\u00e9 pour l\u2019exploitation artisanale. Un cadre reposant sur le dialogue, l\u2019encadrement technique et le respect du cadre l\u00e9gal et r\u00e9glementaire, dans l\u2019int\u00e9r\u00eat de toutes les parties prenantes, y compris les communaut\u00e9s locales et l\u2019\u00e9conomie nationale<\/p>\n\n\n\n<figure class=\"wp-block-image size-large\"><img loading=\"lazy\" decoding=\"async\" width=\"1024\" height=\"576\" src=\"https:\/\/mines.gouv.cd\/fr\/wp-content\/uploads\/2025\/09\/WhatsApp-Image-2025-09-20-at-09.50.16-1024x576.jpeg\" alt=\"\" class=\"wp-image-3179\" srcset=\"https:\/\/mines.gouv.cd\/fr\/wp-content\/uploads\/2025\/09\/WhatsApp-Image-2025-09-20-at-09.50.16-1024x576.jpeg 1024w, https:\/\/mines.gouv.cd\/fr\/wp-content\/uploads\/2025\/09\/WhatsApp-Image-2025-09-20-at-09.50.16-300x169.jpeg 300w, https:\/\/mines.gouv.cd\/fr\/wp-content\/uploads\/2025\/09\/WhatsApp-Image-2025-09-20-at-09.50.16-768x432.jpeg 768w, https:\/\/mines.gouv.cd\/fr\/wp-content\/uploads\/2025\/09\/WhatsApp-Image-2025-09-20-at-09.50.16-696x392.jpeg 696w, https:\/\/mines.gouv.cd\/fr\/wp-content\/uploads\/2025\/09\/WhatsApp-Image-2025-09-20-at-09.50.16-1068x601.jpeg 1068w, https:\/\/mines.gouv.cd\/fr\/wp-content\/uploads\/2025\/09\/WhatsApp-Image-2025-09-20-at-09.50.16-747x420.jpeg 747w, https:\/\/mines.gouv.cd\/fr\/wp-content\/uploads\/2025\/09\/WhatsApp-Image-2025-09-20-at-09.50.16.jpeg 1280w\" sizes=\"auto, (max-width: 1024px) 100vw, 1024px\" \/><\/figure>\n","protected":false},"excerpt":{"rendered":"<p>D\u00e9termin\u00e9 \u00e0 promouvoir des solutions durables et inclusives dans le secteur de l\u2019exploitation artisanale du cuivre et du cobalt, le Ministre des Mines, Louis WATUM KABAMBA, en mission officielle \u00e0 Kolwezi, chef-lieu de la province du Lualaba, a rencontr\u00e9 les exploitants artisanaux afin d\u2019\u00e9changer sur les voies d\u2019une meilleure organisation de leurs activit\u00e9s en RDC. [&hellip;]<\/p>\n","protected":false},"author":1,"featured_media":3176,"comment_status":"closed","ping_status":"open","sticky":false,"template":"","format":"standard","meta":{"tdm_status":"","tdm_grid_status":"","footnotes":""},"categories":[1],"tags":[],"class_list":{"0":"post-3197","1":"post","2":"type-post","3":"status-publish","4":"format-standard","5":"has-post-thumbnail","7":"category-non-classe"},"amp_enabled":true,"_links":{"self":[{"href":"https:\/\/mines.gouv.cd\/fr\/wp-json\/wp\/v2\/posts\/3197","targetHints":{"allow":["GET"]}}],"collection":[{"href":"https:\/\/mines.gouv.cd\/fr\/wp-json\/wp\/v2\/posts"}],"about":[{"href":"https:\/\/mines.gouv.cd\/fr\/wp-json\/wp\/v2\/types\/post"}],"author":[{"embeddable":true,"href":"https:\/\/mines.gouv.cd\/fr\/wp-json\/wp\/v2\/users\/1"}],"replies":[{"embeddable":true,"href":"https:\/\/mines.gouv.cd\/fr\/wp-json\/wp\/v2\/comments?post=3197"}],"version-history":[{"count":1,"href":"https:\/\/mines.gouv.cd\/fr\/wp-json\/wp\/v2\/posts\/3197\/revisions"}],"predecessor-version":[{"id":3198,"href":"https:\/\/mines.gouv.cd\/fr\/wp-json\/wp\/v2\/posts\/3197\/revisions\/3198"}],"wp:featuredmedia":[{"embeddable":true,"href":"https:\/\/mines.gouv.cd\/fr\/wp-json\/wp\/v2\/media\/3176"}],"wp:attachment":[{"href":"https:\/\/mines.gouv.cd\/fr\/wp-json\/wp\/v2\/media?parent=3197"}],"wp:term":[{"taxonomy":"category","embeddable":true,"href":"https:\/\/mines.gouv.cd\/fr\/wp-json\/wp\/v2\/categories?post=3197"},{"taxonomy":"post_tag","embeddable":true,"href":"https:\/\/mines.gouv.cd\/fr\/wp-json\/wp\/v2\/tags?post=3197"}],"curies":[{"name":"wp","href":"https:\/\/api.w.org\/{rel}","templated":true}]}}