{"id":3152,"date":"2025-09-18T16:00:00","date_gmt":"2025-09-18T14:00:00","guid":{"rendered":"https:\/\/mines.gouv.cd\/fr\/?p=3152"},"modified":"2025-09-18T16:00:01","modified_gmt":"2025-09-18T14:00:01","slug":"le-ministre-des-mines-louis-watum-kabamba-est-arrive-ce-jeudi-18-septembre-2025-a-kolwezi-chef-lieu-de-la-province-du-lualaba-pour-une-mission-officielle-denvergure","status":"publish","type":"post","link":"https:\/\/mines.gouv.cd\/fr\/2025\/09\/18\/le-ministre-des-mines-louis-watum-kabamba-est-arrive-ce-jeudi-18-septembre-2025-a-kolwezi-chef-lieu-de-la-province-du-lualaba-pour-une-mission-officielle-denvergure\/","title":{"rendered":"Le Ministre des Mines, Louis WATUM KABAMBA, est arriv\u00e9 ce jeudi 18 septembre 2025 \u00e0 Kolwezi, chef-lieu de la province du Lualaba, pour une mission officielle d\u2019envergure."},"content":{"rendered":"<div id=\"fb-root\"><\/div>\n\n<p>Accueilli par les autorit\u00e9s provinciales et accompagn\u00e9 des chefs des structures sous tutelle, le Ministre a pr\u00e9sent\u00e9 le mobile de sa visite.<\/p>\n\n\n\n<p>Cette mission s\u2019inscrit dans la volont\u00e9 du Gouvernement de renforcer le dialogue avec tous les acteurs de l\u2019industrie mini\u00e8re. Louis WATUM KABAMBA entend tenir un dialogue franc avec les op\u00e9rateurs miniers via la Chambre des Mines, ainsi qu\u2019avec les autorit\u00e9s politico-administratives et tous les services concern\u00e9s.<\/p>\n\n\n\n<figure class=\"wp-block-image size-large\"><img loading=\"lazy\" decoding=\"async\" width=\"1024\" height=\"683\" src=\"https:\/\/mines.gouv.cd\/fr\/wp-content\/uploads\/2025\/09\/WhatsApp-Image-2025-09-18-a-14.38.39_eeef0ead-1024x683.jpg\" alt=\"\" class=\"wp-image-3160\" srcset=\"https:\/\/mines.gouv.cd\/fr\/wp-content\/uploads\/2025\/09\/WhatsApp-Image-2025-09-18-a-14.38.39_eeef0ead-1024x683.jpg 1024w, https:\/\/mines.gouv.cd\/fr\/wp-content\/uploads\/2025\/09\/WhatsApp-Image-2025-09-18-a-14.38.39_eeef0ead-300x200.jpg 300w, https:\/\/mines.gouv.cd\/fr\/wp-content\/uploads\/2025\/09\/WhatsApp-Image-2025-09-18-a-14.38.39_eeef0ead-768x512.jpg 768w, https:\/\/mines.gouv.cd\/fr\/wp-content\/uploads\/2025\/09\/WhatsApp-Image-2025-09-18-a-14.38.39_eeef0ead-1536x1024.jpg 1536w, https:\/\/mines.gouv.cd\/fr\/wp-content\/uploads\/2025\/09\/WhatsApp-Image-2025-09-18-a-14.38.39_eeef0ead-2048x1366.jpg 2048w, https:\/\/mines.gouv.cd\/fr\/wp-content\/uploads\/2025\/09\/WhatsApp-Image-2025-09-18-a-14.38.39_eeef0ead-696x464.jpg 696w, https:\/\/mines.gouv.cd\/fr\/wp-content\/uploads\/2025\/09\/WhatsApp-Image-2025-09-18-a-14.38.39_eeef0ead-1068x712.jpg 1068w, https:\/\/mines.gouv.cd\/fr\/wp-content\/uploads\/2025\/09\/WhatsApp-Image-2025-09-18-a-14.38.39_eeef0ead-1920x1280.jpg 1920w, https:\/\/mines.gouv.cd\/fr\/wp-content\/uploads\/2025\/09\/WhatsApp-Image-2025-09-18-a-14.38.39_eeef0ead-630x420.jpg 630w\" sizes=\"auto, (max-width: 1024px) 100vw, 1024px\" \/><\/figure>\n\n\n\n<p>Au programme de cette mission : identifier et r\u00e9soudre les d\u00e9fis majeurs qui freinent l\u2019impact positif de l\u2019exploitation mini\u00e8re, tels que la gestion de la DOT, l\u2019envahissement des sites par les creuseurs artisanaux, et l\u2019encadrement de l\u2019artisanat minier.<\/p>\n\n\n\n<figure class=\"wp-block-image size-large\"><img loading=\"lazy\" decoding=\"async\" width=\"1024\" height=\"683\" src=\"https:\/\/mines.gouv.cd\/fr\/wp-content\/uploads\/2025\/09\/WhatsApp-Image-2025-09-18-a-14.38.39_6af099a4-1024x683.jpg\" alt=\"\" class=\"wp-image-3156\" srcset=\"https:\/\/mines.gouv.cd\/fr\/wp-content\/uploads\/2025\/09\/WhatsApp-Image-2025-09-18-a-14.38.39_6af099a4-1024x683.jpg 1024w, https:\/\/mines.gouv.cd\/fr\/wp-content\/uploads\/2025\/09\/WhatsApp-Image-2025-09-18-a-14.38.39_6af099a4-300x200.jpg 300w, https:\/\/mines.gouv.cd\/fr\/wp-content\/uploads\/2025\/09\/WhatsApp-Image-2025-09-18-a-14.38.39_6af099a4-768x512.jpg 768w, https:\/\/mines.gouv.cd\/fr\/wp-content\/uploads\/2025\/09\/WhatsApp-Image-2025-09-18-a-14.38.39_6af099a4-1536x1024.jpg 1536w, https:\/\/mines.gouv.cd\/fr\/wp-content\/uploads\/2025\/09\/WhatsApp-Image-2025-09-18-a-14.38.39_6af099a4-2048x1365.jpg 2048w, https:\/\/mines.gouv.cd\/fr\/wp-content\/uploads\/2025\/09\/WhatsApp-Image-2025-09-18-a-14.38.39_6af099a4-696x464.jpg 696w, https:\/\/mines.gouv.cd\/fr\/wp-content\/uploads\/2025\/09\/WhatsApp-Image-2025-09-18-a-14.38.39_6af099a4-1068x712.jpg 1068w, https:\/\/mines.gouv.cd\/fr\/wp-content\/uploads\/2025\/09\/WhatsApp-Image-2025-09-18-a-14.38.39_6af099a4-1920x1280.jpg 1920w, https:\/\/mines.gouv.cd\/fr\/wp-content\/uploads\/2025\/09\/WhatsApp-Image-2025-09-18-a-14.38.39_6af099a4-630x420.jpg 630w\" sizes=\"auto, (max-width: 1024px) 100vw, 1024px\" \/><\/figure>\n\n\n\n<p>Avant d\u2019entamer les \u00e9changes avec les op\u00e9rateurs, le Ministre a pr\u00e9sent\u00e9 ses civilit\u00e9s \u00e0 Madame la Gouverneure du Lualaba, Fifi Masuka, confirmant l\u2019importance de la coordination avec les autorit\u00e9s provinciales. Il a ensuite rejoint les acteurs du secteur pour un \u00e9change constructif, r\u00e9affirmant la volont\u00e9 du Gouvernement de promouvoir une exploitation mini\u00e8re responsable, transparente et profitable au peuple&nbsp;congolais.<\/p>\n\n\n\n<figure class=\"wp-block-image size-large\"><img loading=\"lazy\" decoding=\"async\" width=\"1024\" height=\"683\" src=\"https:\/\/mines.gouv.cd\/fr\/wp-content\/uploads\/2025\/09\/IMG-20250918-WA0021-1024x683.jpg\" alt=\"\" class=\"wp-image-3161\" srcset=\"https:\/\/mines.gouv.cd\/fr\/wp-content\/uploads\/2025\/09\/IMG-20250918-WA0021-1024x683.jpg 1024w, https:\/\/mines.gouv.cd\/fr\/wp-content\/uploads\/2025\/09\/IMG-20250918-WA0021-300x200.jpg 300w, https:\/\/mines.gouv.cd\/fr\/wp-content\/uploads\/2025\/09\/IMG-20250918-WA0021-768x512.jpg 768w, https:\/\/mines.gouv.cd\/fr\/wp-content\/uploads\/2025\/09\/IMG-20250918-WA0021-1536x1024.jpg 1536w, https:\/\/mines.gouv.cd\/fr\/wp-content\/uploads\/2025\/09\/IMG-20250918-WA0021-2048x1365.jpg 2048w, https:\/\/mines.gouv.cd\/fr\/wp-content\/uploads\/2025\/09\/IMG-20250918-WA0021-696x464.jpg 696w, https:\/\/mines.gouv.cd\/fr\/wp-content\/uploads\/2025\/09\/IMG-20250918-WA0021-1068x712.jpg 1068w, https:\/\/mines.gouv.cd\/fr\/wp-content\/uploads\/2025\/09\/IMG-20250918-WA0021-1920x1280.jpg 1920w, https:\/\/mines.gouv.cd\/fr\/wp-content\/uploads\/2025\/09\/IMG-20250918-WA0021-630x420.jpg 630w\" sizes=\"auto, (max-width: 1024px) 100vw, 1024px\" \/><\/figure>\n","protected":false},"excerpt":{"rendered":"<p>Accueilli par les autorit\u00e9s provinciales et accompagn\u00e9 des chefs des structures sous tutelle, le Ministre a pr\u00e9sent\u00e9 le mobile de sa visite. Cette mission s\u2019inscrit dans la volont\u00e9 du Gouvernement de renforcer le dialogue avec tous les acteurs de l\u2019industrie mini\u00e8re. Louis WATUM KABAMBA entend tenir un dialogue franc avec les op\u00e9rateurs miniers via la [&hellip;]<\/p>\n","protected":false},"author":1,"featured_media":3159,"comment_status":"closed","ping_status":"open","sticky":false,"template":"","format":"standard","meta":{"tdm_status":"","tdm_grid_status":"","footnotes":""},"categories":[89,85],"tags":[],"class_list":{"0":"post-3152","1":"post","2":"type-post","3":"status-publish","4":"format-standard","5":"has-post-thumbnail","7":"category-a-la-une","8":"category-actualite"},"amp_enabled":true,"_links":{"self":[{"href":"https:\/\/mines.gouv.cd\/fr\/wp-json\/wp\/v2\/posts\/3152","targetHints":{"allow":["GET"]}}],"collection":[{"href":"https:\/\/mines.gouv.cd\/fr\/wp-json\/wp\/v2\/posts"}],"about":[{"href":"https:\/\/mines.gouv.cd\/fr\/wp-json\/wp\/v2\/types\/post"}],"author":[{"embeddable":true,"href":"https:\/\/mines.gouv.cd\/fr\/wp-json\/wp\/v2\/users\/1"}],"replies":[{"embeddable":true,"href":"https:\/\/mines.gouv.cd\/fr\/wp-json\/wp\/v2\/comments?post=3152"}],"version-history":[{"count":1,"href":"https:\/\/mines.gouv.cd\/fr\/wp-json\/wp\/v2\/posts\/3152\/revisions"}],"predecessor-version":[{"id":3163,"href":"https:\/\/mines.gouv.cd\/fr\/wp-json\/wp\/v2\/posts\/3152\/revisions\/3163"}],"wp:featuredmedia":[{"embeddable":true,"href":"https:\/\/mines.gouv.cd\/fr\/wp-json\/wp\/v2\/media\/3159"}],"wp:attachment":[{"href":"https:\/\/mines.gouv.cd\/fr\/wp-json\/wp\/v2\/media?parent=3152"}],"wp:term":[{"taxonomy":"category","embeddable":true,"href":"https:\/\/mines.gouv.cd\/fr\/wp-json\/wp\/v2\/categories?post=3152"},{"taxonomy":"post_tag","embeddable":true,"href":"https:\/\/mines.gouv.cd\/fr\/wp-json\/wp\/v2\/tags?post=3152"}],"curies":[{"name":"wp","href":"https:\/\/api.w.org\/{rel}","templated":true}]}}