{"id":3044,"date":"2025-06-20T11:41:14","date_gmt":"2025-06-20T09:41:14","guid":{"rendered":"https:\/\/mines.gouv.cd\/fr\/?p=3044"},"modified":"2025-06-20T11:42:28","modified_gmt":"2025-06-20T09:42:28","slug":"la-rdc-sengage-pour-la-relance-mondiale-du-diamant-naturel-signature-du-luanda-accord","status":"publish","type":"post","link":"https:\/\/mines.gouv.cd\/fr\/2025\/06\/20\/la-rdc-sengage-pour-la-relance-mondiale-du-diamant-naturel-signature-du-luanda-accord\/","title":{"rendered":"La RDC s\u2019engage pour la relance mondiale du diamant naturel : signature du Luanda Accord"},"content":{"rendered":"<div id=\"fb-root\"><\/div>\n\n<p>La R\u00e9publique D\u00e9mocratique du Congo a pris part \u00e0 la Table ronde minist\u00e9rielle internationale sur le diamant naturel, organis\u00e9e \u00e0 Luanda, en Angola, du 17 au 19 juin 2025. Cette rencontre strat\u00e9gique a rassembl\u00e9 les ministres des mines de plusieurs pays africains producteurs de diamants, des repr\u00e9sentants d\u2019institutions internationales, ainsi que les principaux acteurs de l\u2019industrie diamantaire mondiale.<\/p>\n\n\n\n<p>Le pays a \u00e9t\u00e9 repr\u00e9sent\u00e9 par Son Excellence Monsieur Kizito Pakabomba Kapinga Mulume, Ministre des Mines de la RDC, qui a prononc\u00e9 une allocution remarqu\u00e9e lors de la s\u00e9ance d\u2019ouverture. Dans un discours inspirant, il a appel\u00e9 \u00e0 une mobilisation collective en faveur de la renaissance du diamant naturel, soulignant son r\u00f4le essentiel comme levier de d\u00e9veloppement, de paix et de cr\u00e9ation de valeur pour les populations locales.<\/p>\n\n\n\n<p>\u00ab\u202fLe diamant naturel est plus qu\u2019un bien de luxe\u202f: il est un outil d\u2019\u00e9mancipation \u00e9conomique, de d\u00e9veloppement communautaire et d\u2019identit\u00e9 africaine. Pour raviver son \u00e9clat, il nous faut plus que des carats et de la clart\u00e9 : il nous faut de la coordination, de la conviction et une touche de courage\u202f\u00bb, a d\u00e9clar\u00e9 le ministre.<\/p>\n\n\n\n<figure class=\"wp-block-image size-large\"><img loading=\"lazy\" decoding=\"async\" width=\"1024\" height=\"682\" src=\"https:\/\/mines.gouv.cd\/fr\/wp-content\/uploads\/2025\/06\/WhatsApp-Image-2025-06-20-a-10.29.57_dd9b9004-1024x682.jpg\" alt=\"\" class=\"wp-image-3047\" srcset=\"https:\/\/mines.gouv.cd\/fr\/wp-content\/uploads\/2025\/06\/WhatsApp-Image-2025-06-20-a-10.29.57_dd9b9004-1024x682.jpg 1024w, https:\/\/mines.gouv.cd\/fr\/wp-content\/uploads\/2025\/06\/WhatsApp-Image-2025-06-20-a-10.29.57_dd9b9004-300x200.jpg 300w, https:\/\/mines.gouv.cd\/fr\/wp-content\/uploads\/2025\/06\/WhatsApp-Image-2025-06-20-a-10.29.57_dd9b9004-768x512.jpg 768w, https:\/\/mines.gouv.cd\/fr\/wp-content\/uploads\/2025\/06\/WhatsApp-Image-2025-06-20-a-10.29.57_dd9b9004-696x464.jpg 696w, https:\/\/mines.gouv.cd\/fr\/wp-content\/uploads\/2025\/06\/WhatsApp-Image-2025-06-20-a-10.29.57_dd9b9004-1068x712.jpg 1068w, https:\/\/mines.gouv.cd\/fr\/wp-content\/uploads\/2025\/06\/WhatsApp-Image-2025-06-20-a-10.29.57_dd9b9004-630x420.jpg 630w, https:\/\/mines.gouv.cd\/fr\/wp-content\/uploads\/2025\/06\/WhatsApp-Image-2025-06-20-a-10.29.57_dd9b9004.jpg 1280w\" sizes=\"auto, (max-width: 1024px) 100vw, 1024px\" \/><\/figure>\n\n\n\n<h3 class=\"wp-block-heading\"><a><\/a>Un plaidoyer pour la coop\u00e9ration r\u00e9gionale et une vision renouvel\u00e9e<\/h3>\n\n\n\n<p>Aux c\u00f4t\u00e9s de ses homologues de l\u2019Angola, du Botswana, de la Namibie et de la Sierra Leone, le Ministre des Mines de la RDC a insist\u00e9 sur la n\u00e9cessit\u00e9 de construire une cha\u00eene de valeur responsable, tra\u00e7able, transparente et \u00e9quitable autour du diamant naturel africain. Il a notamment propos\u00e9 une relecture politique des traditionnels \u00ab\u00a04C\u00a0\u00bb (carat, cut, color, clarity), en les rempla\u00e7ant par Confiance, Coop\u00e9ration, Cr\u00e9dibilit\u00e9 et Cr\u00e9ativit\u00e9.<\/p>\n\n\n\n<h3 class=\"wp-block-heading\"><a><\/a>Vers une campagne mondiale en faveur du diamant africain<\/h3>\n\n\n\n<p>Cette rencontre historique, organis\u00e9e avec l\u2019appui du De Beers Group et de l\u2019Antwerp World Diamond Centre (AWDC), visait \u00e0 lancer une campagne de marketing global d\u00e9di\u00e9e \u00e0 la promotion des diamants naturels, dans un contexte marqu\u00e9 par la mont\u00e9e du diamant synth\u00e9tique et l\u2019\u00e9volution des attentes des consommateurs.<\/p>\n\n\n\n<p>Parmi les participants figuraient les grandes firmes du secteur (De Beers, Rio Tinto), ainsi que les principales bourses diamantaires telles que le DMCC (Duba\u00ef), l\u2019AWDC (Anvers) et le GJEPC (Inde).<\/p>\n\n\n\n<h3 class=\"wp-block-heading\"><a><\/a>Signature du Luanda Accord<\/h3>\n\n\n\n<p>Les travaux de la Table ronde ont abouti \u00e0 la signature du Luanda Accord, un protocole in\u00e9dit qui engage chaque \u00c9tat signataire \u00e0 consacrer 1 % des revenus g\u00e9n\u00e9r\u00e9s par la vente de diamants bruts \u00e0 un fonds international. Ce fonds, plac\u00e9 sous la coordination du Natural Diamond Council, sera d\u00e9di\u00e9 au financement d\u2019une campagne mondiale de communication ax\u00e9e sur les diamants naturels africains.<\/p>\n\n\n\n<p>La R\u00e9publique D\u00e9mocratique du Congo a pleinement adh\u00e9r\u00e9 \u00e0 cette initiative, marquant sa volont\u00e9 de jouer un r\u00f4le moteur dans la relance responsable et durable de cette industrie strat\u00e9gique.<\/p>\n\n\n\n<figure class=\"wp-block-image size-full\"><img loading=\"lazy\" decoding=\"async\" width=\"870\" height=\"580\" src=\"https:\/\/mines.gouv.cd\/fr\/wp-content\/uploads\/2025\/06\/WhatsApp-Image-2025-06-20-a-10.29.57_1f428966.jpg\" alt=\"\" class=\"wp-image-3046\" srcset=\"https:\/\/mines.gouv.cd\/fr\/wp-content\/uploads\/2025\/06\/WhatsApp-Image-2025-06-20-a-10.29.57_1f428966.jpg 870w, https:\/\/mines.gouv.cd\/fr\/wp-content\/uploads\/2025\/06\/WhatsApp-Image-2025-06-20-a-10.29.57_1f428966-300x200.jpg 300w, https:\/\/mines.gouv.cd\/fr\/wp-content\/uploads\/2025\/06\/WhatsApp-Image-2025-06-20-a-10.29.57_1f428966-768x512.jpg 768w, https:\/\/mines.gouv.cd\/fr\/wp-content\/uploads\/2025\/06\/WhatsApp-Image-2025-06-20-a-10.29.57_1f428966-696x464.jpg 696w, https:\/\/mines.gouv.cd\/fr\/wp-content\/uploads\/2025\/06\/WhatsApp-Image-2025-06-20-a-10.29.57_1f428966-630x420.jpg 630w\" sizes=\"auto, (max-width: 870px) 100vw, 870px\" \/><\/figure>\n\n\n\n<h3 class=\"wp-block-heading\"><a><\/a>Un engagement clair pour l\u2019avenir<\/h3>\n\n\n\n<p>\u00c0 travers cette participation active et la signature du Luanda Accord, la RDC affirme son engagement \u00e0 d\u00e9fendre les int\u00e9r\u00eats des producteurs africains, \u00e0 valoriser le diamant naturel comme ressource de d\u00e9veloppement et \u00e0 restaurer la confiance du march\u00e9 mondial.<\/p>\n","protected":false},"excerpt":{"rendered":"<p>La R\u00e9publique D\u00e9mocratique du Congo a pris part \u00e0 la Table ronde minist\u00e9rielle internationale sur le diamant naturel, organis\u00e9e \u00e0 Luanda, en Angola, du 17 au 19 juin 2025. Cette rencontre strat\u00e9gique a rassembl\u00e9 les ministres des mines de plusieurs pays africains producteurs de diamants, des repr\u00e9sentants d\u2019institutions internationales, ainsi que les principaux acteurs de [&hellip;]<\/p>\n","protected":false},"author":1,"featured_media":3045,"comment_status":"closed","ping_status":"open","sticky":false,"template":"","format":"standard","meta":{"tdm_status":"","tdm_grid_status":"","footnotes":""},"categories":[89,85,87],"tags":[],"class_list":{"0":"post-3044","1":"post","2":"type-post","3":"status-publish","4":"format-standard","5":"has-post-thumbnail","7":"category-a-la-une","8":"category-actualite","9":"category-or-et-diamants"},"amp_enabled":true,"_links":{"self":[{"href":"https:\/\/mines.gouv.cd\/fr\/wp-json\/wp\/v2\/posts\/3044","targetHints":{"allow":["GET"]}}],"collection":[{"href":"https:\/\/mines.gouv.cd\/fr\/wp-json\/wp\/v2\/posts"}],"about":[{"href":"https:\/\/mines.gouv.cd\/fr\/wp-json\/wp\/v2\/types\/post"}],"author":[{"embeddable":true,"href":"https:\/\/mines.gouv.cd\/fr\/wp-json\/wp\/v2\/users\/1"}],"replies":[{"embeddable":true,"href":"https:\/\/mines.gouv.cd\/fr\/wp-json\/wp\/v2\/comments?post=3044"}],"version-history":[{"count":1,"href":"https:\/\/mines.gouv.cd\/fr\/wp-json\/wp\/v2\/posts\/3044\/revisions"}],"predecessor-version":[{"id":3048,"href":"https:\/\/mines.gouv.cd\/fr\/wp-json\/wp\/v2\/posts\/3044\/revisions\/3048"}],"wp:featuredmedia":[{"embeddable":true,"href":"https:\/\/mines.gouv.cd\/fr\/wp-json\/wp\/v2\/media\/3045"}],"wp:attachment":[{"href":"https:\/\/mines.gouv.cd\/fr\/wp-json\/wp\/v2\/media?parent=3044"}],"wp:term":[{"taxonomy":"category","embeddable":true,"href":"https:\/\/mines.gouv.cd\/fr\/wp-json\/wp\/v2\/categories?post=3044"},{"taxonomy":"post_tag","embeddable":true,"href":"https:\/\/mines.gouv.cd\/fr\/wp-json\/wp\/v2\/tags?post=3044"}],"curies":[{"name":"wp","href":"https:\/\/api.w.org\/{rel}","templated":true}]}}