{"id":3010,"date":"2025-05-09T17:27:23","date_gmt":"2025-05-09T15:27:23","guid":{"rendered":"https:\/\/mines.gouv.cd\/fr\/?p=3010"},"modified":"2025-05-09T17:27:24","modified_gmt":"2025-05-09T15:27:24","slug":"rencontre-strategique-entre-le-fmi-et-le-ministere-des-mines-autour-de-la-gouvernance-du-cobalt-en-rdc","status":"publish","type":"post","link":"https:\/\/mines.gouv.cd\/fr\/2025\/05\/09\/rencontre-strategique-entre-le-fmi-et-le-ministere-des-mines-autour-de-la-gouvernance-du-cobalt-en-rdc\/","title":{"rendered":"Rencontre strat\u00e9gique entre le FMI et le Minist\u00e8re des Mines autour de la gouvernance du cobalt en RDC"},"content":{"rendered":"<div id=\"fb-root\"><\/div>\n\n<p>Kinshasa, le 8 mai 2025 \u2013 Le Ministre des Mines, Son Excellence Kizito Pakabomba Kapinga Mulume, a re\u00e7u ce jeudi une d\u00e9l\u00e9gation du Fonds Mon\u00e9taire International (FMI), conduite par M. Calixte Ahokpossi, dans le cadre de la premi\u00e8re revue du Programme \u00c9conomique du Gouvernement, appuy\u00e9 par la Facilit\u00e9 \u00c9largie de Cr\u00e9dit (FEC).<\/p>\n\n\n\n<figure class=\"wp-block-image size-large\"><img loading=\"lazy\" decoding=\"async\" width=\"1024\" height=\"682\" src=\"https:\/\/mines.gouv.cd\/fr\/wp-content\/uploads\/2025\/05\/WhatsApp-Image-2025-05-09-at-11.00.40-1024x682.jpeg\" alt=\"\" class=\"wp-image-3013\" srcset=\"https:\/\/mines.gouv.cd\/fr\/wp-content\/uploads\/2025\/05\/WhatsApp-Image-2025-05-09-at-11.00.40-1024x682.jpeg 1024w, https:\/\/mines.gouv.cd\/fr\/wp-content\/uploads\/2025\/05\/WhatsApp-Image-2025-05-09-at-11.00.40-300x200.jpeg 300w, https:\/\/mines.gouv.cd\/fr\/wp-content\/uploads\/2025\/05\/WhatsApp-Image-2025-05-09-at-11.00.40-768x512.jpeg 768w, https:\/\/mines.gouv.cd\/fr\/wp-content\/uploads\/2025\/05\/WhatsApp-Image-2025-05-09-at-11.00.40-1536x1023.jpeg 1536w, https:\/\/mines.gouv.cd\/fr\/wp-content\/uploads\/2025\/05\/WhatsApp-Image-2025-05-09-at-11.00.40-696x464.jpeg 696w, https:\/\/mines.gouv.cd\/fr\/wp-content\/uploads\/2025\/05\/WhatsApp-Image-2025-05-09-at-11.00.40-1068x712.jpeg 1068w, https:\/\/mines.gouv.cd\/fr\/wp-content\/uploads\/2025\/05\/WhatsApp-Image-2025-05-09-at-11.00.40-630x420.jpeg 630w, https:\/\/mines.gouv.cd\/fr\/wp-content\/uploads\/2025\/05\/WhatsApp-Image-2025-05-09-at-11.00.40.jpeg 1600w\" sizes=\"auto, (max-width: 1024px) 100vw, 1024px\" \/><\/figure>\n\n\n\n<p>La rencontre, tenue en pr\u00e9sence des repr\u00e9sentants de l\u2019ARECOMS et de la CTCPM, a port\u00e9 principalement sur la gouvernance du cobalt, ressource strat\u00e9gique pour la RDC et le monde.<\/p>\n\n\n\n<p>Le Ministre des Mines a pr\u00e9sent\u00e9 les efforts en cours pour am\u00e9liorer la tra\u00e7abilit\u00e9, la transparence et la fiscalisation du cobalt, notamment \u00e0 travers l\u2019op\u00e9rationnalisation de l\u2019Entreprise G\u00e9n\u00e9rale du Cobalt (EGC) et le renforcement du cadre r\u00e9glementaire. Il a r\u00e9affirm\u00e9 l\u2019engagement du Gouvernement \u00e0 faire du secteur minier un pilier de d\u00e9veloppement \u00e9conomique et de souverainet\u00e9 nationale.<\/p>\n\n\n\n<p>Au c\u0153ur des \u00e9changes : la strat\u00e9gie de suspension des exportations de cobalt brut. Le Ministre a pr\u00e9cis\u00e9 qu\u2019il s\u2019agit d\u2019une strat\u00e9gie de souverainet\u00e9 \u00e9conomique et industrielle, une Evaluation de cette mesure sera faite apr\u00e8s trois mois de la mise en place de cette suspension avec un objectif visant \u00e0 encourager la transformation locale du cobalt, cr\u00e9er des emplois, et capter davantage de valeur ajout\u00e9e au b\u00e9n\u00e9fice du pays. Il a toutefois reconnu les d\u00e9fis \u00e0 surmonter et a sollicit\u00e9 l\u2019appui technique du FMI pour accompagner cette transition.<\/p>\n\n\n\n<p>De son c\u00f4t\u00e9, le chef de mission du FMI a salu\u00e9 la volont\u00e9 de r\u00e9forme exprim\u00e9e par le Gouvernement congolais, rappelant que le secteur minier joue un r\u00f4le cl\u00e9 dans la mobilisation des recettes publiques et dans la lutte contre le changement climatique \u00e0 l\u2019\u00e9chelle mondiale.<\/p>\n\n\n\n<p>Les deux parties ont convenu de renforcer leur coop\u00e9ration autour des enjeux li\u00e9s \u00e0 la gouvernance, \u00e0 la fiscalit\u00e9 et \u00e0 la transformation industrielle des minerais strat\u00e9giques. Cette rencontre marque une \u00e9tape importante dans la consolidation du partenariat entre la RDC et le FMI pour une gestion responsable et souveraine des ressources naturelles du pays.<\/p>\n","protected":false},"excerpt":{"rendered":"<p>Kinshasa, le 8 mai 2025 \u2013 Le Ministre des Mines, Son Excellence Kizito Pakabomba Kapinga Mulume, a re\u00e7u ce jeudi une d\u00e9l\u00e9gation du Fonds Mon\u00e9taire International (FMI), conduite par M. Calixte Ahokpossi, dans le cadre de la premi\u00e8re revue du Programme \u00c9conomique du Gouvernement, appuy\u00e9 par la Facilit\u00e9 \u00c9largie de Cr\u00e9dit (FEC). La rencontre, tenue [&hellip;]<\/p>\n","protected":false},"author":1,"featured_media":3012,"comment_status":"closed","ping_status":"open","sticky":false,"template":"","format":"standard","meta":{"tdm_status":"","tdm_grid_status":"","footnotes":""},"categories":[89,85,80,86,81,83],"tags":[],"class_list":{"0":"post-3010","1":"post","2":"type-post","3":"status-publish","4":"format-standard","5":"has-post-thumbnail","7":"category-a-la-une","8":"category-actualite","9":"category-bonne-gouvernance","10":"category-cuivre-cobalt","11":"category-investissement","12":"category-transparence"},"amp_enabled":true,"_links":{"self":[{"href":"https:\/\/mines.gouv.cd\/fr\/wp-json\/wp\/v2\/posts\/3010","targetHints":{"allow":["GET"]}}],"collection":[{"href":"https:\/\/mines.gouv.cd\/fr\/wp-json\/wp\/v2\/posts"}],"about":[{"href":"https:\/\/mines.gouv.cd\/fr\/wp-json\/wp\/v2\/types\/post"}],"author":[{"embeddable":true,"href":"https:\/\/mines.gouv.cd\/fr\/wp-json\/wp\/v2\/users\/1"}],"replies":[{"embeddable":true,"href":"https:\/\/mines.gouv.cd\/fr\/wp-json\/wp\/v2\/comments?post=3010"}],"version-history":[{"count":1,"href":"https:\/\/mines.gouv.cd\/fr\/wp-json\/wp\/v2\/posts\/3010\/revisions"}],"predecessor-version":[{"id":3014,"href":"https:\/\/mines.gouv.cd\/fr\/wp-json\/wp\/v2\/posts\/3010\/revisions\/3014"}],"wp:featuredmedia":[{"embeddable":true,"href":"https:\/\/mines.gouv.cd\/fr\/wp-json\/wp\/v2\/media\/3012"}],"wp:attachment":[{"href":"https:\/\/mines.gouv.cd\/fr\/wp-json\/wp\/v2\/media?parent=3010"}],"wp:term":[{"taxonomy":"category","embeddable":true,"href":"https:\/\/mines.gouv.cd\/fr\/wp-json\/wp\/v2\/categories?post=3010"},{"taxonomy":"post_tag","embeddable":true,"href":"https:\/\/mines.gouv.cd\/fr\/wp-json\/wp\/v2\/tags?post=3010"}],"curies":[{"name":"wp","href":"https:\/\/api.w.org\/{rel}","templated":true}]}}