{"id":2983,"date":"2025-04-21T11:56:16","date_gmt":"2025-04-21T09:56:16","guid":{"rendered":"https:\/\/mines.gouv.cd\/fr\/?p=2983"},"modified":"2025-04-21T12:10:00","modified_gmt":"2025-04-21T10:10:00","slug":"expo-beton-9-le-ministre-kizito-pakabomba-appelle-a-une-transformation-locale-plus-ambitieuse-autour-des-corridors-logistiques-de-la-rdc","status":"publish","type":"post","link":"https:\/\/mines.gouv.cd\/fr\/2025\/04\/21\/expo-beton-9-le-ministre-kizito-pakabomba-appelle-a-une-transformation-locale-plus-ambitieuse-autour-des-corridors-logistiques-de-la-rdc\/","title":{"rendered":"Expo B\u00e9ton 9 : Le Ministre Kizito Pakabomba appelle \u00e0 une transformation locale plus ambitieuse autour des corridors logistiques de la RDC"},"content":{"rendered":"<div id=\"fb-root\"><\/div>\n\n<p>Le Ministre des Mines, Kizito Pakabomba, a pris part \u00e0 la 9e \u00e9dition d\u2019Expo B\u00e9ton, organis\u00e9e du 16 au 19 avril 2025 au nouveau b\u00e2timent de l\u2019Assembl\u00e9e Provinciale du Haut-Katanga, sous le th\u00e8me : \u00ab Les corridors sud de la RDC\u2013SADC : Projets \u00e0 d\u00e9velopper et opportunit\u00e9s d\u2019affaires \u00bb.<\/p>\n\n\n\n<p>Cette \u00e9dition a \u00e9t\u00e9 officiellement lanc\u00e9e par le Pr\u00e9sident de la R\u00e9publique, Son Excellence F\u00e9lix-Antoine Tshisekedi Tshilombo, marquant l&rsquo;importance strat\u00e9gique que rev\u00eatent les infrastructures logistiques pour l\u2019avenir \u00e9conomique du pays.<\/p>\n\n\n\n<figure class=\"wp-block-image size-large\"><img loading=\"lazy\" decoding=\"async\" width=\"1024\" height=\"682\" src=\"https:\/\/mines.gouv.cd\/fr\/wp-content\/uploads\/2025\/04\/WhatsApp-Image-2025-04-18-at-14.43.01-1024x682.jpeg\" alt=\"\" class=\"wp-image-2985\" srcset=\"https:\/\/mines.gouv.cd\/fr\/wp-content\/uploads\/2025\/04\/WhatsApp-Image-2025-04-18-at-14.43.01-1024x682.jpeg 1024w, https:\/\/mines.gouv.cd\/fr\/wp-content\/uploads\/2025\/04\/WhatsApp-Image-2025-04-18-at-14.43.01-300x200.jpeg 300w, https:\/\/mines.gouv.cd\/fr\/wp-content\/uploads\/2025\/04\/WhatsApp-Image-2025-04-18-at-14.43.01-768x512.jpeg 768w, https:\/\/mines.gouv.cd\/fr\/wp-content\/uploads\/2025\/04\/WhatsApp-Image-2025-04-18-at-14.43.01-1536x1024.jpeg 1536w, https:\/\/mines.gouv.cd\/fr\/wp-content\/uploads\/2025\/04\/WhatsApp-Image-2025-04-18-at-14.43.01-2048x1365.jpeg 2048w, https:\/\/mines.gouv.cd\/fr\/wp-content\/uploads\/2025\/04\/WhatsApp-Image-2025-04-18-at-14.43.01-696x464.jpeg 696w, https:\/\/mines.gouv.cd\/fr\/wp-content\/uploads\/2025\/04\/WhatsApp-Image-2025-04-18-at-14.43.01-1068x712.jpeg 1068w, https:\/\/mines.gouv.cd\/fr\/wp-content\/uploads\/2025\/04\/WhatsApp-Image-2025-04-18-at-14.43.01-1920x1280.jpeg 1920w, https:\/\/mines.gouv.cd\/fr\/wp-content\/uploads\/2025\/04\/WhatsApp-Image-2025-04-18-at-14.43.01-630x420.jpeg 630w\" sizes=\"auto, (max-width: 1024px) 100vw, 1024px\" \/><\/figure>\n\n\n\n<p>Intervenant lors d\u2019un panel de haut niveau, le Ministre des Mines a mis en lumi\u00e8re les diff\u00e9rences structurelles entre le mod\u00e8le congolais et celui de l\u2019Angola dans le d\u00e9veloppement des corridors logistiques. Il a soulign\u00e9 que la lenteur du c\u00f4t\u00e9 congolais r\u00e9side notamment dans le fait que les infrastructures restent sous contr\u00f4le public, n\u00e9cessitant des montages financiers complexes, contrairement au mod\u00e8le angolais, bas\u00e9 sur des concessions priv\u00e9es acc\u00e9l\u00e9rant les investissements.<\/p>\n\n\n\n<figure class=\"wp-block-image size-large\"><img loading=\"lazy\" decoding=\"async\" width=\"1024\" height=\"682\" src=\"https:\/\/mines.gouv.cd\/fr\/wp-content\/uploads\/2025\/04\/WhatsApp-Image-2025-04-18-at-14.43.01-1-1024x682.jpeg\" alt=\"\" class=\"wp-image-2984\" srcset=\"https:\/\/mines.gouv.cd\/fr\/wp-content\/uploads\/2025\/04\/WhatsApp-Image-2025-04-18-at-14.43.01-1-1024x682.jpeg 1024w, https:\/\/mines.gouv.cd\/fr\/wp-content\/uploads\/2025\/04\/WhatsApp-Image-2025-04-18-at-14.43.01-1-300x200.jpeg 300w, https:\/\/mines.gouv.cd\/fr\/wp-content\/uploads\/2025\/04\/WhatsApp-Image-2025-04-18-at-14.43.01-1-768x512.jpeg 768w, https:\/\/mines.gouv.cd\/fr\/wp-content\/uploads\/2025\/04\/WhatsApp-Image-2025-04-18-at-14.43.01-1-1536x1024.jpeg 1536w, https:\/\/mines.gouv.cd\/fr\/wp-content\/uploads\/2025\/04\/WhatsApp-Image-2025-04-18-at-14.43.01-1-2048x1365.jpeg 2048w, https:\/\/mines.gouv.cd\/fr\/wp-content\/uploads\/2025\/04\/WhatsApp-Image-2025-04-18-at-14.43.01-1-696x464.jpeg 696w, https:\/\/mines.gouv.cd\/fr\/wp-content\/uploads\/2025\/04\/WhatsApp-Image-2025-04-18-at-14.43.01-1-1068x712.jpeg 1068w, https:\/\/mines.gouv.cd\/fr\/wp-content\/uploads\/2025\/04\/WhatsApp-Image-2025-04-18-at-14.43.01-1-1920x1280.jpeg 1920w, https:\/\/mines.gouv.cd\/fr\/wp-content\/uploads\/2025\/04\/WhatsApp-Image-2025-04-18-at-14.43.01-1-630x420.jpeg 630w\" sizes=\"auto, (max-width: 1024px) 100vw, 1024px\" \/><\/figure>\n\n\n\n<p>Pour que la R\u00e9publique D\u00e9mocratique du Congo tire pleinement profit de ces corridors, M. Pakabomba a rappel\u00e9 l\u2019importance de ne plus exporter les minerais \u00e0 l\u2019\u00e9tat brut. Il a plaid\u00e9 pour une transformation locale plus pouss\u00e9e, via notamment :<\/p>\n\n\n\n<ul class=\"wp-block-list\">\n<li>Le renforcement du cadre r\u00e9glementaire du contenu local, inscrit dans le Code Minier ;<\/li>\n\n\n\n<li>La cr\u00e9ation et l\u2019op\u00e9rationnalisation des zones \u00e9conomiques sp\u00e9ciales, notamment \u00e0 Kolwezi ;<\/li>\n\n\n\n<li>L\u2019implantation d\u2019unit\u00e9s de transformation m\u00e9tallurgique et de fabrication de composants pour batteries \u00e9lectriques, pour s\u2019inscrire dans la cha\u00eene mondiale de valeur.<\/li>\n<\/ul>\n\n\n\n<p>Le Ministre a \u00e9galement insist\u00e9 sur l\u2019importance de la diversification \u00e9conomique, appelant \u00e0 d\u00e9velopper une industrie agricole locale gr\u00e2ce \u00e0 la proximit\u00e9 des corridors logistiques, afin de d\u00e9senclaver les r\u00e9gions et cr\u00e9er de nouveaux p\u00f4les de d\u00e9veloppement \u00e9conomique.<\/p>\n\n\n\n<figure class=\"wp-block-image size-large\"><img loading=\"lazy\" decoding=\"async\" width=\"1024\" height=\"682\" src=\"https:\/\/mines.gouv.cd\/fr\/wp-content\/uploads\/2025\/04\/WhatsApp-Image-2025-04-18-at-14.43.00-1024x682.jpeg\" alt=\"\" class=\"wp-image-2987\" srcset=\"https:\/\/mines.gouv.cd\/fr\/wp-content\/uploads\/2025\/04\/WhatsApp-Image-2025-04-18-at-14.43.00-1024x682.jpeg 1024w, https:\/\/mines.gouv.cd\/fr\/wp-content\/uploads\/2025\/04\/WhatsApp-Image-2025-04-18-at-14.43.00-300x200.jpeg 300w, https:\/\/mines.gouv.cd\/fr\/wp-content\/uploads\/2025\/04\/WhatsApp-Image-2025-04-18-at-14.43.00-768x512.jpeg 768w, https:\/\/mines.gouv.cd\/fr\/wp-content\/uploads\/2025\/04\/WhatsApp-Image-2025-04-18-at-14.43.00-1536x1024.jpeg 1536w, https:\/\/mines.gouv.cd\/fr\/wp-content\/uploads\/2025\/04\/WhatsApp-Image-2025-04-18-at-14.43.00-2048x1365.jpeg 2048w, https:\/\/mines.gouv.cd\/fr\/wp-content\/uploads\/2025\/04\/WhatsApp-Image-2025-04-18-at-14.43.00-696x464.jpeg 696w, https:\/\/mines.gouv.cd\/fr\/wp-content\/uploads\/2025\/04\/WhatsApp-Image-2025-04-18-at-14.43.00-1068x712.jpeg 1068w, https:\/\/mines.gouv.cd\/fr\/wp-content\/uploads\/2025\/04\/WhatsApp-Image-2025-04-18-at-14.43.00-1920x1280.jpeg 1920w, https:\/\/mines.gouv.cd\/fr\/wp-content\/uploads\/2025\/04\/WhatsApp-Image-2025-04-18-at-14.43.00-630x420.jpeg 630w\" sizes=\"auto, (max-width: 1024px) 100vw, 1024px\" \/><\/figure>\n\n\n\n<p>Il a conclu en rappelant que le d\u00e9veloppement des corridors doit \u00eatre vu comme un levier strat\u00e9gique, non seulement pour l\u2019industrialisation du pays, mais aussi pour la cr\u00e9ation d\u2019emplois, conform\u00e9ment \u00e0 la vision du Chef de l\u2019\u00c9tat, qui place la transformation locale et la cr\u00e9ation d\u2019opportunit\u00e9s pour les Congolais au c\u0153ur de son action politique.<\/p>\n","protected":false},"excerpt":{"rendered":"<p>Le Ministre des Mines, Kizito Pakabomba, a pris part \u00e0 la 9e \u00e9dition d\u2019Expo B\u00e9ton, organis\u00e9e du 16 au 19 avril 2025 au nouveau b\u00e2timent de l\u2019Assembl\u00e9e Provinciale du Haut-Katanga, sous le th\u00e8me : \u00ab Les corridors sud de la RDC\u2013SADC : Projets \u00e0 d\u00e9velopper et opportunit\u00e9s d\u2019affaires \u00bb. Cette \u00e9dition a \u00e9t\u00e9 officiellement lanc\u00e9e [&hellip;]<\/p>\n","protected":false},"author":1,"featured_media":2986,"comment_status":"closed","ping_status":"open","sticky":false,"template":"","format":"standard","meta":{"tdm_status":"","tdm_grid_status":"","footnotes":""},"categories":[89,85,81,1],"tags":[],"class_list":{"0":"post-2983","1":"post","2":"type-post","3":"status-publish","4":"format-standard","5":"has-post-thumbnail","7":"category-a-la-une","8":"category-actualite","9":"category-investissement","10":"category-non-classe"},"amp_enabled":true,"_links":{"self":[{"href":"https:\/\/mines.gouv.cd\/fr\/wp-json\/wp\/v2\/posts\/2983","targetHints":{"allow":["GET"]}}],"collection":[{"href":"https:\/\/mines.gouv.cd\/fr\/wp-json\/wp\/v2\/posts"}],"about":[{"href":"https:\/\/mines.gouv.cd\/fr\/wp-json\/wp\/v2\/types\/post"}],"author":[{"embeddable":true,"href":"https:\/\/mines.gouv.cd\/fr\/wp-json\/wp\/v2\/users\/1"}],"replies":[{"embeddable":true,"href":"https:\/\/mines.gouv.cd\/fr\/wp-json\/wp\/v2\/comments?post=2983"}],"version-history":[{"count":1,"href":"https:\/\/mines.gouv.cd\/fr\/wp-json\/wp\/v2\/posts\/2983\/revisions"}],"predecessor-version":[{"id":2988,"href":"https:\/\/mines.gouv.cd\/fr\/wp-json\/wp\/v2\/posts\/2983\/revisions\/2988"}],"wp:featuredmedia":[{"embeddable":true,"href":"https:\/\/mines.gouv.cd\/fr\/wp-json\/wp\/v2\/media\/2986"}],"wp:attachment":[{"href":"https:\/\/mines.gouv.cd\/fr\/wp-json\/wp\/v2\/media?parent=2983"}],"wp:term":[{"taxonomy":"category","embeddable":true,"href":"https:\/\/mines.gouv.cd\/fr\/wp-json\/wp\/v2\/categories?post=2983"},{"taxonomy":"post_tag","embeddable":true,"href":"https:\/\/mines.gouv.cd\/fr\/wp-json\/wp\/v2\/tags?post=2983"}],"curies":[{"name":"wp","href":"https:\/\/api.w.org\/{rel}","templated":true}]}}