{"id":2894,"date":"2025-03-05T08:53:45","date_gmt":"2025-03-05T07:53:45","guid":{"rendered":"https:\/\/mines.gouv.cd\/fr\/?p=2894"},"modified":"2025-03-05T08:54:12","modified_gmt":"2025-03-05T07:54:12","slug":"defense-de-la-patrie-godard-motemona-simplique","status":"publish","type":"post","link":"https:\/\/mines.gouv.cd\/fr\/2025\/03\/05\/defense-de-la-patrie-godard-motemona-simplique\/","title":{"rendered":"DEFENSE DE LA PATRIE : GODARD MOTEMONA S\u2019IMPLIQUE."},"content":{"rendered":"<div id=\"fb-root\"><\/div>\n\n<p>Point n\u2019est besoin de rappeler que la R\u00e9publique D\u00e9mocratique du Congo traverse des moments difficiles dans sa partie Est, en proie des violences suite \u00e0 l\u2019occupation d\u2019une partie de ce territoire par le Rwanda et les M23.<br>Il vous souviendra que le Pr\u00e9sident de la R\u00e9publique, Chef de l\u2019Etat, Son Excellence Monsieur F\u00e9lix Antoine TSHISEKEDI TSHILOMBO avait appel\u00e9 le peuple congolais \u00e0 la mobilisation nationale.<\/p>\n\n\n\n<figure class=\"wp-block-image size-large\"><img loading=\"lazy\" decoding=\"async\" width=\"1024\" height=\"682\" src=\"https:\/\/mines.gouv.cd\/fr\/wp-content\/uploads\/2025\/03\/WhatsApp-Image-2025-03-04-at-21.53.00-1-1024x682.jpeg\" alt=\"\" class=\"wp-image-2896\" srcset=\"https:\/\/mines.gouv.cd\/fr\/wp-content\/uploads\/2025\/03\/WhatsApp-Image-2025-03-04-at-21.53.00-1-1024x682.jpeg 1024w, https:\/\/mines.gouv.cd\/fr\/wp-content\/uploads\/2025\/03\/WhatsApp-Image-2025-03-04-at-21.53.00-1-300x200.jpeg 300w, https:\/\/mines.gouv.cd\/fr\/wp-content\/uploads\/2025\/03\/WhatsApp-Image-2025-03-04-at-21.53.00-1-768x512.jpeg 768w, https:\/\/mines.gouv.cd\/fr\/wp-content\/uploads\/2025\/03\/WhatsApp-Image-2025-03-04-at-21.53.00-1-1536x1023.jpeg 1536w, https:\/\/mines.gouv.cd\/fr\/wp-content\/uploads\/2025\/03\/WhatsApp-Image-2025-03-04-at-21.53.00-1-696x464.jpeg 696w, https:\/\/mines.gouv.cd\/fr\/wp-content\/uploads\/2025\/03\/WhatsApp-Image-2025-03-04-at-21.53.00-1-1068x712.jpeg 1068w, https:\/\/mines.gouv.cd\/fr\/wp-content\/uploads\/2025\/03\/WhatsApp-Image-2025-03-04-at-21.53.00-1-630x420.jpeg 630w, https:\/\/mines.gouv.cd\/fr\/wp-content\/uploads\/2025\/03\/WhatsApp-Image-2025-03-04-at-21.53.00-1.jpeg 1600w\" sizes=\"auto, (max-width: 1024px) 100vw, 1024px\" \/><\/figure>\n\n\n\n<p><br>C\u2019est dans ce cadre que profitant de son s\u00e9jour en Europe Son Excellence Monsieur Godard MOTEMONA, Vice-Ministre des Mines a rencontr\u00e9 quelques personnalit\u00e9s qui d\u00e9fendent la cause de la RDC, parmi lesquelles, Thierry MARIANI, D\u00e9put\u00e9 europ\u00e9en, Lydia MUTYEBELE NGOI, D\u00e9put\u00e9e f\u00e9d\u00e9rale belge et le Docteur Audrey MUNDINE, Organisatrice des manifestations de la diaspora en Europe. Ces derniers apportent un grand soutien \u00e0 la RDC et contribuent \u00e9norm\u00e9ment pour le retour de la paix.<br>Le Vice-Ministre des Mines a remerci\u00e9 ses interlocuteurs pour leur plaidoyer en faveur de la R\u00e9publique D\u00e9mocratique du Congo contre le Rwanda et ses suppl\u00e9tifs de M23 et les a exhort\u00e9 de continuer \u00e0 d\u00e9noncer les mensonges du Rwanda jusqu\u2019\u00e0 l\u2019obtention effective des sanctions.<\/p>\n\n\n\n<figure class=\"wp-block-image size-large\"><img loading=\"lazy\" decoding=\"async\" width=\"1024\" height=\"682\" src=\"https:\/\/mines.gouv.cd\/fr\/wp-content\/uploads\/2025\/03\/WhatsApp-Image-2025-03-04-at-21.53.00-1024x682.jpeg\" alt=\"\" class=\"wp-image-2897\" srcset=\"https:\/\/mines.gouv.cd\/fr\/wp-content\/uploads\/2025\/03\/WhatsApp-Image-2025-03-04-at-21.53.00-1024x682.jpeg 1024w, https:\/\/mines.gouv.cd\/fr\/wp-content\/uploads\/2025\/03\/WhatsApp-Image-2025-03-04-at-21.53.00-300x200.jpeg 300w, https:\/\/mines.gouv.cd\/fr\/wp-content\/uploads\/2025\/03\/WhatsApp-Image-2025-03-04-at-21.53.00-768x512.jpeg 768w, https:\/\/mines.gouv.cd\/fr\/wp-content\/uploads\/2025\/03\/WhatsApp-Image-2025-03-04-at-21.53.00-1536x1023.jpeg 1536w, https:\/\/mines.gouv.cd\/fr\/wp-content\/uploads\/2025\/03\/WhatsApp-Image-2025-03-04-at-21.53.00-696x464.jpeg 696w, https:\/\/mines.gouv.cd\/fr\/wp-content\/uploads\/2025\/03\/WhatsApp-Image-2025-03-04-at-21.53.00-1068x712.jpeg 1068w, https:\/\/mines.gouv.cd\/fr\/wp-content\/uploads\/2025\/03\/WhatsApp-Image-2025-03-04-at-21.53.00-630x420.jpeg 630w, https:\/\/mines.gouv.cd\/fr\/wp-content\/uploads\/2025\/03\/WhatsApp-Image-2025-03-04-at-21.53.00.jpeg 1600w\" sizes=\"auto, (max-width: 1024px) 100vw, 1024px\" \/><\/figure>\n\n\n\n<p><br>Pour sa part, le D\u00e9put\u00e9 Thierry MARIANI a pris l\u2019engagement de d\u00e9doubler d\u2019effort pour faire sauter le veto du Luxembourg afin d\u2019obtenir l\u2019unanimit\u00e9 de l\u2019Union europ\u00e9enne pour l\u2019application des sanctions contre la Rwanda et ses suppl\u00e9tifs de M23..<\/p>\n\n\n\n<figure class=\"wp-block-image size-large\"><img loading=\"lazy\" decoding=\"async\" width=\"1024\" height=\"682\" src=\"https:\/\/mines.gouv.cd\/fr\/wp-content\/uploads\/2025\/03\/WhatsApp-Image-2025-03-04-at-21.52.59-2-1024x682.jpeg\" alt=\"\" class=\"wp-image-2898\" srcset=\"https:\/\/mines.gouv.cd\/fr\/wp-content\/uploads\/2025\/03\/WhatsApp-Image-2025-03-04-at-21.52.59-2-1024x682.jpeg 1024w, https:\/\/mines.gouv.cd\/fr\/wp-content\/uploads\/2025\/03\/WhatsApp-Image-2025-03-04-at-21.52.59-2-300x200.jpeg 300w, https:\/\/mines.gouv.cd\/fr\/wp-content\/uploads\/2025\/03\/WhatsApp-Image-2025-03-04-at-21.52.59-2-768x512.jpeg 768w, https:\/\/mines.gouv.cd\/fr\/wp-content\/uploads\/2025\/03\/WhatsApp-Image-2025-03-04-at-21.52.59-2-1536x1023.jpeg 1536w, https:\/\/mines.gouv.cd\/fr\/wp-content\/uploads\/2025\/03\/WhatsApp-Image-2025-03-04-at-21.52.59-2-696x464.jpeg 696w, https:\/\/mines.gouv.cd\/fr\/wp-content\/uploads\/2025\/03\/WhatsApp-Image-2025-03-04-at-21.52.59-2-1068x712.jpeg 1068w, https:\/\/mines.gouv.cd\/fr\/wp-content\/uploads\/2025\/03\/WhatsApp-Image-2025-03-04-at-21.52.59-2-630x420.jpeg 630w, https:\/\/mines.gouv.cd\/fr\/wp-content\/uploads\/2025\/03\/WhatsApp-Image-2025-03-04-at-21.52.59-2.jpeg 1600w\" sizes=\"auto, (max-width: 1024px) 100vw, 1024px\" \/><\/figure>\n\n\n\n<figure class=\"wp-block-gallery has-nested-images columns-default is-cropped wp-block-gallery-1 is-layout-flex wp-block-gallery-is-layout-flex\">\n<figure class=\"wp-block-image size-large\"><img loading=\"lazy\" decoding=\"async\" width=\"1024\" height=\"682\" data-id=\"2900\" src=\"https:\/\/mines.gouv.cd\/fr\/wp-content\/uploads\/2025\/03\/WhatsApp-Image-2025-03-04-at-21.52.59-1024x682.jpeg\" alt=\"\" class=\"wp-image-2900\" srcset=\"https:\/\/mines.gouv.cd\/fr\/wp-content\/uploads\/2025\/03\/WhatsApp-Image-2025-03-04-at-21.52.59-1024x682.jpeg 1024w, https:\/\/mines.gouv.cd\/fr\/wp-content\/uploads\/2025\/03\/WhatsApp-Image-2025-03-04-at-21.52.59-300x200.jpeg 300w, https:\/\/mines.gouv.cd\/fr\/wp-content\/uploads\/2025\/03\/WhatsApp-Image-2025-03-04-at-21.52.59-768x512.jpeg 768w, https:\/\/mines.gouv.cd\/fr\/wp-content\/uploads\/2025\/03\/WhatsApp-Image-2025-03-04-at-21.52.59-1536x1023.jpeg 1536w, https:\/\/mines.gouv.cd\/fr\/wp-content\/uploads\/2025\/03\/WhatsApp-Image-2025-03-04-at-21.52.59-696x464.jpeg 696w, https:\/\/mines.gouv.cd\/fr\/wp-content\/uploads\/2025\/03\/WhatsApp-Image-2025-03-04-at-21.52.59-1068x712.jpeg 1068w, https:\/\/mines.gouv.cd\/fr\/wp-content\/uploads\/2025\/03\/WhatsApp-Image-2025-03-04-at-21.52.59-630x420.jpeg 630w, https:\/\/mines.gouv.cd\/fr\/wp-content\/uploads\/2025\/03\/WhatsApp-Image-2025-03-04-at-21.52.59.jpeg 1600w\" sizes=\"auto, (max-width: 1024px) 100vw, 1024px\" \/><\/figure>\n\n\n\n<figure class=\"wp-block-image size-large\"><img loading=\"lazy\" decoding=\"async\" width=\"1024\" height=\"682\" data-id=\"2899\" src=\"https:\/\/mines.gouv.cd\/fr\/wp-content\/uploads\/2025\/03\/WhatsApp-Image-2025-03-04-at-21.52.59-1-1024x682.jpeg\" alt=\"\" class=\"wp-image-2899\" srcset=\"https:\/\/mines.gouv.cd\/fr\/wp-content\/uploads\/2025\/03\/WhatsApp-Image-2025-03-04-at-21.52.59-1-1024x682.jpeg 1024w, https:\/\/mines.gouv.cd\/fr\/wp-content\/uploads\/2025\/03\/WhatsApp-Image-2025-03-04-at-21.52.59-1-300x200.jpeg 300w, https:\/\/mines.gouv.cd\/fr\/wp-content\/uploads\/2025\/03\/WhatsApp-Image-2025-03-04-at-21.52.59-1-768x512.jpeg 768w, https:\/\/mines.gouv.cd\/fr\/wp-content\/uploads\/2025\/03\/WhatsApp-Image-2025-03-04-at-21.52.59-1-1536x1023.jpeg 1536w, https:\/\/mines.gouv.cd\/fr\/wp-content\/uploads\/2025\/03\/WhatsApp-Image-2025-03-04-at-21.52.59-1-696x464.jpeg 696w, https:\/\/mines.gouv.cd\/fr\/wp-content\/uploads\/2025\/03\/WhatsApp-Image-2025-03-04-at-21.52.59-1-1068x712.jpeg 1068w, https:\/\/mines.gouv.cd\/fr\/wp-content\/uploads\/2025\/03\/WhatsApp-Image-2025-03-04-at-21.52.59-1-630x420.jpeg 630w, https:\/\/mines.gouv.cd\/fr\/wp-content\/uploads\/2025\/03\/WhatsApp-Image-2025-03-04-at-21.52.59-1.jpeg 1600w\" sizes=\"auto, (max-width: 1024px) 100vw, 1024px\" \/><\/figure>\n\n\n\n<figure class=\"wp-block-image size-large\"><img loading=\"lazy\" decoding=\"async\" width=\"723\" height=\"1024\" data-id=\"2895\" src=\"https:\/\/mines.gouv.cd\/fr\/wp-content\/uploads\/2025\/03\/WhatsApp-Image-2025-03-04-at-21.53.01-723x1024.jpeg\" alt=\"\" class=\"wp-image-2895\" srcset=\"https:\/\/mines.gouv.cd\/fr\/wp-content\/uploads\/2025\/03\/WhatsApp-Image-2025-03-04-at-21.53.01-723x1024.jpeg 723w, https:\/\/mines.gouv.cd\/fr\/wp-content\/uploads\/2025\/03\/WhatsApp-Image-2025-03-04-at-21.53.01-212x300.jpeg 212w, https:\/\/mines.gouv.cd\/fr\/wp-content\/uploads\/2025\/03\/WhatsApp-Image-2025-03-04-at-21.53.01-768x1088.jpeg 768w, https:\/\/mines.gouv.cd\/fr\/wp-content\/uploads\/2025\/03\/WhatsApp-Image-2025-03-04-at-21.53.01-1084x1536.jpeg 1084w, https:\/\/mines.gouv.cd\/fr\/wp-content\/uploads\/2025\/03\/WhatsApp-Image-2025-03-04-at-21.53.01-696x986.jpeg 696w, https:\/\/mines.gouv.cd\/fr\/wp-content\/uploads\/2025\/03\/WhatsApp-Image-2025-03-04-at-21.53.01-1068x1514.jpeg 1068w, https:\/\/mines.gouv.cd\/fr\/wp-content\/uploads\/2025\/03\/WhatsApp-Image-2025-03-04-at-21.53.01-296x420.jpeg 296w, https:\/\/mines.gouv.cd\/fr\/wp-content\/uploads\/2025\/03\/WhatsApp-Image-2025-03-04-at-21.53.01.jpeg 1129w\" sizes=\"auto, (max-width: 723px) 100vw, 723px\" \/><\/figure>\n<\/figure>\n","protected":false},"excerpt":{"rendered":"<p>Point n\u2019est besoin de rappeler que la R\u00e9publique D\u00e9mocratique du Congo traverse des moments difficiles dans sa partie Est, en proie des violences suite \u00e0 l\u2019occupation d\u2019une partie de ce territoire par le Rwanda et les M23.Il vous souviendra que le Pr\u00e9sident de la R\u00e9publique, Chef de l\u2019Etat, Son Excellence Monsieur F\u00e9lix Antoine TSHISEKEDI TSHILOMBO [&hellip;]<\/p>\n","protected":false},"author":1,"featured_media":2901,"comment_status":"closed","ping_status":"open","sticky":false,"template":"","format":"standard","meta":{"tdm_status":"","tdm_grid_status":"","footnotes":""},"categories":[89,85,81,84],"tags":[],"class_list":{"0":"post-2894","1":"post","2":"type-post","3":"status-publish","4":"format-standard","5":"has-post-thumbnail","7":"category-a-la-une","8":"category-actualite","9":"category-investissement","10":"category-vulgarisation"},"amp_enabled":true,"_links":{"self":[{"href":"https:\/\/mines.gouv.cd\/fr\/wp-json\/wp\/v2\/posts\/2894","targetHints":{"allow":["GET"]}}],"collection":[{"href":"https:\/\/mines.gouv.cd\/fr\/wp-json\/wp\/v2\/posts"}],"about":[{"href":"https:\/\/mines.gouv.cd\/fr\/wp-json\/wp\/v2\/types\/post"}],"author":[{"embeddable":true,"href":"https:\/\/mines.gouv.cd\/fr\/wp-json\/wp\/v2\/users\/1"}],"replies":[{"embeddable":true,"href":"https:\/\/mines.gouv.cd\/fr\/wp-json\/wp\/v2\/comments?post=2894"}],"version-history":[{"count":1,"href":"https:\/\/mines.gouv.cd\/fr\/wp-json\/wp\/v2\/posts\/2894\/revisions"}],"predecessor-version":[{"id":2902,"href":"https:\/\/mines.gouv.cd\/fr\/wp-json\/wp\/v2\/posts\/2894\/revisions\/2902"}],"wp:featuredmedia":[{"embeddable":true,"href":"https:\/\/mines.gouv.cd\/fr\/wp-json\/wp\/v2\/media\/2901"}],"wp:attachment":[{"href":"https:\/\/mines.gouv.cd\/fr\/wp-json\/wp\/v2\/media?parent=2894"}],"wp:term":[{"taxonomy":"category","embeddable":true,"href":"https:\/\/mines.gouv.cd\/fr\/wp-json\/wp\/v2\/categories?post=2894"},{"taxonomy":"post_tag","embeddable":true,"href":"https:\/\/mines.gouv.cd\/fr\/wp-json\/wp\/v2\/tags?post=2894"}],"curies":[{"name":"wp","href":"https:\/\/api.w.org\/{rel}","templated":true}]}}