{"id":2717,"date":"2024-10-09T08:29:45","date_gmt":"2024-10-09T06:29:45","guid":{"rendered":"https:\/\/mines.gouv.cd\/fr\/?p=2717"},"modified":"2024-10-09T08:29:46","modified_gmt":"2024-10-09T06:29:46","slug":"batir-un-heritage-minier-responsable-la-conference-annuelle-de-glencore-2024","status":"publish","type":"post","link":"https:\/\/mines.gouv.cd\/fr\/2024\/10\/09\/batir-un-heritage-minier-responsable-la-conference-annuelle-de-glencore-2024\/","title":{"rendered":"B\u00e2tir un h\u00e9ritage minier responsable : La Conf\u00e9rence Annuelle de Glencore 2024"},"content":{"rendered":"<div id=\"fb-root\"><\/div>\n\n<p>Le 8 octobre 2024, Kinshasa a accueilli la 6\u00e8me \u00e9dition de la Conf\u00e9rence Annuelle de Glencore, rassemblant des acteurs majeurs de l\u2019industrie mini\u00e8re. Plac\u00e9 sous le th\u00e8me \u00ab\u00a0B\u00e2tir fi\u00e8rement un h\u00e9ritage minier responsable en RDC\u00a0\u00bb, l&rsquo;\u00e9v\u00e9nement a vu la participation de figures de premier plan, dont le Ministre des Mines, S.E.M. Kizito Pakabomba, et des leaders de Glencore, Standard Bank et d&rsquo;autres institutions internationales.<\/p>\n\n\n\n<figure class=\"wp-block-image size-large\"><img loading=\"lazy\" decoding=\"async\" width=\"683\" height=\"1024\" src=\"https:\/\/mines.gouv.cd\/fr\/wp-content\/uploads\/2024\/10\/DSC09418-1-683x1024.jpg\" alt=\"\" class=\"wp-image-2721\" srcset=\"https:\/\/mines.gouv.cd\/fr\/wp-content\/uploads\/2024\/10\/DSC09418-1-683x1024.jpg 683w, https:\/\/mines.gouv.cd\/fr\/wp-content\/uploads\/2024\/10\/DSC09418-1-200x300.jpg 200w, https:\/\/mines.gouv.cd\/fr\/wp-content\/uploads\/2024\/10\/DSC09418-1-768x1152.jpg 768w, https:\/\/mines.gouv.cd\/fr\/wp-content\/uploads\/2024\/10\/DSC09418-1-1024x1536.jpg 1024w, https:\/\/mines.gouv.cd\/fr\/wp-content\/uploads\/2024\/10\/DSC09418-1-1365x2048.jpg 1365w, https:\/\/mines.gouv.cd\/fr\/wp-content\/uploads\/2024\/10\/DSC09418-1-696x1044.jpg 696w, https:\/\/mines.gouv.cd\/fr\/wp-content\/uploads\/2024\/10\/DSC09418-1-1068x1602.jpg 1068w, https:\/\/mines.gouv.cd\/fr\/wp-content\/uploads\/2024\/10\/DSC09418-1-1920x2880.jpg 1920w, https:\/\/mines.gouv.cd\/fr\/wp-content\/uploads\/2024\/10\/DSC09418-1-280x420.jpg 280w, https:\/\/mines.gouv.cd\/fr\/wp-content\/uploads\/2024\/10\/DSC09418-1-scaled.jpg 1707w\" sizes=\"auto, (max-width: 683px) 100vw, 683px\" \/><\/figure>\n\n\n\n<p>Lors de son intervention, S.E.M. Pakabomba a dress\u00e9 un \u00e9tat des lieux du secteur minier congolais. Il a soulign\u00e9 la diff\u00e9rence entre l\u2019exploitation industrielle et artisanale, tout en insistant sur la n\u00e9cessit\u00e9 de respecter les normes r\u00e9glementaires \u00e9tablies par l&rsquo;\u00c9tat. Le ministre a aussi r\u00e9affirm\u00e9 la vision du gouvernement : faire de l&rsquo;industrie mini\u00e8re un pilier du d\u00e9veloppement \u00e9conomique, notamment par la cr\u00e9ation de richesses locales et la promotion d&rsquo;une classe moyenne congolaise.<\/p>\n\n\n\n<p>Les d\u00e9bats ont \u00e9galement port\u00e9 sur les d\u00e9fis et opportunit\u00e9s li\u00e9s \u00e0 la transition \u00e9nerg\u00e9tique mondiale, un domaine o\u00f9 la RDC joue un r\u00f4le cl\u00e9 gr\u00e2ce \u00e0 ses r\u00e9serves de minerais critiques, comme le cobalt et le cuivre.<\/p>\n\n\n\n<p>Enfin, les participants ont discut\u00e9 des strat\u00e9gies ESG (environnementales, sociales et de gouvernance) n\u00e9cessaires pour assurer une exploitation durable des ressources mini\u00e8res du pays, en accord avec les normes internationales.<\/p>\n\n\n\n<p>Ce panel a r\u00e9affirm\u00e9 l&rsquo;engagement du secteur minier \u00e0 contribuer de mani\u00e8re responsable \u00e0 l&rsquo;\u00e9conomie nationale tout en respectant les communaut\u00e9s locales et l\u2019environnement.<\/p>\n","protected":false},"excerpt":{"rendered":"<p>Le 8 octobre 2024, Kinshasa a accueilli la 6\u00e8me \u00e9dition de la Conf\u00e9rence Annuelle de Glencore, rassemblant des acteurs majeurs de l\u2019industrie mini\u00e8re. Plac\u00e9 sous le th\u00e8me \u00ab\u00a0B\u00e2tir fi\u00e8rement un h\u00e9ritage minier responsable en RDC\u00a0\u00bb, l&rsquo;\u00e9v\u00e9nement a vu la participation de figures de premier plan, dont le Ministre des Mines, S.E.M. Kizito Pakabomba, et des [&hellip;]<\/p>\n","protected":false},"author":1,"featured_media":2723,"comment_status":"closed","ping_status":"open","sticky":false,"template":"","format":"standard","meta":{"tdm_status":"","tdm_grid_status":"","footnotes":""},"categories":[1],"tags":[],"class_list":{"0":"post-2717","1":"post","2":"type-post","3":"status-publish","4":"format-standard","5":"has-post-thumbnail","7":"category-non-classe"},"amp_enabled":true,"_links":{"self":[{"href":"https:\/\/mines.gouv.cd\/fr\/wp-json\/wp\/v2\/posts\/2717","targetHints":{"allow":["GET"]}}],"collection":[{"href":"https:\/\/mines.gouv.cd\/fr\/wp-json\/wp\/v2\/posts"}],"about":[{"href":"https:\/\/mines.gouv.cd\/fr\/wp-json\/wp\/v2\/types\/post"}],"author":[{"embeddable":true,"href":"https:\/\/mines.gouv.cd\/fr\/wp-json\/wp\/v2\/users\/1"}],"replies":[{"embeddable":true,"href":"https:\/\/mines.gouv.cd\/fr\/wp-json\/wp\/v2\/comments?post=2717"}],"version-history":[{"count":1,"href":"https:\/\/mines.gouv.cd\/fr\/wp-json\/wp\/v2\/posts\/2717\/revisions"}],"predecessor-version":[{"id":2724,"href":"https:\/\/mines.gouv.cd\/fr\/wp-json\/wp\/v2\/posts\/2717\/revisions\/2724"}],"wp:featuredmedia":[{"embeddable":true,"href":"https:\/\/mines.gouv.cd\/fr\/wp-json\/wp\/v2\/media\/2723"}],"wp:attachment":[{"href":"https:\/\/mines.gouv.cd\/fr\/wp-json\/wp\/v2\/media?parent=2717"}],"wp:term":[{"taxonomy":"category","embeddable":true,"href":"https:\/\/mines.gouv.cd\/fr\/wp-json\/wp\/v2\/categories?post=2717"},{"taxonomy":"post_tag","embeddable":true,"href":"https:\/\/mines.gouv.cd\/fr\/wp-json\/wp\/v2\/tags?post=2717"}],"curies":[{"name":"wp","href":"https:\/\/api.w.org\/{rel}","templated":true}]}}