{"id":1552,"date":"2023-06-12T20:16:46","date_gmt":"2023-06-12T18:16:46","guid":{"rendered":"https:\/\/mines.gouv.cd\/fr\/?p=1552"},"modified":"2023-06-12T20:16:49","modified_gmt":"2023-06-12T18:16:49","slug":"la-ministre-antoinette-nsamba-kalambayi-a-recu-la-delegation-du-conseil-congolais-de-la-batterie-conduite-par-le-dg-denis-lecouturier","status":"publish","type":"post","link":"https:\/\/mines.gouv.cd\/fr\/2023\/06\/12\/la-ministre-antoinette-nsamba-kalambayi-a-recu-la-delegation-du-conseil-congolais-de-la-batterie-conduite-par-le-dg-denis-lecouturier\/","title":{"rendered":"LA MINISTRE ANTOINETTE NSAMBA KALAMBAYI, A RE\u00c7U LA D\u00c9L\u00c9GATION DU CONSEIL CONGOLAIS DE LA BATTERIE, CONDUITE PAR LE DG Denis LECOUTURIER."},"content":{"rendered":"<div id=\"fb-root\"><\/div>\n\n<p>La ministre des Mines Antoinette N\u2019Samba Kalambayi, a re\u00e7u dans son cabinet de travail de la Gombe, la d\u00e9l\u00e9gation du Conseil Congolais de la Batterie. Depuis la cr\u00e9ation de ce cadre qui s&rsquo;occupe de l&rsquo;administration de fabrication des batteries \u00e9lectriques, il s&rsquo;est pass\u00e9 plusieurs mois sans qu&rsquo;il y ait des rencontres entre la Ministre des Mines et leur comit\u00e9 de gestion, d&rsquo;o\u00f9 la raison de leur passage chez la num\u00e9ro 1 des Mines pour lui \u00e9taler leur planning d&rsquo;activit\u00e9s.<\/p>\n\n\n\n<figure class=\"wp-block-image size-full\"><img loading=\"lazy\" decoding=\"async\" width=\"1000\" height=\"757\" src=\"https:\/\/mines.gouv.cd\/fr\/wp-content\/uploads\/2023\/06\/WhatsApp-Image-2023-06-11-at-11.43.57.jpeg\" alt=\"\" class=\"wp-image-1546\" srcset=\"https:\/\/mines.gouv.cd\/fr\/wp-content\/uploads\/2023\/06\/WhatsApp-Image-2023-06-11-at-11.43.57.jpeg 1000w, https:\/\/mines.gouv.cd\/fr\/wp-content\/uploads\/2023\/06\/WhatsApp-Image-2023-06-11-at-11.43.57-300x227.jpeg 300w, https:\/\/mines.gouv.cd\/fr\/wp-content\/uploads\/2023\/06\/WhatsApp-Image-2023-06-11-at-11.43.57-768x581.jpeg 768w, https:\/\/mines.gouv.cd\/fr\/wp-content\/uploads\/2023\/06\/WhatsApp-Image-2023-06-11-at-11.43.57-696x527.jpeg 696w, https:\/\/mines.gouv.cd\/fr\/wp-content\/uploads\/2023\/06\/WhatsApp-Image-2023-06-11-at-11.43.57-555x420.jpeg 555w, https:\/\/mines.gouv.cd\/fr\/wp-content\/uploads\/2023\/06\/WhatsApp-Image-2023-06-11-at-11.43.57-80x60.jpeg 80w, https:\/\/mines.gouv.cd\/fr\/wp-content\/uploads\/2023\/06\/WhatsApp-Image-2023-06-11-at-11.43.57-600x454.jpeg 600w\" sizes=\"auto, (max-width: 1000px) 100vw, 1000px\" \/><\/figure>\n\n\n\n<p>Outre cette visite de courtoisie, la d\u00e9l\u00e9gation de Denis LECOUTURIER, a profit\u00e9 \u00e9galement de cette r\u00e9ception pour pr\u00e9senter son agenda dans lequel on trouve un programme des descentes dans les diff\u00e9rentes mines du grand-Katanga.<\/p>\n\n\n\n<p>Comme l&rsquo;on sait tous tr\u00e8s bien, la fabrication des batteries \u00e9lectriques demande en bonne quantit\u00e9, la disponibilit\u00e9 des Minerais dits strat\u00e9giques et il allait de la responsabilit\u00e9 des dirigeants du Conseil Congolais de Batteries d&rsquo;effectuer une descente sur terrain pour se rendre compte de l&rsquo;effectivit\u00e9 de ces mannes mini\u00e8res afin de se rassurer sur l&rsquo;approvisionnement p\u00e9renne. Le quitus et l&rsquo;appui sollicit\u00e9 la ministre des Mines pour ce d\u00e9placement leur a \u00e9t\u00e9 accord\u00e9.<\/p>\n\n\n\n<figure class=\"wp-block-image size-full\"><img loading=\"lazy\" decoding=\"async\" width=\"1000\" height=\"759\" src=\"https:\/\/mines.gouv.cd\/fr\/wp-content\/uploads\/2023\/06\/WhatsApp-Image-2023-06-11-at-11.43.56-1.jpeg\" alt=\"\" class=\"wp-image-1544\" srcset=\"https:\/\/mines.gouv.cd\/fr\/wp-content\/uploads\/2023\/06\/WhatsApp-Image-2023-06-11-at-11.43.56-1.jpeg 1000w, https:\/\/mines.gouv.cd\/fr\/wp-content\/uploads\/2023\/06\/WhatsApp-Image-2023-06-11-at-11.43.56-1-300x228.jpeg 300w, https:\/\/mines.gouv.cd\/fr\/wp-content\/uploads\/2023\/06\/WhatsApp-Image-2023-06-11-at-11.43.56-1-768x583.jpeg 768w, https:\/\/mines.gouv.cd\/fr\/wp-content\/uploads\/2023\/06\/WhatsApp-Image-2023-06-11-at-11.43.56-1-696x528.jpeg 696w, https:\/\/mines.gouv.cd\/fr\/wp-content\/uploads\/2023\/06\/WhatsApp-Image-2023-06-11-at-11.43.56-1-553x420.jpeg 553w, https:\/\/mines.gouv.cd\/fr\/wp-content\/uploads\/2023\/06\/WhatsApp-Image-2023-06-11-at-11.43.56-1-80x60.jpeg 80w, https:\/\/mines.gouv.cd\/fr\/wp-content\/uploads\/2023\/06\/WhatsApp-Image-2023-06-11-at-11.43.56-1-600x455.jpeg 600w\" sizes=\"auto, (max-width: 1000px) 100vw, 1000px\" \/><\/figure>\n\n\n\n<p>Rappelons qu&rsquo;apr\u00e8s la signature du protocole d&rsquo;accords entre la R\u00e9publique D\u00e9mocratique du Congo et la Zambie d&rsquo;un c\u00f4t\u00e9 et les \u00c9tats-Unis d&rsquo;Am\u00e9rique de l&rsquo;autre, accord portant sur la fabrication des batteries \u00e9lectriques et suivi de la cr\u00e9ation du Conseil Congolais de la Batterie\u2026 il \u00e9tait plus que temps de passer \u00e0 l&rsquo;\u00e9tape de l&rsquo;ex\u00e9cution de ce projet.<\/p>\n\n\n\n<p>Dans la bataille de la transition \u00e9nerg\u00e9tique future, notre pays la RDC joue un r\u00f4le majeur parce que d\u00e9tenant \u00e0 lui seul, des quantit\u00e9s importantes des minerais que l&rsquo;industrie d&rsquo;automobile de pointe a tant besoin et il est suivi par la Zambie.<\/p>\n\n\n\n<figure class=\"wp-block-image size-full\"><img loading=\"lazy\" decoding=\"async\" width=\"1000\" height=\"753\" src=\"https:\/\/mines.gouv.cd\/fr\/wp-content\/uploads\/2023\/06\/WhatsApp-Image-2023-06-11-at-11.43.58.jpeg\" alt=\"\" class=\"wp-image-1548\" srcset=\"https:\/\/mines.gouv.cd\/fr\/wp-content\/uploads\/2023\/06\/WhatsApp-Image-2023-06-11-at-11.43.58.jpeg 1000w, https:\/\/mines.gouv.cd\/fr\/wp-content\/uploads\/2023\/06\/WhatsApp-Image-2023-06-11-at-11.43.58-300x226.jpeg 300w, https:\/\/mines.gouv.cd\/fr\/wp-content\/uploads\/2023\/06\/WhatsApp-Image-2023-06-11-at-11.43.58-768x578.jpeg 768w, https:\/\/mines.gouv.cd\/fr\/wp-content\/uploads\/2023\/06\/WhatsApp-Image-2023-06-11-at-11.43.58-696x524.jpeg 696w, https:\/\/mines.gouv.cd\/fr\/wp-content\/uploads\/2023\/06\/WhatsApp-Image-2023-06-11-at-11.43.58-558x420.jpeg 558w, https:\/\/mines.gouv.cd\/fr\/wp-content\/uploads\/2023\/06\/WhatsApp-Image-2023-06-11-at-11.43.58-80x60.jpeg 80w, https:\/\/mines.gouv.cd\/fr\/wp-content\/uploads\/2023\/06\/WhatsApp-Image-2023-06-11-at-11.43.58-600x452.jpeg 600w\" sizes=\"auto, (max-width: 1000px) 100vw, 1000px\" \/><\/figure>\n\n\n\n<p>Cellule de Communication Min-Mines<\/p>\n","protected":false},"excerpt":{"rendered":"<p>La ministre des Mines Antoinette N\u2019Samba Kalambayi, a re\u00e7u dans son cabinet de travail de la Gombe, la d\u00e9l\u00e9gation du Conseil Congolais de la Batterie. Depuis la cr\u00e9ation de ce cadre qui s&rsquo;occupe de l&rsquo;administration de fabrication des batteries \u00e9lectriques, il s&rsquo;est pass\u00e9 plusieurs mois sans qu&rsquo;il y ait des rencontres entre la Ministre des [&hellip;]<\/p>\n","protected":false},"author":1,"featured_media":1545,"comment_status":"closed","ping_status":"open","sticky":false,"template":"","format":"standard","meta":{"tdm_status":"","tdm_grid_status":"","footnotes":""},"categories":[89,85,90,81],"tags":[],"class_list":{"0":"post-1552","1":"post","2":"type-post","3":"status-publish","4":"format-standard","5":"has-post-thumbnail","7":"category-a-la-une","8":"category-actualite","9":"category-conjocture-economique","10":"category-investissement"},"amp_enabled":true,"_links":{"self":[{"href":"https:\/\/mines.gouv.cd\/fr\/wp-json\/wp\/v2\/posts\/1552","targetHints":{"allow":["GET"]}}],"collection":[{"href":"https:\/\/mines.gouv.cd\/fr\/wp-json\/wp\/v2\/posts"}],"about":[{"href":"https:\/\/mines.gouv.cd\/fr\/wp-json\/wp\/v2\/types\/post"}],"author":[{"embeddable":true,"href":"https:\/\/mines.gouv.cd\/fr\/wp-json\/wp\/v2\/users\/1"}],"replies":[{"embeddable":true,"href":"https:\/\/mines.gouv.cd\/fr\/wp-json\/wp\/v2\/comments?post=1552"}],"version-history":[{"count":1,"href":"https:\/\/mines.gouv.cd\/fr\/wp-json\/wp\/v2\/posts\/1552\/revisions"}],"predecessor-version":[{"id":1553,"href":"https:\/\/mines.gouv.cd\/fr\/wp-json\/wp\/v2\/posts\/1552\/revisions\/1553"}],"wp:featuredmedia":[{"embeddable":true,"href":"https:\/\/mines.gouv.cd\/fr\/wp-json\/wp\/v2\/media\/1545"}],"wp:attachment":[{"href":"https:\/\/mines.gouv.cd\/fr\/wp-json\/wp\/v2\/media?parent=1552"}],"wp:term":[{"taxonomy":"category","embeddable":true,"href":"https:\/\/mines.gouv.cd\/fr\/wp-json\/wp\/v2\/categories?post=1552"},{"taxonomy":"post_tag","embeddable":true,"href":"https:\/\/mines.gouv.cd\/fr\/wp-json\/wp\/v2\/tags?post=1552"}],"curies":[{"name":"wp","href":"https:\/\/api.w.org\/{rel}","templated":true}]}}