{"id":1473,"date":"2023-04-30T11:01:02","date_gmt":"2023-04-30T09:01:02","guid":{"rendered":"https:\/\/mines.gouv.cd\/fr\/?p=1473"},"modified":"2023-04-30T11:01:04","modified_gmt":"2023-04-30T09:01:04","slug":"kibali-goldmine-disponibilise-13-millions-usd-pour-la-construction-par-le-service-national-des-infrastructures-au-profit-des-communautes-impactees-par-lexploitation-miniere","status":"publish","type":"post","link":"https:\/\/mines.gouv.cd\/fr\/2023\/04\/30\/kibali-goldmine-disponibilise-13-millions-usd-pour-la-construction-par-le-service-national-des-infrastructures-au-profit-des-communautes-impactees-par-lexploitation-miniere\/","title":{"rendered":"Kibali Goldmine disponibilise 13 millions USD pour la construction par le Service National des infrastructures au profit des communaut\u00e9s impact\u00e9es par l&rsquo;exploitation mini\u00e8re."},"content":{"rendered":"<div id=\"fb-root\"><\/div>\n\n<p>En perspective du d\u00e9veloppement des communaut\u00e9s impact\u00e9es par\u00a0 l&rsquo;exploitation mini\u00e8re, le Service National, repr\u00e9sent\u00e9 par son Commandant Jean-Pierre Kasongo et le repr\u00e9sentant de Kibali Goldmine Raoul Sidi, ont proc\u00e9d\u00e9 \u00e0 la signature du protocole d&rsquo;accord sur l&rsquo;ex\u00e9cution\u00a0 par le Service National des projets financ\u00e9s par la dotation de 0,3 %, minimum du chiffre d&rsquo;affaires de la soci\u00e9t\u00e9 Kibali, pour le d\u00e9veloppement des communaut\u00e9s impact\u00e9es par\u00a0 l&rsquo;exploitation mini\u00e8re.<\/p>\n\n\n\n<figure class=\"wp-block-image size-large\"><img loading=\"lazy\" decoding=\"async\" width=\"1024\" height=\"695\" src=\"https:\/\/mines.gouv.cd\/fr\/wp-content\/uploads\/2023\/04\/WhatsApp-Image-2023-04-28-at-18.09.15-1024x695.jpeg\" alt=\"\" class=\"wp-image-1458\" srcset=\"https:\/\/mines.gouv.cd\/fr\/wp-content\/uploads\/2023\/04\/WhatsApp-Image-2023-04-28-at-18.09.15-1024x695.jpeg 1024w, https:\/\/mines.gouv.cd\/fr\/wp-content\/uploads\/2023\/04\/WhatsApp-Image-2023-04-28-at-18.09.15-300x204.jpeg 300w, https:\/\/mines.gouv.cd\/fr\/wp-content\/uploads\/2023\/04\/WhatsApp-Image-2023-04-28-at-18.09.15-768x521.jpeg 768w, https:\/\/mines.gouv.cd\/fr\/wp-content\/uploads\/2023\/04\/WhatsApp-Image-2023-04-28-at-18.09.15-696x472.jpeg 696w, https:\/\/mines.gouv.cd\/fr\/wp-content\/uploads\/2023\/04\/WhatsApp-Image-2023-04-28-at-18.09.15-1068x725.jpeg 1068w, https:\/\/mines.gouv.cd\/fr\/wp-content\/uploads\/2023\/04\/WhatsApp-Image-2023-04-28-at-18.09.15-619x420.jpeg 619w, https:\/\/mines.gouv.cd\/fr\/wp-content\/uploads\/2023\/04\/WhatsApp-Image-2023-04-28-at-18.09.15-600x407.jpeg 600w, https:\/\/mines.gouv.cd\/fr\/wp-content\/uploads\/2023\/04\/WhatsApp-Image-2023-04-28-at-18.09.15.jpeg 1080w\" sizes=\"auto, (max-width: 1024px) 100vw, 1024px\" \/><\/figure>\n\n\n\n<p>C&rsquo;\u00e9tait en pr\u00e9sences de la Ministre des mines, Antoinette N&rsquo;Samba Kalambayi et du ministre des Affaires Sociales et Action Humanitaire, Modeste Mutinga.<\/p>\n\n\n\n<p>Selon la ministre des mines, Antoinette N&rsquo;Samba Kalambayi, ce protocole d&rsquo;accord vise la\u00a0 construction des h\u00f4pitaux, des \u00e9coles, des routes et le financement des projets agricoles qui seront ex\u00e9cut\u00e9s par le Service National. La soci\u00e9t\u00e9 Kibali a disponibilis\u00e9 13 millions USD pour la r\u00e9alisation de ce projet.<\/p>\n\n\n\n<figure class=\"wp-block-image size-large\"><img loading=\"lazy\" decoding=\"async\" width=\"1024\" height=\"683\" src=\"https:\/\/mines.gouv.cd\/fr\/wp-content\/uploads\/2023\/04\/WhatsApp-Image-2023-04-28-at-18.09.16-1024x683.jpeg\" alt=\"\" class=\"wp-image-1455\" srcset=\"https:\/\/mines.gouv.cd\/fr\/wp-content\/uploads\/2023\/04\/WhatsApp-Image-2023-04-28-at-18.09.16-1024x683.jpeg 1024w, https:\/\/mines.gouv.cd\/fr\/wp-content\/uploads\/2023\/04\/WhatsApp-Image-2023-04-28-at-18.09.16-300x200.jpeg 300w, https:\/\/mines.gouv.cd\/fr\/wp-content\/uploads\/2023\/04\/WhatsApp-Image-2023-04-28-at-18.09.16-768x512.jpeg 768w, https:\/\/mines.gouv.cd\/fr\/wp-content\/uploads\/2023\/04\/WhatsApp-Image-2023-04-28-at-18.09.16-696x464.jpeg 696w, https:\/\/mines.gouv.cd\/fr\/wp-content\/uploads\/2023\/04\/WhatsApp-Image-2023-04-28-at-18.09.16-1068x712.jpeg 1068w, https:\/\/mines.gouv.cd\/fr\/wp-content\/uploads\/2023\/04\/WhatsApp-Image-2023-04-28-at-18.09.16-630x420.jpeg 630w, https:\/\/mines.gouv.cd\/fr\/wp-content\/uploads\/2023\/04\/WhatsApp-Image-2023-04-28-at-18.09.16-600x400.jpeg 600w, https:\/\/mines.gouv.cd\/fr\/wp-content\/uploads\/2023\/04\/WhatsApp-Image-2023-04-28-at-18.09.16.jpeg 1080w\" sizes=\"auto, (max-width: 1024px) 100vw, 1024px\" \/><\/figure>\n\n\n\n<p>\u00ab\u00a0Nous sommes fiers d\u2019avoir pr\u00e9sent\u00e9 le dossier au Conseil des ministres pour avoir l\u2019aval du Gouvernement pour que les b\u00e2tisseurs puissent nous accompagner dans cette lourde charge de pouvoir porter le projet de d\u00e9veloppement communautaire \u00e0 des populations directement impact\u00e9es par l\u2019exploitation mini\u00e8re. Kibali nous a dot\u00e9 des 13 millions USD. Nous avions six projets pour deux territoires : la construction de deux h\u00f4pitaux d\u2019une capacit\u00e9 de 250 lits ; la construction de deux centrales photovolta\u00efques capables d\u2019alimenter plus de 400 foyers ; la construction d\u2019un projet agricole\u2026<\/p>\n\n\n\n<p>Nous avons pens\u00e9 mettre \u00e0 disposition du Service National un projet d\u2019infrastructures.<\/p>\n\n\n\n<figure class=\"wp-block-image size-large\"><img loading=\"lazy\" decoding=\"async\" width=\"1024\" height=\"768\" src=\"https:\/\/mines.gouv.cd\/fr\/wp-content\/uploads\/2023\/04\/WhatsApp-Image-2023-04-28-at-11.59.161-1024x768.jpeg\" alt=\"\" class=\"wp-image-1460\" srcset=\"https:\/\/mines.gouv.cd\/fr\/wp-content\/uploads\/2023\/04\/WhatsApp-Image-2023-04-28-at-11.59.161-1024x768.jpeg 1024w, https:\/\/mines.gouv.cd\/fr\/wp-content\/uploads\/2023\/04\/WhatsApp-Image-2023-04-28-at-11.59.161-300x225.jpeg 300w, https:\/\/mines.gouv.cd\/fr\/wp-content\/uploads\/2023\/04\/WhatsApp-Image-2023-04-28-at-11.59.161-768x576.jpeg 768w, https:\/\/mines.gouv.cd\/fr\/wp-content\/uploads\/2023\/04\/WhatsApp-Image-2023-04-28-at-11.59.161-696x522.jpeg 696w, https:\/\/mines.gouv.cd\/fr\/wp-content\/uploads\/2023\/04\/WhatsApp-Image-2023-04-28-at-11.59.161-1068x801.jpeg 1068w, https:\/\/mines.gouv.cd\/fr\/wp-content\/uploads\/2023\/04\/WhatsApp-Image-2023-04-28-at-11.59.161-560x420.jpeg 560w, https:\/\/mines.gouv.cd\/fr\/wp-content\/uploads\/2023\/04\/WhatsApp-Image-2023-04-28-at-11.59.161-80x60.jpeg 80w, https:\/\/mines.gouv.cd\/fr\/wp-content\/uploads\/2023\/04\/WhatsApp-Image-2023-04-28-at-11.59.161-265x198.jpeg 265w, https:\/\/mines.gouv.cd\/fr\/wp-content\/uploads\/2023\/04\/WhatsApp-Image-2023-04-28-at-11.59.161-600x450.jpeg 600w, https:\/\/mines.gouv.cd\/fr\/wp-content\/uploads\/2023\/04\/WhatsApp-Image-2023-04-28-at-11.59.161.jpeg 1280w\" sizes=\"auto, (max-width: 1024px) 100vw, 1024px\" \/><\/figure>\n\n\n\n<p>Le Gouverneur du Haut-U\u00e9l\u00e9 a d\u00e9j\u00e0 \u00e9t\u00e9 inform\u00e9\u00a0\u00bb, a-t-elle fait savoir.<\/p>\n\n\n\n<p>Pour sa part, le Ministre des Affaires sociales&nbsp; et Action humanitaire, Modeste Mutinga a souhait\u00e9 que ces travaux s&rsquo;inscrivent dans le temps pour que la population observe le changement dans un bref d\u00e9lai.<\/p>\n\n\n\n<p>Notez que la signature de ce protocole d&rsquo;accord est un motif de satisfaction pour le Service National. Le General major Jean- Pierre Kasongo Kabwik compte donner les meilleurs de lui-m\u00eame pour la r\u00e9alisation des travaux dans le d\u00e9lai attendu.<\/p>\n\n\n\n<p>Cellcom<\/p>\n\n\n\n<figure class=\"wp-block-gallery has-nested-images columns-default is-cropped wp-block-gallery-1 is-layout-flex wp-block-gallery-is-layout-flex\">\n<figure class=\"wp-block-image size-large\"><img loading=\"lazy\" decoding=\"async\" width=\"1024\" height=\"683\" data-id=\"1457\" src=\"https:\/\/mines.gouv.cd\/fr\/wp-content\/uploads\/2023\/04\/WhatsApp-Image-2023-04-28-at-18.09.161-1024x683.jpeg\" alt=\"\" class=\"wp-image-1457\" srcset=\"https:\/\/mines.gouv.cd\/fr\/wp-content\/uploads\/2023\/04\/WhatsApp-Image-2023-04-28-at-18.09.161-1024x683.jpeg 1024w, https:\/\/mines.gouv.cd\/fr\/wp-content\/uploads\/2023\/04\/WhatsApp-Image-2023-04-28-at-18.09.161-300x200.jpeg 300w, https:\/\/mines.gouv.cd\/fr\/wp-content\/uploads\/2023\/04\/WhatsApp-Image-2023-04-28-at-18.09.161-768x512.jpeg 768w, https:\/\/mines.gouv.cd\/fr\/wp-content\/uploads\/2023\/04\/WhatsApp-Image-2023-04-28-at-18.09.161-696x464.jpeg 696w, https:\/\/mines.gouv.cd\/fr\/wp-content\/uploads\/2023\/04\/WhatsApp-Image-2023-04-28-at-18.09.161-1068x712.jpeg 1068w, https:\/\/mines.gouv.cd\/fr\/wp-content\/uploads\/2023\/04\/WhatsApp-Image-2023-04-28-at-18.09.161-630x420.jpeg 630w, https:\/\/mines.gouv.cd\/fr\/wp-content\/uploads\/2023\/04\/WhatsApp-Image-2023-04-28-at-18.09.161-600x400.jpeg 600w, https:\/\/mines.gouv.cd\/fr\/wp-content\/uploads\/2023\/04\/WhatsApp-Image-2023-04-28-at-18.09.161.jpeg 1080w\" sizes=\"auto, (max-width: 1024px) 100vw, 1024px\" \/><\/figure>\n\n\n\n<figure class=\"wp-block-image size-large\"><img loading=\"lazy\" decoding=\"async\" width=\"1024\" height=\"768\" data-id=\"1459\" src=\"https:\/\/mines.gouv.cd\/fr\/wp-content\/uploads\/2023\/04\/WhatsApp-Image-2023-04-28-at-11.59.16-1024x768.jpeg\" alt=\"\" class=\"wp-image-1459\" srcset=\"https:\/\/mines.gouv.cd\/fr\/wp-content\/uploads\/2023\/04\/WhatsApp-Image-2023-04-28-at-11.59.16-1024x768.jpeg 1024w, https:\/\/mines.gouv.cd\/fr\/wp-content\/uploads\/2023\/04\/WhatsApp-Image-2023-04-28-at-11.59.16-300x225.jpeg 300w, https:\/\/mines.gouv.cd\/fr\/wp-content\/uploads\/2023\/04\/WhatsApp-Image-2023-04-28-at-11.59.16-768x576.jpeg 768w, https:\/\/mines.gouv.cd\/fr\/wp-content\/uploads\/2023\/04\/WhatsApp-Image-2023-04-28-at-11.59.16-696x522.jpeg 696w, https:\/\/mines.gouv.cd\/fr\/wp-content\/uploads\/2023\/04\/WhatsApp-Image-2023-04-28-at-11.59.16-1068x801.jpeg 1068w, https:\/\/mines.gouv.cd\/fr\/wp-content\/uploads\/2023\/04\/WhatsApp-Image-2023-04-28-at-11.59.16-560x420.jpeg 560w, https:\/\/mines.gouv.cd\/fr\/wp-content\/uploads\/2023\/04\/WhatsApp-Image-2023-04-28-at-11.59.16-80x60.jpeg 80w, https:\/\/mines.gouv.cd\/fr\/wp-content\/uploads\/2023\/04\/WhatsApp-Image-2023-04-28-at-11.59.16-265x198.jpeg 265w, https:\/\/mines.gouv.cd\/fr\/wp-content\/uploads\/2023\/04\/WhatsApp-Image-2023-04-28-at-11.59.16-600x450.jpeg 600w, https:\/\/mines.gouv.cd\/fr\/wp-content\/uploads\/2023\/04\/WhatsApp-Image-2023-04-28-at-11.59.16.jpeg 1280w\" sizes=\"auto, (max-width: 1024px) 100vw, 1024px\" \/><\/figure>\n\n\n\n<figure class=\"wp-block-image size-large\"><img loading=\"lazy\" decoding=\"async\" width=\"1024\" height=\"683\" data-id=\"1454\" src=\"https:\/\/mines.gouv.cd\/fr\/wp-content\/uploads\/2023\/04\/WhatsApp-Image-2023-04-28-at-18.09.17-1024x683.jpeg\" alt=\"\" class=\"wp-image-1454\" srcset=\"https:\/\/mines.gouv.cd\/fr\/wp-content\/uploads\/2023\/04\/WhatsApp-Image-2023-04-28-at-18.09.17-1024x683.jpeg 1024w, https:\/\/mines.gouv.cd\/fr\/wp-content\/uploads\/2023\/04\/WhatsApp-Image-2023-04-28-at-18.09.17-300x200.jpeg 300w, https:\/\/mines.gouv.cd\/fr\/wp-content\/uploads\/2023\/04\/WhatsApp-Image-2023-04-28-at-18.09.17-768x512.jpeg 768w, https:\/\/mines.gouv.cd\/fr\/wp-content\/uploads\/2023\/04\/WhatsApp-Image-2023-04-28-at-18.09.17-696x464.jpeg 696w, https:\/\/mines.gouv.cd\/fr\/wp-content\/uploads\/2023\/04\/WhatsApp-Image-2023-04-28-at-18.09.17-1068x712.jpeg 1068w, https:\/\/mines.gouv.cd\/fr\/wp-content\/uploads\/2023\/04\/WhatsApp-Image-2023-04-28-at-18.09.17-630x420.jpeg 630w, https:\/\/mines.gouv.cd\/fr\/wp-content\/uploads\/2023\/04\/WhatsApp-Image-2023-04-28-at-18.09.17-600x400.jpeg 600w, https:\/\/mines.gouv.cd\/fr\/wp-content\/uploads\/2023\/04\/WhatsApp-Image-2023-04-28-at-18.09.17.jpeg 1080w\" sizes=\"auto, (max-width: 1024px) 100vw, 1024px\" \/><\/figure>\n\n\n\n<figure class=\"wp-block-image size-large\"><img loading=\"lazy\" decoding=\"async\" width=\"1024\" height=\"683\" data-id=\"1455\" src=\"https:\/\/mines.gouv.cd\/fr\/wp-content\/uploads\/2023\/04\/WhatsApp-Image-2023-04-28-at-18.09.16-1024x683.jpeg\" alt=\"\" class=\"wp-image-1455\" srcset=\"https:\/\/mines.gouv.cd\/fr\/wp-content\/uploads\/2023\/04\/WhatsApp-Image-2023-04-28-at-18.09.16-1024x683.jpeg 1024w, https:\/\/mines.gouv.cd\/fr\/wp-content\/uploads\/2023\/04\/WhatsApp-Image-2023-04-28-at-18.09.16-300x200.jpeg 300w, https:\/\/mines.gouv.cd\/fr\/wp-content\/uploads\/2023\/04\/WhatsApp-Image-2023-04-28-at-18.09.16-768x512.jpeg 768w, https:\/\/mines.gouv.cd\/fr\/wp-content\/uploads\/2023\/04\/WhatsApp-Image-2023-04-28-at-18.09.16-696x464.jpeg 696w, https:\/\/mines.gouv.cd\/fr\/wp-content\/uploads\/2023\/04\/WhatsApp-Image-2023-04-28-at-18.09.16-1068x712.jpeg 1068w, https:\/\/mines.gouv.cd\/fr\/wp-content\/uploads\/2023\/04\/WhatsApp-Image-2023-04-28-at-18.09.16-630x420.jpeg 630w, https:\/\/mines.gouv.cd\/fr\/wp-content\/uploads\/2023\/04\/WhatsApp-Image-2023-04-28-at-18.09.16-600x400.jpeg 600w, https:\/\/mines.gouv.cd\/fr\/wp-content\/uploads\/2023\/04\/WhatsApp-Image-2023-04-28-at-18.09.16.jpeg 1080w\" sizes=\"auto, (max-width: 1024px) 100vw, 1024px\" \/><\/figure>\n<\/figure>\n","protected":false},"excerpt":{"rendered":"<p>En perspective du d\u00e9veloppement des communaut\u00e9s impact\u00e9es par\u00a0 l&rsquo;exploitation mini\u00e8re, le Service National, repr\u00e9sent\u00e9 par son Commandant Jean-Pierre Kasongo et le repr\u00e9sentant de Kibali Goldmine Raoul Sidi, ont proc\u00e9d\u00e9 \u00e0 la signature du protocole d&rsquo;accord sur l&rsquo;ex\u00e9cution\u00a0 par le Service National des projets financ\u00e9s par la dotation de 0,3 %, minimum du chiffre d&rsquo;affaires de [&hellip;]<\/p>\n","protected":false},"author":1,"featured_media":1464,"comment_status":"closed","ping_status":"open","sticky":false,"template":"","format":"standard","meta":{"tdm_status":"","tdm_grid_status":"","footnotes":""},"categories":[89,85,80,82,83],"tags":[],"class_list":{"0":"post-1473","1":"post","2":"type-post","3":"status-publish","4":"format-standard","5":"has-post-thumbnail","7":"category-a-la-une","8":"category-actualite","9":"category-bonne-gouvernance","10":"category-redevance","11":"category-transparence"},"amp_enabled":true,"_links":{"self":[{"href":"https:\/\/mines.gouv.cd\/fr\/wp-json\/wp\/v2\/posts\/1473","targetHints":{"allow":["GET"]}}],"collection":[{"href":"https:\/\/mines.gouv.cd\/fr\/wp-json\/wp\/v2\/posts"}],"about":[{"href":"https:\/\/mines.gouv.cd\/fr\/wp-json\/wp\/v2\/types\/post"}],"author":[{"embeddable":true,"href":"https:\/\/mines.gouv.cd\/fr\/wp-json\/wp\/v2\/users\/1"}],"replies":[{"embeddable":true,"href":"https:\/\/mines.gouv.cd\/fr\/wp-json\/wp\/v2\/comments?post=1473"}],"version-history":[{"count":1,"href":"https:\/\/mines.gouv.cd\/fr\/wp-json\/wp\/v2\/posts\/1473\/revisions"}],"predecessor-version":[{"id":1474,"href":"https:\/\/mines.gouv.cd\/fr\/wp-json\/wp\/v2\/posts\/1473\/revisions\/1474"}],"wp:featuredmedia":[{"embeddable":true,"href":"https:\/\/mines.gouv.cd\/fr\/wp-json\/wp\/v2\/media\/1464"}],"wp:attachment":[{"href":"https:\/\/mines.gouv.cd\/fr\/wp-json\/wp\/v2\/media?parent=1473"}],"wp:term":[{"taxonomy":"category","embeddable":true,"href":"https:\/\/mines.gouv.cd\/fr\/wp-json\/wp\/v2\/categories?post=1473"},{"taxonomy":"post_tag","embeddable":true,"href":"https:\/\/mines.gouv.cd\/fr\/wp-json\/wp\/v2\/tags?post=1473"}],"curies":[{"name":"wp","href":"https:\/\/api.w.org\/{rel}","templated":true}]}}