{"id":1382,"date":"2023-04-06T16:00:13","date_gmt":"2023-04-06T14:00:13","guid":{"rendered":"https:\/\/mines.gouv.cd\/fr\/?p=1382"},"modified":"2023-04-06T16:00:15","modified_gmt":"2023-04-06T14:00:15","slug":"la-reunion-du-comite-de-conjoncture-economique-du-mercredi-05-avril-2023","status":"publish","type":"post","link":"https:\/\/mines.gouv.cd\/fr\/2023\/04\/06\/la-reunion-du-comite-de-conjoncture-economique-du-mercredi-05-avril-2023\/","title":{"rendered":"La r\u00e9union du Comit\u00e9 de Conjoncture \u00e9conomique du mercredi 05 avril 2023"},"content":{"rendered":"<div id=\"fb-root\"><\/div>\n\n<p><strong>Le premier ministre Sama Lukonde a pr\u00e9sid\u00e9 la r\u00e9union du Comit\u00e9 de Conjoncture \u00e9conomique hier mercredi 05 avril 2023.<\/strong><\/p>\n\n\n\n<p><strong>\u00c0 la suite du rapport pr\u00e9sent\u00e9 par la ministre des Mines, Antoinette N\u2019Samba, il est constat\u00e9 une augmentation nette des recettes dans le secteur minier. Le Vice-Premier Ministre<\/strong> <strong>Vital Kamerhe, Mme Judith Suminwa et Nicolas Kazadi ont \u00e9t\u00e9 \u00e9galement pr\u00e9sents<\/strong><\/p>\n\n\n\n<p>\u00ab&nbsp;L\u2019espoir est permis, malgr\u00e9 les moments difficiles&nbsp;\u00bb.<br>Cette d\u00e9claration est du Vice-Premier Ministre en charge de l\u2019\u00c9conomie nationale, Vital Kamerhe au sortir d\u2019une r\u00e9union du Comit\u00e9 de Conjoncture \u00e9conomique pr\u00e9sid\u00e9e, ce mercredi 05 avril 2023, par le Premier Ministre, Jean-Michel Sama Lukonde, dans son cabinet de travail \u00e0 la Primature.<br>En effet, les Ministres sectoriels et les animateurs d\u2019autres structures membres de ce Comit\u00e9 ont salu\u00e9 une accalmie relative au niveau du march\u00e9 de change et des biens et services. Mais, le Premier Ministre, qui voudrait voir tous les efforts fournis, qui se traduisent en termes d\u2019indicateurs macro\u00e9conomiques, aboutir r\u00e9ellement en baisse des prix sur le march\u00e9 des biens et des services, a pris avec ledit Comit\u00e9, plusieurs mesures, notamment dans le secteur minier, pilier majeur de l\u2019\u00e9conomie.<br>Le Comit\u00e9 a \u00e9galement mis l\u2019accent sur la diversification de la production dans une \u00e9conomie jug\u00e9e jusque l\u00e0 totalement extravertie. Vital Kamerhe l\u2019a dit \u00e0 la presse au terme de cette r\u00e9union avec le Chef du Gouvernement.<\/p>\n\n\n\n<p><br>&nbsp;\u00bb L\u2019opinion doit retenir qu\u2019il y a une accalmie relative au niveau du march\u00e9 de change et des biens et services. Mais ce que le Premier Ministre voudrait voir, c\u2019est que tous ces efforts qui ont \u00e9t\u00e9 faits et qui sont traduits en termes d\u2019indicateurs macro\u00e9conomiques, se traduisent r\u00e9ellement en baisse des prix sur le march\u00e9 des biens et des services. Nous avons aussi abord\u00e9 la probl\u00e9matique du secteur minier. Les recettes, certes, sont en hausse. Nous l\u2019avons constat\u00e9 aujourd\u2019hui, \u00e0 la suite du rapport pr\u00e9sent\u00e9 par Madame la ministre des Mines, mais nous allons les augmenter davantage. Mais l\u2019option qui est lev\u00e9e aussi, c\u2019est la diversification de l\u2019\u00e9conomie. Nous ne voulons plus \u00eatre d\u00e9pendant totalement des Mines. Et un travail a \u00e9t\u00e9 confi\u00e9 \u00e0 l\u2019\u00e9cofin. Ce travail a \u00e9t\u00e9 commenc\u00e9 et il est fait par le ministre du Commerce ext\u00e9rieur, qui va nous le pr\u00e9senter tr\u00e8s prochainement pour des d\u00e9cisions au niveau du gouvernement. Donc, \u00e7\u2019a \u00e9t\u00e9 une bonne r\u00e9union. Et, l\u2019espoir est permis malgr\u00e9 les moments difficiles. Nous nous sommes aussi f\u00e9licit\u00e9s de voir qu\u2019aucune station n\u2019a \u00e9t\u00e9 br\u00fbl\u00e9e en RDC, malgr\u00e9 le choc p\u00e9trolier d\u00fb \u00e0 la guerre en Ukraine. Les gens n\u2019ont pas senti la hausse des prix, parce que le gouvernement a pris la politique de prot\u00e9ger le pouvoir d\u2019achat. C\u2019est que le gouvernement a subventionn\u00e9 ces produits-l\u00e0 ici chez nous. C\u2019est qui est un effort que les gens doivent retenir. Et nous allons, bien s\u00fbr, ouvrir les yeux pour savoir comment encadrer toutes les exon\u00e9rations qu\u2019on accorde \u00e0 gauche, \u00e0 droite, que ce soit dans le secteur p\u00e9trolier ou dans tous les autres. Nous avons finalement chut\u00e9 sur la question du ma\u00efs dans le Katanga, que nous allons r\u00e9soudre avec le ministre du Commerce ext\u00e9rieur et beaucoup d\u2019autres intervenants. Donc, nous sommes soucieux d\u2019aller tr\u00e8s vite vers la diversification de la production dans notre \u00e9conomie, qui est vraiment totalement extravertie&nbsp;\u00bb, a lanc\u00e9 Vital Kamerhe.<\/p>\n","protected":false},"excerpt":{"rendered":"<p>Le premier ministre Sama Lukonde a pr\u00e9sid\u00e9 la r\u00e9union du Comit\u00e9 de Conjoncture \u00e9conomique hier mercredi 05 avril 2023. \u00c0 la suite du rapport pr\u00e9sent\u00e9 par la ministre des Mines, Antoinette N\u2019Samba, il est constat\u00e9 une augmentation nette des recettes dans le secteur minier. Le Vice-Premier Ministre Vital Kamerhe, Mme Judith Suminwa et Nicolas Kazadi [&hellip;]<\/p>\n","protected":false},"author":1,"featured_media":1383,"comment_status":"closed","ping_status":"open","sticky":false,"template":"","format":"standard","meta":{"tdm_status":"","tdm_grid_status":"","footnotes":""},"categories":[90],"tags":[],"class_list":{"0":"post-1382","1":"post","2":"type-post","3":"status-publish","4":"format-standard","5":"has-post-thumbnail","7":"category-conjocture-economique"},"amp_enabled":true,"_links":{"self":[{"href":"https:\/\/mines.gouv.cd\/fr\/wp-json\/wp\/v2\/posts\/1382","targetHints":{"allow":["GET"]}}],"collection":[{"href":"https:\/\/mines.gouv.cd\/fr\/wp-json\/wp\/v2\/posts"}],"about":[{"href":"https:\/\/mines.gouv.cd\/fr\/wp-json\/wp\/v2\/types\/post"}],"author":[{"embeddable":true,"href":"https:\/\/mines.gouv.cd\/fr\/wp-json\/wp\/v2\/users\/1"}],"replies":[{"embeddable":true,"href":"https:\/\/mines.gouv.cd\/fr\/wp-json\/wp\/v2\/comments?post=1382"}],"version-history":[{"count":1,"href":"https:\/\/mines.gouv.cd\/fr\/wp-json\/wp\/v2\/posts\/1382\/revisions"}],"predecessor-version":[{"id":1384,"href":"https:\/\/mines.gouv.cd\/fr\/wp-json\/wp\/v2\/posts\/1382\/revisions\/1384"}],"wp:featuredmedia":[{"embeddable":true,"href":"https:\/\/mines.gouv.cd\/fr\/wp-json\/wp\/v2\/media\/1383"}],"wp:attachment":[{"href":"https:\/\/mines.gouv.cd\/fr\/wp-json\/wp\/v2\/media?parent=1382"}],"wp:term":[{"taxonomy":"category","embeddable":true,"href":"https:\/\/mines.gouv.cd\/fr\/wp-json\/wp\/v2\/categories?post=1382"},{"taxonomy":"post_tag","embeddable":true,"href":"https:\/\/mines.gouv.cd\/fr\/wp-json\/wp\/v2\/tags?post=1382"}],"curies":[{"name":"wp","href":"https:\/\/api.w.org\/{rel}","templated":true}]}}