{"id":1240,"date":"2022-12-13T15:54:34","date_gmt":"2022-12-13T14:54:34","guid":{"rendered":"https:\/\/mines.gouv.cd\/fr\/?p=1240"},"modified":"2022-12-13T15:54:36","modified_gmt":"2022-12-13T14:54:36","slug":"japon-rdc-carnet-de-voyage-de-la-ministre-des-mines-au-pays-du-soleil-levant","status":"publish","type":"post","link":"https:\/\/mines.gouv.cd\/fr\/2022\/12\/13\/japon-rdc-carnet-de-voyage-de-la-ministre-des-mines-au-pays-du-soleil-levant\/","title":{"rendered":"Japon-RDC : carnet de voyage de la ministre des Mines au pays du soleil levant."},"content":{"rendered":"<div id=\"fb-root\"><\/div>\n\n<p>Le s\u00e9jour de la Ministre des Mines , Antoinette N&rsquo;Samba Kalambayi au Japon a \u00e9t\u00e9 riche en activit\u00e9s.<\/p>\n\n\n\n<p>Antoinette N&rsquo;Samba Kalambayi \u00e0 la t\u00eate de la d\u00e9l\u00e9gation Congolaise, a pris langue<br>avec une d\u00e9l\u00e9gation de l&rsquo;entreprise Toyota Tshusho le jeudi 8 D\u00e9cembre 2022 \u00e0 l&rsquo;h\u00f4tel The Westin Tokyo.<br>En plus des \u00e9changes, le num\u00e9ro 1 des mines a effectu\u00e9 une visite \u00e0 Hitachi Machinery o\u00f9 sont fabriqu\u00e9s les engins miniers et de construction.<\/p>\n\n\n\n<p>Au pays du soleil levant, il a \u00e9t\u00e9 organis\u00e9 le Be to Be ax\u00e9 sur les opportunit\u00e9s d&rsquo;affaires avec la d\u00e9l\u00e9gation Congolaise et celle du japon conduite par le Directeur G\u00e9n\u00e9ral de Commercialisation et Services, charg\u00e9 de l&rsquo;Unit\u00e9 des Affaires mini\u00e8res au sein de Hitachi Machinery, Monsieur Hidefumi Sameshima.<\/p>\n\n\n\n<figure class=\"wp-block-image size-full\"><img loading=\"lazy\" decoding=\"async\" width=\"1000\" height=\"667\" src=\"https:\/\/mines.gouv.cd\/fr\/wp-content\/uploads\/2022\/12\/WhatsApp-Image-2022-12-12-at-22.47.254.jpeg\" alt=\"\" class=\"wp-image-1241\" srcset=\"https:\/\/mines.gouv.cd\/fr\/wp-content\/uploads\/2022\/12\/WhatsApp-Image-2022-12-12-at-22.47.254.jpeg 1000w, https:\/\/mines.gouv.cd\/fr\/wp-content\/uploads\/2022\/12\/WhatsApp-Image-2022-12-12-at-22.47.254-300x200.jpeg 300w, https:\/\/mines.gouv.cd\/fr\/wp-content\/uploads\/2022\/12\/WhatsApp-Image-2022-12-12-at-22.47.254-768x512.jpeg 768w, https:\/\/mines.gouv.cd\/fr\/wp-content\/uploads\/2022\/12\/WhatsApp-Image-2022-12-12-at-22.47.254-696x464.jpeg 696w, https:\/\/mines.gouv.cd\/fr\/wp-content\/uploads\/2022\/12\/WhatsApp-Image-2022-12-12-at-22.47.254-630x420.jpeg 630w, https:\/\/mines.gouv.cd\/fr\/wp-content\/uploads\/2022\/12\/WhatsApp-Image-2022-12-12-at-22.47.254-600x400.jpeg 600w\" sizes=\"auto, (max-width: 1000px) 100vw, 1000px\" \/><\/figure>\n\n\n\n<p>La journ\u00e9e de vendredi 9 D\u00e9cembre a \u00e9t\u00e9, elle aussi parsem\u00e9e d&rsquo;activit\u00e9s pour la warrior Antoinette N\u2019Samba Kalambayi.<br>Il y a eu le t\u00eate -\u00e0-tete entre Ministre des Mines et le 2 \u00e8me Vice- pr\u00e9sident du parti lib\u00e9ral des D\u00e9mocrates.<br>Mr Hagiuda Koichi. C&rsquo;\u00e9tait<br>au quartier G\u00e9n\u00e9ral du parti au sein duquel, Mr Hagiuda<br>est pr\u00e9sident du Conseil des Recherches Politiques.<\/p>\n\n\n\n<p>Les deux personnalit\u00e9s se sont mises d&rsquo;accord sur le fait que l&rsquo;abondance des minerais strat\u00e9giques de la RDC int\u00e9resse au plus haut point le Japon qui \u00e0 son tour, devra exporter vers la RDC, ses connaissances technologiques et la formation des ressources humaines.<br>Ensuite , ce fut la rencontre de la patronne congolaise des Mines avec le Ministre Japonais de l&rsquo;Economie, Commerce et Industrie, Mr Nishimura Yasutoshi.<\/p>\n\n\n\n<figure class=\"wp-block-image size-full\"><img loading=\"lazy\" decoding=\"async\" width=\"1000\" height=\"667\" src=\"https:\/\/mines.gouv.cd\/fr\/wp-content\/uploads\/2022\/12\/WhatsApp-Image-2022-12-12-at-22.47.253.jpeg\" alt=\"\" class=\"wp-image-1244\" srcset=\"https:\/\/mines.gouv.cd\/fr\/wp-content\/uploads\/2022\/12\/WhatsApp-Image-2022-12-12-at-22.47.253.jpeg 1000w, https:\/\/mines.gouv.cd\/fr\/wp-content\/uploads\/2022\/12\/WhatsApp-Image-2022-12-12-at-22.47.253-300x200.jpeg 300w, https:\/\/mines.gouv.cd\/fr\/wp-content\/uploads\/2022\/12\/WhatsApp-Image-2022-12-12-at-22.47.253-768x512.jpeg 768w, https:\/\/mines.gouv.cd\/fr\/wp-content\/uploads\/2022\/12\/WhatsApp-Image-2022-12-12-at-22.47.253-696x464.jpeg 696w, https:\/\/mines.gouv.cd\/fr\/wp-content\/uploads\/2022\/12\/WhatsApp-Image-2022-12-12-at-22.47.253-630x420.jpeg 630w, https:\/\/mines.gouv.cd\/fr\/wp-content\/uploads\/2022\/12\/WhatsApp-Image-2022-12-12-at-22.47.253-600x400.jpeg 600w\" sizes=\"auto, (max-width: 1000px) 100vw, 1000px\" \/><\/figure>\n\n\n\n<p><br>A travers les deux gouvernements, la flamme de la coop\u00e9ration bilat\u00e9rale a \u00e9t\u00e9 attis\u00e9e dans le secteur minier.<br>Le Japon qui s&rsquo;est engag\u00e9 dans la neutralit\u00e9 carbone d&rsquo;ici \u00e0 2050, tient \u00e0 s&rsquo;approvisionner aupr\u00e8s de la RDC, en ressources min\u00e9rales, \u00e0 l&rsquo;\u00e8re de la transition \u00e9nerg\u00e9tique.<br>Cette rencontre a d\u00e9bouch\u00e9 sur une d\u00e9claration conjointe au minist\u00e8re de l&rsquo;Economie Commerce et Industrie, Meti en sigle.<br>Enfin la table ronde qui a r\u00e9uni d&rsquo;une part, la cr\u00e8me des cr\u00e8mes du patronat Japonais, et de l&rsquo;autre, la d\u00e9l\u00e9gation Congolaise. L&rsquo;occasion pour la patronne des Mines de pr\u00e9senter les opportunit\u00e9s d&rsquo;investissements en RDC . Il s&rsquo;en est suivi une s\u00e9rie d&rsquo;interventions des Chefs de corps des services sp\u00e9cialis\u00e9s du Minist\u00e8re des mines.<br>L&rsquo;assembl\u00e9e a suivi tour \u00e0 tour, le Pr. Donat Kampata, DG du SGN-C, le DG du CEEC, Freddy Mwamba et le Coordonnateur Paul Mabolia, de la CTCPM.<\/p>\n\n\n\n<figure class=\"wp-block-image size-full\"><img loading=\"lazy\" decoding=\"async\" width=\"1000\" height=\"667\" src=\"https:\/\/mines.gouv.cd\/fr\/wp-content\/uploads\/2022\/12\/WhatsApp-Image-2022-12-12-at-22.47.251.jpeg\" alt=\"\" class=\"wp-image-1245\" srcset=\"https:\/\/mines.gouv.cd\/fr\/wp-content\/uploads\/2022\/12\/WhatsApp-Image-2022-12-12-at-22.47.251.jpeg 1000w, https:\/\/mines.gouv.cd\/fr\/wp-content\/uploads\/2022\/12\/WhatsApp-Image-2022-12-12-at-22.47.251-300x200.jpeg 300w, https:\/\/mines.gouv.cd\/fr\/wp-content\/uploads\/2022\/12\/WhatsApp-Image-2022-12-12-at-22.47.251-768x512.jpeg 768w, https:\/\/mines.gouv.cd\/fr\/wp-content\/uploads\/2022\/12\/WhatsApp-Image-2022-12-12-at-22.47.251-696x464.jpeg 696w, https:\/\/mines.gouv.cd\/fr\/wp-content\/uploads\/2022\/12\/WhatsApp-Image-2022-12-12-at-22.47.251-630x420.jpeg 630w, https:\/\/mines.gouv.cd\/fr\/wp-content\/uploads\/2022\/12\/WhatsApp-Image-2022-12-12-at-22.47.251-600x400.jpeg 600w\" sizes=\"auto, (max-width: 1000px) 100vw, 1000px\" \/><\/figure>\n\n\n\n<p><br>La trame de leur intervention a port\u00e9 sur l&rsquo;\u00e9tat des lieux des m\u00e9taux strat\u00e9giques et une fiscalit\u00e9 all\u00e9chante dans le secteur minier, en vue d&rsquo;attirer les investisseurs.<br>Ainsi pour \u00e9clairer la lanterne, des Chefs d&rsquo;entreprises du Japon, la Ministre des Mines et ses collaborateurs ont r\u00e9pondu au jeu des questions-r\u00e9ponses.<br>Une photo de famille a sanctionn\u00e9 cette rencontre.<\/p>\n\n\n\n<figure class=\"wp-block-gallery has-nested-images columns-default is-cropped wp-block-gallery-1 is-layout-flex wp-block-gallery-is-layout-flex\">\n<figure class=\"wp-block-image size-large\"><img loading=\"lazy\" decoding=\"async\" width=\"1000\" height=\"667\" data-id=\"1246\" src=\"https:\/\/mines.gouv.cd\/fr\/wp-content\/uploads\/2022\/12\/WhatsApp-Image-2022-12-12-at-22.47.25.jpeg\" alt=\"\" class=\"wp-image-1246\" srcset=\"https:\/\/mines.gouv.cd\/fr\/wp-content\/uploads\/2022\/12\/WhatsApp-Image-2022-12-12-at-22.47.25.jpeg 1000w, https:\/\/mines.gouv.cd\/fr\/wp-content\/uploads\/2022\/12\/WhatsApp-Image-2022-12-12-at-22.47.25-300x200.jpeg 300w, https:\/\/mines.gouv.cd\/fr\/wp-content\/uploads\/2022\/12\/WhatsApp-Image-2022-12-12-at-22.47.25-768x512.jpeg 768w, https:\/\/mines.gouv.cd\/fr\/wp-content\/uploads\/2022\/12\/WhatsApp-Image-2022-12-12-at-22.47.25-696x464.jpeg 696w, https:\/\/mines.gouv.cd\/fr\/wp-content\/uploads\/2022\/12\/WhatsApp-Image-2022-12-12-at-22.47.25-630x420.jpeg 630w, https:\/\/mines.gouv.cd\/fr\/wp-content\/uploads\/2022\/12\/WhatsApp-Image-2022-12-12-at-22.47.25-600x400.jpeg 600w\" sizes=\"auto, (max-width: 1000px) 100vw, 1000px\" \/><\/figure>\n<\/figure>\n\n\n\n<p>Cellcom<\/p>\n","protected":false},"excerpt":{"rendered":"<p>Le s\u00e9jour de la Ministre des Mines , Antoinette N&rsquo;Samba Kalambayi au Japon a \u00e9t\u00e9 riche en activit\u00e9s. Antoinette N&rsquo;Samba Kalambayi \u00e0 la t\u00eate de la d\u00e9l\u00e9gation Congolaise, a pris langueavec une d\u00e9l\u00e9gation de l&rsquo;entreprise Toyota Tshusho le jeudi 8 D\u00e9cembre 2022 \u00e0 l&rsquo;h\u00f4tel The Westin Tokyo.En plus des \u00e9changes, le num\u00e9ro 1 des mines [&hellip;]<\/p>\n","protected":false},"author":1,"featured_media":1242,"comment_status":"closed","ping_status":"open","sticky":false,"template":"","format":"standard","meta":{"tdm_status":"","tdm_grid_status":"","footnotes":""},"categories":[89,85,80,86,81],"tags":[],"class_list":{"0":"post-1240","1":"post","2":"type-post","3":"status-publish","4":"format-standard","5":"has-post-thumbnail","7":"category-a-la-une","8":"category-actualite","9":"category-bonne-gouvernance","10":"category-cuivre-cobalt","11":"category-investissement"},"amp_enabled":true,"_links":{"self":[{"href":"https:\/\/mines.gouv.cd\/fr\/wp-json\/wp\/v2\/posts\/1240","targetHints":{"allow":["GET"]}}],"collection":[{"href":"https:\/\/mines.gouv.cd\/fr\/wp-json\/wp\/v2\/posts"}],"about":[{"href":"https:\/\/mines.gouv.cd\/fr\/wp-json\/wp\/v2\/types\/post"}],"author":[{"embeddable":true,"href":"https:\/\/mines.gouv.cd\/fr\/wp-json\/wp\/v2\/users\/1"}],"replies":[{"embeddable":true,"href":"https:\/\/mines.gouv.cd\/fr\/wp-json\/wp\/v2\/comments?post=1240"}],"version-history":[{"count":1,"href":"https:\/\/mines.gouv.cd\/fr\/wp-json\/wp\/v2\/posts\/1240\/revisions"}],"predecessor-version":[{"id":1247,"href":"https:\/\/mines.gouv.cd\/fr\/wp-json\/wp\/v2\/posts\/1240\/revisions\/1247"}],"wp:featuredmedia":[{"embeddable":true,"href":"https:\/\/mines.gouv.cd\/fr\/wp-json\/wp\/v2\/media\/1242"}],"wp:attachment":[{"href":"https:\/\/mines.gouv.cd\/fr\/wp-json\/wp\/v2\/media?parent=1240"}],"wp:term":[{"taxonomy":"category","embeddable":true,"href":"https:\/\/mines.gouv.cd\/fr\/wp-json\/wp\/v2\/categories?post=1240"},{"taxonomy":"post_tag","embeddable":true,"href":"https:\/\/mines.gouv.cd\/fr\/wp-json\/wp\/v2\/tags?post=1240"}],"curies":[{"name":"wp","href":"https:\/\/api.w.org\/{rel}","templated":true}]}}