{"id":1235,"date":"2022-12-09T14:26:45","date_gmt":"2022-12-09T13:26:45","guid":{"rendered":"https:\/\/mines.gouv.cd\/fr\/?p=1235"},"modified":"2022-12-09T14:26:47","modified_gmt":"2022-12-09T13:26:47","slug":"cooperation-japon-rdc-antoinette-nsamba-kalambayi-a-recu-la-liste-des-minerais-strategiques-pour-linvestissement-nippon-en-rdc","status":"publish","type":"post","link":"https:\/\/mines.gouv.cd\/fr\/2022\/12\/09\/cooperation-japon-rdc-antoinette-nsamba-kalambayi-a-recu-la-liste-des-minerais-strategiques-pour-linvestissement-nippon-en-rdc\/","title":{"rendered":"<strong>Coop\u00e9ration Japon-RDC: Antoinette N&rsquo;Samba Kalambayi a re\u00e7u la liste des minerais strat\u00e9giques pour l&rsquo;investissement nippon en RDC<\/strong>"},"content":{"rendered":"<div id=\"fb-root\"><\/div>\n\n<p>Le mercredi 7 D\u00e9cembre 2022, un d\u00e9jeuner d\u2019affaires, dans un restaurant&nbsp;&nbsp; Japonais a r\u00e9uni autour d&rsquo;une table&nbsp; la d\u00e9l\u00e9gation Congolaise, conduite par la Ministre des Mines, Antoinette N&rsquo;SAMBA KALAMBAYI et les responsables de l&rsquo;Agence des Ressources Naturelles et Combustibles ainsi que ceux de JOGMEC, structures&nbsp;&nbsp; sous tutelle du minist\u00e8re japonais de l&rsquo;Economie, Commerce et Industrie, METI en sigle.<\/p>\n\n\n\n<p>Apr\u00e8s le mot de bienvenue du Directeur G\u00e9n\u00e9ral de l&rsquo;Agence des Ressources Naturelles et Combustibles, Mr YUKI SADAMITSU, l&rsquo;heure \u00e9tait aux \u00e9changes.<\/p>\n\n\n\n<p>Mr YUKI SADAMITSU<\/p>\n\n\n\n<p>a pr\u00e9sent\u00e9 la liste des minerais sp\u00e9cifiques dont le Japon a besoin pour investir en RDC, il s&rsquo;agit du lithium, du mangan\u00e8se, du nickel et du cobalt.<\/p>\n\n\n\n<figure class=\"wp-block-image size-full\"><img loading=\"lazy\" decoding=\"async\" width=\"1000\" height=\"667\" src=\"https:\/\/mines.gouv.cd\/fr\/wp-content\/uploads\/2022\/12\/WhatsApp-Image-2022-12-09-at-12.46.27.jpeg\" alt=\"\" class=\"wp-image-1229\" srcset=\"https:\/\/mines.gouv.cd\/fr\/wp-content\/uploads\/2022\/12\/WhatsApp-Image-2022-12-09-at-12.46.27.jpeg 1000w, https:\/\/mines.gouv.cd\/fr\/wp-content\/uploads\/2022\/12\/WhatsApp-Image-2022-12-09-at-12.46.27-300x200.jpeg 300w, https:\/\/mines.gouv.cd\/fr\/wp-content\/uploads\/2022\/12\/WhatsApp-Image-2022-12-09-at-12.46.27-768x512.jpeg 768w, https:\/\/mines.gouv.cd\/fr\/wp-content\/uploads\/2022\/12\/WhatsApp-Image-2022-12-09-at-12.46.27-696x464.jpeg 696w, https:\/\/mines.gouv.cd\/fr\/wp-content\/uploads\/2022\/12\/WhatsApp-Image-2022-12-09-at-12.46.27-630x420.jpeg 630w, https:\/\/mines.gouv.cd\/fr\/wp-content\/uploads\/2022\/12\/WhatsApp-Image-2022-12-09-at-12.46.27-600x400.jpeg 600w\" sizes=\"auto, (max-width: 1000px) 100vw, 1000px\" \/><\/figure>\n\n\n\n<p>Ces minerais strat\u00e9giques interviennent&nbsp; dans la fabrication des batteries et v\u00e9hicules \u00e9lectriques.<\/p>\n\n\n\n<p>R\u00e9put\u00e9 grand constructeur des v\u00e9hicules, le Japon voudrait s&rsquo;approvisionner directement aupr\u00e8s de la RDC.<\/p>\n\n\n\n<p>Pour sa part, la patronne des mines a pr\u00e9sent\u00e9 les opportunit\u00e9s d&rsquo;investissement en RDC qui d\u00e9tient la plus grande r\u00e9serve mondiale de ces minerais qui jouent un r\u00f4le incontournable dans la transition \u00e9nerg\u00e9tique.<\/p>\n\n\n\n<p>Dans un esprit gagnant -gagnant,<\/p>\n\n\n\n<p>\u00e0 en croire Antoinette N&rsquo;SAMBA KALAMBAYI, la RDC d\u00e9tient non seulement ces minerais, mais aussi, elle a besoin de l&rsquo;expertise et de la technologie du Japon pour proc\u00e9der \u00e0 la transformation locale desdits minerais\u00a0 en vue de constituer une cha\u00eene des valeurs.\u00a0<\/p>\n\n\n\n<figure class=\"wp-block-image size-full\"><img loading=\"lazy\" decoding=\"async\" width=\"1000\" height=\"667\" src=\"https:\/\/mines.gouv.cd\/fr\/wp-content\/uploads\/2022\/12\/WhatsApp-Image-2022-12-09-at-12.47.02.jpeg\" alt=\"\" class=\"wp-image-1233\" srcset=\"https:\/\/mines.gouv.cd\/fr\/wp-content\/uploads\/2022\/12\/WhatsApp-Image-2022-12-09-at-12.47.02.jpeg 1000w, https:\/\/mines.gouv.cd\/fr\/wp-content\/uploads\/2022\/12\/WhatsApp-Image-2022-12-09-at-12.47.02-300x200.jpeg 300w, https:\/\/mines.gouv.cd\/fr\/wp-content\/uploads\/2022\/12\/WhatsApp-Image-2022-12-09-at-12.47.02-768x512.jpeg 768w, https:\/\/mines.gouv.cd\/fr\/wp-content\/uploads\/2022\/12\/WhatsApp-Image-2022-12-09-at-12.47.02-696x464.jpeg 696w, https:\/\/mines.gouv.cd\/fr\/wp-content\/uploads\/2022\/12\/WhatsApp-Image-2022-12-09-at-12.47.02-630x420.jpeg 630w, https:\/\/mines.gouv.cd\/fr\/wp-content\/uploads\/2022\/12\/WhatsApp-Image-2022-12-09-at-12.47.02-600x400.jpeg 600w\" sizes=\"auto, (max-width: 1000px) 100vw, 1000px\" \/><\/figure>\n\n\n\n<p>Pour conclure, YUKI SADAMITSU a rassur\u00e9 la Ministre Congolaise des Mines que le Japon s&rsquo;occupera aussi du volet social \u00e0 travers la construction des h\u00f4pitaux, des \u00e9coles et des routes afin de booster le d\u00e9veloppement communautaire .<\/p>\n\n\n\n<p>Il sied de signifier que la d\u00e9l\u00e9gation Congolaise qui avait \u00e0 sa t\u00eate la Ministre des Mines \u00e9tait constitu\u00e9e de la Conseill\u00e8re Principale du Chef de l&rsquo;Etat, F\u00e9lix-Antoine TSHISEKEDI TSHILOMBO et Coordinatrice de la Task force Japon, Madame Kelly LUNDA MAWAYA,&nbsp; du Secr\u00e9taire G\u00e9n\u00e9ral aux Mines, Jacques RAMAZANI et du Charg\u00e9 d&rsquo;Affaires de l&rsquo;Ambassade de la RDC au Japon, Esp\u00e9-Martin KAPONGO KAPONGO et du Consultant \u00e0 l&rsquo;ambassade de la RDC au Japon, Pr LUKUMWENA NSENDA.<\/p>\n\n\n\n<p>Cellcom<\/p>\n","protected":false},"excerpt":{"rendered":"<p>Le mercredi 7 D\u00e9cembre 2022, un d\u00e9jeuner d\u2019affaires, dans un restaurant&nbsp;&nbsp; Japonais a r\u00e9uni autour d&rsquo;une table&nbsp; la d\u00e9l\u00e9gation Congolaise, conduite par la Ministre des Mines, Antoinette N&rsquo;SAMBA KALAMBAYI et les responsables de l&rsquo;Agence des Ressources Naturelles et Combustibles ainsi que ceux de JOGMEC, structures&nbsp;&nbsp; sous tutelle du minist\u00e8re japonais de l&rsquo;Economie, Commerce et Industrie, [&hellip;]<\/p>\n","protected":false},"author":1,"featured_media":1232,"comment_status":"closed","ping_status":"open","sticky":false,"template":"","format":"standard","meta":{"tdm_status":"","tdm_grid_status":"","footnotes":""},"categories":[89,85,80,86,81],"tags":[],"class_list":{"0":"post-1235","1":"post","2":"type-post","3":"status-publish","4":"format-standard","5":"has-post-thumbnail","7":"category-a-la-une","8":"category-actualite","9":"category-bonne-gouvernance","10":"category-cuivre-cobalt","11":"category-investissement"},"amp_enabled":true,"_links":{"self":[{"href":"https:\/\/mines.gouv.cd\/fr\/wp-json\/wp\/v2\/posts\/1235","targetHints":{"allow":["GET"]}}],"collection":[{"href":"https:\/\/mines.gouv.cd\/fr\/wp-json\/wp\/v2\/posts"}],"about":[{"href":"https:\/\/mines.gouv.cd\/fr\/wp-json\/wp\/v2\/types\/post"}],"author":[{"embeddable":true,"href":"https:\/\/mines.gouv.cd\/fr\/wp-json\/wp\/v2\/users\/1"}],"replies":[{"embeddable":true,"href":"https:\/\/mines.gouv.cd\/fr\/wp-json\/wp\/v2\/comments?post=1235"}],"version-history":[{"count":1,"href":"https:\/\/mines.gouv.cd\/fr\/wp-json\/wp\/v2\/posts\/1235\/revisions"}],"predecessor-version":[{"id":1236,"href":"https:\/\/mines.gouv.cd\/fr\/wp-json\/wp\/v2\/posts\/1235\/revisions\/1236"}],"wp:featuredmedia":[{"embeddable":true,"href":"https:\/\/mines.gouv.cd\/fr\/wp-json\/wp\/v2\/media\/1232"}],"wp:attachment":[{"href":"https:\/\/mines.gouv.cd\/fr\/wp-json\/wp\/v2\/media?parent=1235"}],"wp:term":[{"taxonomy":"category","embeddable":true,"href":"https:\/\/mines.gouv.cd\/fr\/wp-json\/wp\/v2\/categories?post=1235"},{"taxonomy":"post_tag","embeddable":true,"href":"https:\/\/mines.gouv.cd\/fr\/wp-json\/wp\/v2\/tags?post=1235"}],"curies":[{"name":"wp","href":"https:\/\/api.w.org\/{rel}","templated":true}]}}