{"id":1228,"date":"2022-12-09T13:55:52","date_gmt":"2022-12-09T12:55:52","guid":{"rendered":"https:\/\/mines.gouv.cd\/fr\/?p=1228"},"modified":"2022-12-09T13:55:55","modified_gmt":"2022-12-09T12:55:55","slug":"rdc-japon-en-sejour-au-japon-antoinette-nsamba-kalambayi-preside-une-reunion-en-prelude-de-la-rencontre-avec-les-membres-du-gouvernement-nippon","status":"publish","type":"post","link":"https:\/\/mines.gouv.cd\/fr\/2022\/12\/09\/rdc-japon-en-sejour-au-japon-antoinette-nsamba-kalambayi-preside-une-reunion-en-prelude-de-la-rencontre-avec-les-membres-du-gouvernement-nippon\/","title":{"rendered":"<strong>RDC-Japon: En s\u00e9jour au Japon, Antoinette N&rsquo;Samba Kalambayi\u00a0 pr\u00e9side une r\u00e9union\u00a0 en pr\u00e9lude de la rencontre avec les membres du gouvernement Nippon<\/strong>"},"content":{"rendered":"<div id=\"fb-root\"><\/div>\n\n<p>C&rsquo;est depuis le dimanche 4 d\u00e9cembre 2022 qu&rsquo;une d\u00e9l\u00e9gation de la RDC s\u00e9journe au Japon dans le cadre d&rsquo;une mission officielle,&nbsp; Conduite par&nbsp; la ministre des Mines, Antoinette N&rsquo;Samba Kalambayi. Dans sa gibeci\u00e8re, on y trouve les opportunit\u00e9s d&rsquo;investissement qu&rsquo;offre la RDC dans le secteur minier \u00e0&nbsp;&nbsp; pr\u00e9senter aux op\u00e9rateurs \u00e9conomiques&nbsp; japonais.<\/p>\n\n\n\n<p>C&rsquo;est dans cette optique que la patronne des mines a pr\u00e9sid\u00e9\u00a0 ce mardi 6 D\u00e9cembre2022 une r\u00e9union \u00e0 l&rsquo;ambassade de la RDC,\u00a0 au pays du soleil levant, avec les diff\u00e9rents responsables des services sp\u00e9cialis\u00e9s du minist\u00e8re des Mines et le task force de la pr\u00e9sidence.<\/p>\n\n\n\n<figure class=\"wp-block-gallery has-nested-images columns-default is-cropped wp-block-gallery-1 is-layout-flex wp-block-gallery-is-layout-flex\">\n<figure class=\"wp-block-image size-large\"><img loading=\"lazy\" decoding=\"async\" width=\"1000\" height=\"667\" data-id=\"1231\" src=\"https:\/\/mines.gouv.cd\/fr\/wp-content\/uploads\/2022\/12\/WhatsApp-Image-2022-12-09-at-12.44.56.jpeg\" alt=\"\" class=\"wp-image-1231\" srcset=\"https:\/\/mines.gouv.cd\/fr\/wp-content\/uploads\/2022\/12\/WhatsApp-Image-2022-12-09-at-12.44.56.jpeg 1000w, https:\/\/mines.gouv.cd\/fr\/wp-content\/uploads\/2022\/12\/WhatsApp-Image-2022-12-09-at-12.44.56-300x200.jpeg 300w, https:\/\/mines.gouv.cd\/fr\/wp-content\/uploads\/2022\/12\/WhatsApp-Image-2022-12-09-at-12.44.56-768x512.jpeg 768w, https:\/\/mines.gouv.cd\/fr\/wp-content\/uploads\/2022\/12\/WhatsApp-Image-2022-12-09-at-12.44.56-696x464.jpeg 696w, https:\/\/mines.gouv.cd\/fr\/wp-content\/uploads\/2022\/12\/WhatsApp-Image-2022-12-09-at-12.44.56-630x420.jpeg 630w, https:\/\/mines.gouv.cd\/fr\/wp-content\/uploads\/2022\/12\/WhatsApp-Image-2022-12-09-at-12.44.56-600x400.jpeg 600w\" sizes=\"auto, (max-width: 1000px) 100vw, 1000px\" \/><\/figure>\n<\/figure>\n\n\n\n<p>Il s&rsquo;est agi d&rsquo;une r\u00e9union pr\u00e9paratoire , en pr\u00e9lude de la rencontre bilat\u00e9rale avec les membres du gouvernement nippon qui comptent investir en RDC&nbsp;&nbsp; dans le domaine Minier.<\/p>\n\n\n\n<p>Il&nbsp; y est pr\u00e9vu&nbsp; la signature de la d\u00e9claration conjointe entre le minist\u00e8re des mines de la RDC et celui de l&rsquo;\u00e9conomie, commerce et industrie du japon.<\/p>\n\n\n\n<p>Tr\u00e8s charg\u00e9, l&rsquo;agenda du num\u00e9ro 1 des Mines pr\u00e9voit une r\u00e9union avec les chefs d&rsquo;entreprises dont Toyota Tshusho ainsi qu&rsquo;une visite \u00e0 l&rsquo;entreprise Hitashi.<\/p>\n\n\n\n<p>Cellcom<\/p>\n","protected":false},"excerpt":{"rendered":"<p>C&rsquo;est depuis le dimanche 4 d\u00e9cembre 2022 qu&rsquo;une d\u00e9l\u00e9gation de la RDC s\u00e9journe au Japon dans le cadre d&rsquo;une mission officielle,&nbsp; Conduite par&nbsp; la ministre des Mines, Antoinette N&rsquo;Samba Kalambayi. Dans sa gibeci\u00e8re, on y trouve les opportunit\u00e9s d&rsquo;investissement qu&rsquo;offre la RDC dans le secteur minier \u00e0&nbsp;&nbsp; pr\u00e9senter aux op\u00e9rateurs \u00e9conomiques&nbsp; japonais. C&rsquo;est dans cette [&hellip;]<\/p>\n","protected":false},"author":1,"featured_media":1230,"comment_status":"closed","ping_status":"open","sticky":false,"template":"","format":"standard","meta":{"tdm_status":"","tdm_grid_status":"","footnotes":""},"categories":[89,85,86,81],"tags":[],"class_list":{"0":"post-1228","1":"post","2":"type-post","3":"status-publish","4":"format-standard","5":"has-post-thumbnail","7":"category-a-la-une","8":"category-actualite","9":"category-cuivre-cobalt","10":"category-investissement"},"amp_enabled":true,"_links":{"self":[{"href":"https:\/\/mines.gouv.cd\/fr\/wp-json\/wp\/v2\/posts\/1228","targetHints":{"allow":["GET"]}}],"collection":[{"href":"https:\/\/mines.gouv.cd\/fr\/wp-json\/wp\/v2\/posts"}],"about":[{"href":"https:\/\/mines.gouv.cd\/fr\/wp-json\/wp\/v2\/types\/post"}],"author":[{"embeddable":true,"href":"https:\/\/mines.gouv.cd\/fr\/wp-json\/wp\/v2\/users\/1"}],"replies":[{"embeddable":true,"href":"https:\/\/mines.gouv.cd\/fr\/wp-json\/wp\/v2\/comments?post=1228"}],"version-history":[{"count":1,"href":"https:\/\/mines.gouv.cd\/fr\/wp-json\/wp\/v2\/posts\/1228\/revisions"}],"predecessor-version":[{"id":1234,"href":"https:\/\/mines.gouv.cd\/fr\/wp-json\/wp\/v2\/posts\/1228\/revisions\/1234"}],"wp:featuredmedia":[{"embeddable":true,"href":"https:\/\/mines.gouv.cd\/fr\/wp-json\/wp\/v2\/media\/1230"}],"wp:attachment":[{"href":"https:\/\/mines.gouv.cd\/fr\/wp-json\/wp\/v2\/media?parent=1228"}],"wp:term":[{"taxonomy":"category","embeddable":true,"href":"https:\/\/mines.gouv.cd\/fr\/wp-json\/wp\/v2\/categories?post=1228"},{"taxonomy":"post_tag","embeddable":true,"href":"https:\/\/mines.gouv.cd\/fr\/wp-json\/wp\/v2\/tags?post=1228"}],"curies":[{"name":"wp","href":"https:\/\/api.w.org\/{rel}","templated":true}]}}