{"id":1206,"date":"2022-11-23T11:41:53","date_gmt":"2022-11-23T10:41:53","guid":{"rendered":"https:\/\/mines.gouv.cd\/fr\/?p=1206"},"modified":"2022-11-23T11:41:56","modified_gmt":"2022-11-23T10:41:56","slug":"en-prevision-du-drc-mining-week-au-mois-de-juin-2023-a-lubumbashi-antoinette-nsamba-kalambayi-a-pris-langue-avec-la-delegation-de-vuka-group","status":"publish","type":"post","link":"https:\/\/mines.gouv.cd\/fr\/2022\/11\/23\/en-prevision-du-drc-mining-week-au-mois-de-juin-2023-a-lubumbashi-antoinette-nsamba-kalambayi-a-pris-langue-avec-la-delegation-de-vuka-group\/","title":{"rendered":"En pr\u00e9vision du DRC Mining Week au mois de Juin 2023 \u00e0 Lubumbashi: Antoinette N&rsquo;Samba Kalambayi a pris langue avec la d\u00e9l\u00e9gation de Vuka Group"},"content":{"rendered":"<div id=\"fb-root\"><\/div>\n\n<p>Une d\u00e9l\u00e9gation de Vuka Group conduite par son \u00c9vent Manager, Patricia Kazaka a \u00e9t\u00e9 re\u00e7ue en audience ce Mardi 22 Novembre 2022 par la Ministre nationale en charge des mines, Antoinette N&rsquo;Samba Kalambayi dans son cabinet de travail \u00e0 Kinshasa Gombe.<\/p>\n\n\n\n<p>Au centre des \u00e9changes le rapport post \u00e9v\u00e9nementiel du DRC Mining Week (semaine mini\u00e8re de la RDC), organis\u00e9 en Juin 2022 \u00e0 Lubumbashi, Chef lieu de la province du Haut-Katanga.<br>Patricia Kazaka a, \u00e0 cette occasion, remis \u00e0 la patronne des mines, une invitation pour le lancement de la semaine mini\u00e8re qui aura lieu \u00e0 Lubumbashi du 14 au 16 Juin 2023 sur les minerais strat\u00e9giques intervenant dans la fabrication des batteries \u00e9lectriques.<\/p>\n\n\n\n<figure class=\"wp-block-gallery has-nested-images columns-default is-cropped wp-block-gallery-1 is-layout-flex wp-block-gallery-is-layout-flex\">\n<figure class=\"wp-block-image size-large\"><img loading=\"lazy\" decoding=\"async\" width=\"1000\" height=\"667\" data-id=\"1208\" src=\"https:\/\/mines.gouv.cd\/fr\/wp-content\/uploads\/2022\/11\/WhatsApp-Image-2022-11-23-at-10.04.571.jpeg\" alt=\"\" class=\"wp-image-1208\" srcset=\"https:\/\/mines.gouv.cd\/fr\/wp-content\/uploads\/2022\/11\/WhatsApp-Image-2022-11-23-at-10.04.571.jpeg 1000w, https:\/\/mines.gouv.cd\/fr\/wp-content\/uploads\/2022\/11\/WhatsApp-Image-2022-11-23-at-10.04.571-300x200.jpeg 300w, https:\/\/mines.gouv.cd\/fr\/wp-content\/uploads\/2022\/11\/WhatsApp-Image-2022-11-23-at-10.04.571-768x512.jpeg 768w, https:\/\/mines.gouv.cd\/fr\/wp-content\/uploads\/2022\/11\/WhatsApp-Image-2022-11-23-at-10.04.571-696x464.jpeg 696w, https:\/\/mines.gouv.cd\/fr\/wp-content\/uploads\/2022\/11\/WhatsApp-Image-2022-11-23-at-10.04.571-630x420.jpeg 630w, https:\/\/mines.gouv.cd\/fr\/wp-content\/uploads\/2022\/11\/WhatsApp-Image-2022-11-23-at-10.04.571-600x400.jpeg 600w\" sizes=\"auto, (max-width: 1000px) 100vw, 1000px\" \/><\/figure>\n<\/figure>\n\n\n\n<p>Au sortir de l&rsquo;audience, Mme Patricia Kazaka s&rsquo;est exprim\u00e9e en ces termes:<br>\u00a0\u00bb Nous sommes tr\u00e8s heureux d&rsquo;\u00eatre re\u00e7us par Son Excellence Madame la Ministre des mines, Antoinette N&rsquo;Samba Kalambayi. Nous avons \u00e9chang\u00e9 sur le lancement du projet portant sur les minerais de la transition \u00e9nerg\u00e9tique, notamment les m\u00e9taux intervenant dans fabrication des voitures du futur,, les voitures \u00e9lectriques . Actuellement, il y a une demande de plus en plus croissante des minerais intervenant dans la production des batteries des voitures \u00e9lectriques et la RDC regorge 5 types de ces minerais strat\u00e9giques ( cobalt, lithium, nickel, .. ).<br>Voil\u00e0 pourquoi, nous envisageons l&rsquo;organisation d&rsquo;un forum pour faciliter l&rsquo;essor du secteur minier en ce qui concerne les minerais de la transition \u00e9nerg\u00e9tique en Afrique avec un focus sur la RDC \u00ab\u00a0, pr\u00e9cise-t-elle.<\/p>\n\n\n\n<p>Ainsi rench\u00e9rit, Patricia Kazaka, Vuka Group est une structure organisationnelle de la conf\u00e9rence mini\u00e8re \u00ab\u00a0DRC Mining Week\u00a0\u00bb, elle est install\u00e9e \u00e0 Cape town en Afrique du Sud.<\/p>\n\n\n\n<figure class=\"wp-block-image size-full\"><img loading=\"lazy\" decoding=\"async\" width=\"1000\" height=\"667\" src=\"https:\/\/mines.gouv.cd\/fr\/wp-content\/uploads\/2022\/11\/WhatsApp-Image-2022-11-23-at-10.04.58.jpeg\" alt=\"\" class=\"wp-image-1207\" srcset=\"https:\/\/mines.gouv.cd\/fr\/wp-content\/uploads\/2022\/11\/WhatsApp-Image-2022-11-23-at-10.04.58.jpeg 1000w, https:\/\/mines.gouv.cd\/fr\/wp-content\/uploads\/2022\/11\/WhatsApp-Image-2022-11-23-at-10.04.58-300x200.jpeg 300w, https:\/\/mines.gouv.cd\/fr\/wp-content\/uploads\/2022\/11\/WhatsApp-Image-2022-11-23-at-10.04.58-768x512.jpeg 768w, https:\/\/mines.gouv.cd\/fr\/wp-content\/uploads\/2022\/11\/WhatsApp-Image-2022-11-23-at-10.04.58-696x464.jpeg 696w, https:\/\/mines.gouv.cd\/fr\/wp-content\/uploads\/2022\/11\/WhatsApp-Image-2022-11-23-at-10.04.58-630x420.jpeg 630w, https:\/\/mines.gouv.cd\/fr\/wp-content\/uploads\/2022\/11\/WhatsApp-Image-2022-11-23-at-10.04.58-600x400.jpeg 600w\" sizes=\"auto, (max-width: 1000px) 100vw, 1000px\" \/><\/figure>\n\n\n\n<p>La Ministre des Mines, Antoinette N\u2019Samba Kalambayi qui a beaucoup appr\u00e9ci\u00e9 cette rencontre tr\u00e8s fructueuse<br>a expliqu\u00e9 \u00e0 ses h\u00f4tes que son Minist\u00e8re prend part active \u00e0 cet \u00e9v\u00e9nement depuis dix sept ans.<br>Elle souhaite l&rsquo;accompagnement de mani\u00e8re transversale des minist\u00e8res sectoriels dont : l&rsquo;Industrie, l&rsquo;\u00c9conomie, l&rsquo;environnement.<\/p>\n\n\n\n<figure class=\"wp-block-image size-full\"><img loading=\"lazy\" decoding=\"async\" width=\"881\" height=\"1000\" src=\"https:\/\/mines.gouv.cd\/fr\/wp-content\/uploads\/2022\/11\/WhatsApp-Image-2022-11-23-at-10.04.57.jpeg\" alt=\"\" class=\"wp-image-1210\" srcset=\"https:\/\/mines.gouv.cd\/fr\/wp-content\/uploads\/2022\/11\/WhatsApp-Image-2022-11-23-at-10.04.57.jpeg 881w, https:\/\/mines.gouv.cd\/fr\/wp-content\/uploads\/2022\/11\/WhatsApp-Image-2022-11-23-at-10.04.57-264x300.jpeg 264w, https:\/\/mines.gouv.cd\/fr\/wp-content\/uploads\/2022\/11\/WhatsApp-Image-2022-11-23-at-10.04.57-768x872.jpeg 768w, https:\/\/mines.gouv.cd\/fr\/wp-content\/uploads\/2022\/11\/WhatsApp-Image-2022-11-23-at-10.04.57-696x790.jpeg 696w, https:\/\/mines.gouv.cd\/fr\/wp-content\/uploads\/2022\/11\/WhatsApp-Image-2022-11-23-at-10.04.57-370x420.jpeg 370w, https:\/\/mines.gouv.cd\/fr\/wp-content\/uploads\/2022\/11\/WhatsApp-Image-2022-11-23-at-10.04.57-600x681.jpeg 600w\" sizes=\"auto, (max-width: 881px) 100vw, 881px\" \/><\/figure>\n\n\n\n<p>Cellcom.<\/p>\n\n\n\n<p><br><\/p>\n","protected":false},"excerpt":{"rendered":"<p>Une d\u00e9l\u00e9gation de Vuka Group conduite par son \u00c9vent Manager, Patricia Kazaka a \u00e9t\u00e9 re\u00e7ue en audience ce Mardi 22 Novembre 2022 par la Ministre nationale en charge des mines, Antoinette N&rsquo;Samba Kalambayi dans son cabinet de travail \u00e0 Kinshasa Gombe. Au centre des \u00e9changes le rapport post \u00e9v\u00e9nementiel du DRC Mining Week (semaine mini\u00e8re [&hellip;]<\/p>\n","protected":false},"author":1,"featured_media":1209,"comment_status":"closed","ping_status":"open","sticky":false,"template":"","format":"standard","meta":{"tdm_status":"","tdm_grid_status":"","footnotes":""},"categories":[89,85,80,81,83],"tags":[],"class_list":{"0":"post-1206","1":"post","2":"type-post","3":"status-publish","4":"format-standard","5":"has-post-thumbnail","7":"category-a-la-une","8":"category-actualite","9":"category-bonne-gouvernance","10":"category-investissement","11":"category-transparence"},"amp_enabled":true,"_links":{"self":[{"href":"https:\/\/mines.gouv.cd\/fr\/wp-json\/wp\/v2\/posts\/1206","targetHints":{"allow":["GET"]}}],"collection":[{"href":"https:\/\/mines.gouv.cd\/fr\/wp-json\/wp\/v2\/posts"}],"about":[{"href":"https:\/\/mines.gouv.cd\/fr\/wp-json\/wp\/v2\/types\/post"}],"author":[{"embeddable":true,"href":"https:\/\/mines.gouv.cd\/fr\/wp-json\/wp\/v2\/users\/1"}],"replies":[{"embeddable":true,"href":"https:\/\/mines.gouv.cd\/fr\/wp-json\/wp\/v2\/comments?post=1206"}],"version-history":[{"count":1,"href":"https:\/\/mines.gouv.cd\/fr\/wp-json\/wp\/v2\/posts\/1206\/revisions"}],"predecessor-version":[{"id":1211,"href":"https:\/\/mines.gouv.cd\/fr\/wp-json\/wp\/v2\/posts\/1206\/revisions\/1211"}],"wp:featuredmedia":[{"embeddable":true,"href":"https:\/\/mines.gouv.cd\/fr\/wp-json\/wp\/v2\/media\/1209"}],"wp:attachment":[{"href":"https:\/\/mines.gouv.cd\/fr\/wp-json\/wp\/v2\/media?parent=1206"}],"wp:term":[{"taxonomy":"category","embeddable":true,"href":"https:\/\/mines.gouv.cd\/fr\/wp-json\/wp\/v2\/categories?post=1206"},{"taxonomy":"post_tag","embeddable":true,"href":"https:\/\/mines.gouv.cd\/fr\/wp-json\/wp\/v2\/tags?post=1206"}],"curies":[{"name":"wp","href":"https:\/\/api.w.org\/{rel}","templated":true}]}}