{"id":1195,"date":"2022-11-18T13:26:11","date_gmt":"2022-11-18T12:26:11","guid":{"rendered":"https:\/\/mines.gouv.cd\/fr\/?p=1195"},"modified":"2022-11-18T13:26:17","modified_gmt":"2022-11-18T12:26:17","slug":"la-banque-mondiale-tient-a-sinvestir-dans-les-reformes-du-secteur-minier-en-rdc","status":"publish","type":"post","link":"https:\/\/mines.gouv.cd\/fr\/2022\/11\/18\/la-banque-mondiale-tient-a-sinvestir-dans-les-reformes-du-secteur-minier-en-rdc\/","title":{"rendered":"La Banque mondiale tient \u00e0 s&rsquo;investir dans les r\u00e9formes du secteur minier en RDC"},"content":{"rendered":"<div id=\"fb-root\"><\/div>\n\n<p>Ce jeudi 17 novembre 2022, la Ministre des Mines, Antoinette N&rsquo;Samba Kalambayi a re\u00e7u dans son cabinet de travail le Directeur pays de la Banque mondiale, M. Albert G. Zeufack.<\/p>\n\n\n\n<p>Les entretiens entre ces deux personnalit\u00e9s font suite \u00e0 la rencontre du 1er octobre 2022, portant sur les promesses de cette institution financi\u00e8re d&rsquo;accompagner le Minist\u00e8re en termes de consultance en vue d&rsquo;apporter certaines r\u00e9formes dans le secteur minier.<\/p>\n\n\n\n<figure class=\"wp-block-image size-large\"><img loading=\"lazy\" decoding=\"async\" width=\"1024\" height=\"683\" src=\"https:\/\/mines.gouv.cd\/fr\/wp-content\/uploads\/2022\/11\/WhatsApp-Image-2022-11-18-at-13.14.471-1024x683.jpeg\" alt=\"\" class=\"wp-image-1200\" srcset=\"https:\/\/mines.gouv.cd\/fr\/wp-content\/uploads\/2022\/11\/WhatsApp-Image-2022-11-18-at-13.14.471-1024x683.jpeg 1024w, https:\/\/mines.gouv.cd\/fr\/wp-content\/uploads\/2022\/11\/WhatsApp-Image-2022-11-18-at-13.14.471-300x200.jpeg 300w, https:\/\/mines.gouv.cd\/fr\/wp-content\/uploads\/2022\/11\/WhatsApp-Image-2022-11-18-at-13.14.471-768x512.jpeg 768w, https:\/\/mines.gouv.cd\/fr\/wp-content\/uploads\/2022\/11\/WhatsApp-Image-2022-11-18-at-13.14.471-696x464.jpeg 696w, https:\/\/mines.gouv.cd\/fr\/wp-content\/uploads\/2022\/11\/WhatsApp-Image-2022-11-18-at-13.14.471-1068x712.jpeg 1068w, https:\/\/mines.gouv.cd\/fr\/wp-content\/uploads\/2022\/11\/WhatsApp-Image-2022-11-18-at-13.14.471-630x420.jpeg 630w, https:\/\/mines.gouv.cd\/fr\/wp-content\/uploads\/2022\/11\/WhatsApp-Image-2022-11-18-at-13.14.471-600x400.jpeg 600w, https:\/\/mines.gouv.cd\/fr\/wp-content\/uploads\/2022\/11\/WhatsApp-Image-2022-11-18-at-13.14.471.jpeg 1080w\" sizes=\"auto, (max-width: 1024px) 100vw, 1024px\" \/><\/figure>\n\n\n\n<p>A ce sujet, une mission technique de cette Institution financi\u00e8re est attendue dans les prochains jours en RDC pour travailler en collaboration avec les experts du Minist\u00e8re.<\/p>\n\n\n\n<p>Pour le Directeur des op\u00e9rations de la Banque mondiale, apr\u00e8s cet entretien fructueux et prometteur, la patronne des Mines s&rsquo;est montr\u00e9e tr\u00e8s receptive envers son h\u00f4te.<\/p>\n\n\n\n<figure class=\"wp-block-image size-large\"><img loading=\"lazy\" decoding=\"async\" width=\"1024\" height=\"683\" src=\"https:\/\/mines.gouv.cd\/fr\/wp-content\/uploads\/2022\/11\/WhatsApp-Image-2022-11-18-at-13.14.46-1024x683.jpeg\" alt=\"\" class=\"wp-image-1196\" srcset=\"https:\/\/mines.gouv.cd\/fr\/wp-content\/uploads\/2022\/11\/WhatsApp-Image-2022-11-18-at-13.14.46-1024x683.jpeg 1024w, https:\/\/mines.gouv.cd\/fr\/wp-content\/uploads\/2022\/11\/WhatsApp-Image-2022-11-18-at-13.14.46-300x200.jpeg 300w, https:\/\/mines.gouv.cd\/fr\/wp-content\/uploads\/2022\/11\/WhatsApp-Image-2022-11-18-at-13.14.46-768x512.jpeg 768w, https:\/\/mines.gouv.cd\/fr\/wp-content\/uploads\/2022\/11\/WhatsApp-Image-2022-11-18-at-13.14.46-696x464.jpeg 696w, https:\/\/mines.gouv.cd\/fr\/wp-content\/uploads\/2022\/11\/WhatsApp-Image-2022-11-18-at-13.14.46-1068x712.jpeg 1068w, https:\/\/mines.gouv.cd\/fr\/wp-content\/uploads\/2022\/11\/WhatsApp-Image-2022-11-18-at-13.14.46-630x420.jpeg 630w, https:\/\/mines.gouv.cd\/fr\/wp-content\/uploads\/2022\/11\/WhatsApp-Image-2022-11-18-at-13.14.46-600x400.jpeg 600w, https:\/\/mines.gouv.cd\/fr\/wp-content\/uploads\/2022\/11\/WhatsApp-Image-2022-11-18-at-13.14.46.jpeg 1080w\" sizes=\"auto, (max-width: 1024px) 100vw, 1024px\" \/><\/figure>\n\n\n\n<p>Cellcom<\/p>\n\n\n\n<figure class=\"wp-block-gallery has-nested-images columns-default is-cropped wp-block-gallery-1 is-layout-flex wp-block-gallery-is-layout-flex\">\n<figure class=\"wp-block-image size-large\"><img loading=\"lazy\" decoding=\"async\" width=\"1024\" height=\"683\" data-id=\"1198\" src=\"https:\/\/mines.gouv.cd\/fr\/wp-content\/uploads\/2022\/11\/WhatsApp-Image-2022-11-18-at-13.14.461-1024x683.jpeg\" alt=\"\" class=\"wp-image-1198\" srcset=\"https:\/\/mines.gouv.cd\/fr\/wp-content\/uploads\/2022\/11\/WhatsApp-Image-2022-11-18-at-13.14.461-1024x683.jpeg 1024w, https:\/\/mines.gouv.cd\/fr\/wp-content\/uploads\/2022\/11\/WhatsApp-Image-2022-11-18-at-13.14.461-300x200.jpeg 300w, https:\/\/mines.gouv.cd\/fr\/wp-content\/uploads\/2022\/11\/WhatsApp-Image-2022-11-18-at-13.14.461-768x512.jpeg 768w, https:\/\/mines.gouv.cd\/fr\/wp-content\/uploads\/2022\/11\/WhatsApp-Image-2022-11-18-at-13.14.461-696x464.jpeg 696w, https:\/\/mines.gouv.cd\/fr\/wp-content\/uploads\/2022\/11\/WhatsApp-Image-2022-11-18-at-13.14.461-1068x712.jpeg 1068w, https:\/\/mines.gouv.cd\/fr\/wp-content\/uploads\/2022\/11\/WhatsApp-Image-2022-11-18-at-13.14.461-630x420.jpeg 630w, https:\/\/mines.gouv.cd\/fr\/wp-content\/uploads\/2022\/11\/WhatsApp-Image-2022-11-18-at-13.14.461-600x400.jpeg 600w, https:\/\/mines.gouv.cd\/fr\/wp-content\/uploads\/2022\/11\/WhatsApp-Image-2022-11-18-at-13.14.461.jpeg 1080w\" sizes=\"auto, (max-width: 1024px) 100vw, 1024px\" \/><\/figure>\n\n\n\n<figure class=\"wp-block-image size-large\"><img loading=\"lazy\" decoding=\"async\" width=\"1024\" height=\"683\" data-id=\"1199\" src=\"https:\/\/mines.gouv.cd\/fr\/wp-content\/uploads\/2022\/11\/WhatsApp-Image-2022-11-18-at-13.14.47-1024x683.jpeg\" alt=\"\" class=\"wp-image-1199\" srcset=\"https:\/\/mines.gouv.cd\/fr\/wp-content\/uploads\/2022\/11\/WhatsApp-Image-2022-11-18-at-13.14.47-1024x683.jpeg 1024w, https:\/\/mines.gouv.cd\/fr\/wp-content\/uploads\/2022\/11\/WhatsApp-Image-2022-11-18-at-13.14.47-300x200.jpeg 300w, https:\/\/mines.gouv.cd\/fr\/wp-content\/uploads\/2022\/11\/WhatsApp-Image-2022-11-18-at-13.14.47-768x512.jpeg 768w, https:\/\/mines.gouv.cd\/fr\/wp-content\/uploads\/2022\/11\/WhatsApp-Image-2022-11-18-at-13.14.47-696x464.jpeg 696w, https:\/\/mines.gouv.cd\/fr\/wp-content\/uploads\/2022\/11\/WhatsApp-Image-2022-11-18-at-13.14.47-1068x712.jpeg 1068w, https:\/\/mines.gouv.cd\/fr\/wp-content\/uploads\/2022\/11\/WhatsApp-Image-2022-11-18-at-13.14.47-630x420.jpeg 630w, https:\/\/mines.gouv.cd\/fr\/wp-content\/uploads\/2022\/11\/WhatsApp-Image-2022-11-18-at-13.14.47-600x400.jpeg 600w, https:\/\/mines.gouv.cd\/fr\/wp-content\/uploads\/2022\/11\/WhatsApp-Image-2022-11-18-at-13.14.47.jpeg 1080w\" sizes=\"auto, (max-width: 1024px) 100vw, 1024px\" \/><\/figure>\n<\/figure>\n","protected":false},"excerpt":{"rendered":"<p>Ce jeudi 17 novembre 2022, la Ministre des Mines, Antoinette N&rsquo;Samba Kalambayi a re\u00e7u dans son cabinet de travail le Directeur pays de la Banque mondiale, M. Albert G. Zeufack. Les entretiens entre ces deux personnalit\u00e9s font suite \u00e0 la rencontre du 1er octobre 2022, portant sur les promesses de cette institution financi\u00e8re d&rsquo;accompagner le [&hellip;]<\/p>\n","protected":false},"author":1,"featured_media":1197,"comment_status":"closed","ping_status":"open","sticky":false,"template":"","format":"standard","meta":{"tdm_status":"","tdm_grid_status":"","footnotes":""},"categories":[89,85,81,84],"tags":[],"class_list":{"0":"post-1195","1":"post","2":"type-post","3":"status-publish","4":"format-standard","5":"has-post-thumbnail","7":"category-a-la-une","8":"category-actualite","9":"category-investissement","10":"category-vulgarisation"},"amp_enabled":true,"_links":{"self":[{"href":"https:\/\/mines.gouv.cd\/fr\/wp-json\/wp\/v2\/posts\/1195","targetHints":{"allow":["GET"]}}],"collection":[{"href":"https:\/\/mines.gouv.cd\/fr\/wp-json\/wp\/v2\/posts"}],"about":[{"href":"https:\/\/mines.gouv.cd\/fr\/wp-json\/wp\/v2\/types\/post"}],"author":[{"embeddable":true,"href":"https:\/\/mines.gouv.cd\/fr\/wp-json\/wp\/v2\/users\/1"}],"replies":[{"embeddable":true,"href":"https:\/\/mines.gouv.cd\/fr\/wp-json\/wp\/v2\/comments?post=1195"}],"version-history":[{"count":1,"href":"https:\/\/mines.gouv.cd\/fr\/wp-json\/wp\/v2\/posts\/1195\/revisions"}],"predecessor-version":[{"id":1201,"href":"https:\/\/mines.gouv.cd\/fr\/wp-json\/wp\/v2\/posts\/1195\/revisions\/1201"}],"wp:featuredmedia":[{"embeddable":true,"href":"https:\/\/mines.gouv.cd\/fr\/wp-json\/wp\/v2\/media\/1197"}],"wp:attachment":[{"href":"https:\/\/mines.gouv.cd\/fr\/wp-json\/wp\/v2\/media?parent=1195"}],"wp:term":[{"taxonomy":"category","embeddable":true,"href":"https:\/\/mines.gouv.cd\/fr\/wp-json\/wp\/v2\/categories?post=1195"},{"taxonomy":"post_tag","embeddable":true,"href":"https:\/\/mines.gouv.cd\/fr\/wp-json\/wp\/v2\/tags?post=1195"}],"curies":[{"name":"wp","href":"https:\/\/api.w.org\/{rel}","templated":true}]}}