{"id":1188,"date":"2022-11-17T10:39:49","date_gmt":"2022-11-17T09:39:49","guid":{"rendered":"https:\/\/mines.gouv.cd\/fr\/?p=1188"},"modified":"2022-11-17T10:39:52","modified_gmt":"2022-11-17T09:39:52","slug":"thematique-sur-le-renforcement-de-la-participation-politique-de-la-femme-en-rdc-la-ministre-des-mines-antoinette-nsamba-kalambayi-a-confere-avec-les-etudiants-de-l","status":"publish","type":"post","link":"https:\/\/mines.gouv.cd\/fr\/2022\/11\/17\/thematique-sur-le-renforcement-de-la-participation-politique-de-la-femme-en-rdc-la-ministre-des-mines-antoinette-nsamba-kalambayi-a-confere-avec-les-etudiants-de-l\/","title":{"rendered":"Th\u00e9matique sur \u201c Le Renforcement de la participation politique de la femme en RDC\u201d. La Ministre des Mines, Antoinette N\u2019Samba Kalambayi, a conf\u00e9r\u00e9 avec les \u00e9tudiants de l\u2019Institut Sup\u00e9rieur du Commerce de Kinshasa."},"content":{"rendered":"<div id=\"fb-root\"><\/div>\n\n<p>Invit\u00e9e sp\u00e9ciale de la fondation Denise Nyakeru en partenariat avec la coordination des \u00e9tudiants de l\u2019ISC, l\u2019ONU-femmes et l\u2019Ambassade de Su\u00e8de, la Ministre de Mines a \u00e9chang\u00e9 avec les \u00e9tudiants de l\u2019Institut pr\u00e9cit\u00e9 dans le cadre de la cession des \u00e9changes avec des universit\u00e9s d\u00e9nomm\u00e9es \u201c Entre futures femmes dirigeantes\u201d. <\/p>\n\n\n\n<figure class=\"wp-block-image size-full\"><img loading=\"lazy\" decoding=\"async\" width=\"1000\" height=\"734\" src=\"https:\/\/mines.gouv.cd\/fr\/wp-content\/uploads\/2022\/11\/WhatsApp-Image-2022-11-17-at-07.51.081.jpeg\" alt=\"\" class=\"wp-image-1189\" srcset=\"https:\/\/mines.gouv.cd\/fr\/wp-content\/uploads\/2022\/11\/WhatsApp-Image-2022-11-17-at-07.51.081.jpeg 1000w, https:\/\/mines.gouv.cd\/fr\/wp-content\/uploads\/2022\/11\/WhatsApp-Image-2022-11-17-at-07.51.081-300x220.jpeg 300w, https:\/\/mines.gouv.cd\/fr\/wp-content\/uploads\/2022\/11\/WhatsApp-Image-2022-11-17-at-07.51.081-768x564.jpeg 768w, https:\/\/mines.gouv.cd\/fr\/wp-content\/uploads\/2022\/11\/WhatsApp-Image-2022-11-17-at-07.51.081-696x511.jpeg 696w, https:\/\/mines.gouv.cd\/fr\/wp-content\/uploads\/2022\/11\/WhatsApp-Image-2022-11-17-at-07.51.081-572x420.jpeg 572w, https:\/\/mines.gouv.cd\/fr\/wp-content\/uploads\/2022\/11\/WhatsApp-Image-2022-11-17-at-07.51.081-80x60.jpeg 80w, https:\/\/mines.gouv.cd\/fr\/wp-content\/uploads\/2022\/11\/WhatsApp-Image-2022-11-17-at-07.51.081-600x440.jpeg 600w\" sizes=\"auto, (max-width: 1000px) 100vw, 1000px\" \/><\/figure>\n\n\n\n<p>L\u2019intervention de Madame Antoinette N\u2019samba Kalambayi \u00e9tait ax\u00e9e sur le th\u00e8me \u201c Promouvoir la participation de la femme et l\u2019\u00e9galit\u00e9 homme-femme dans les n\u00e9gociations multilat\u00e9rales\u201d, intervention repartie en trois points, \u00e0 savoir : \u2022L\u2019\u00e9tat des lieux de la participation de la femme aux n\u00e9gociations multilat\u00e9rales ; <\/p>\n\n\n\n<p>\u2022Le facteur timide de la femme ; <\/p>\n\n\n\n<p>\u2022Les pistes de solutions pour un accroissement qualitatif et quantitatif de la participation de la femme dans les n\u00e9gociations multilat\u00e9rales.Les recommandations formul\u00e9es au terme de cette conf\u00e9rence ont \u00e9t\u00e9 adress\u00e9es aux institutions ci-apr\u00e8s : <\/p>\n\n\n\n<p>-Au pouvoir public : Veiller \u00e0 la mise en \u0153uvre des droits de la femme conform\u00e9ment aux instruments juridiques nationaux et internationaux vot\u00e9s et ratifi\u00e9s ; de mat\u00e9rialiser les structures pr\u00e9vues par la loi sp\u00e9cialement sur le gender et pr\u00e9voir les dotations budg\u00e9taires cons\u00e9quentes.<\/p>\n\n\n\n<p>-A la femme : Capitaliser ses valeurs qui doivent faire d\u2019elle utile dans la soci\u00e9t\u00e9 en cultivant l\u2019esprit comp\u00e9titif de m\u00e9ritocratie au lieu de se contenter de lib\u00e9ralit\u00e9s. C\u2019est dans ce contexte que la femme doit avoir confiance en elle et braver la peur ; Pour y arriver, elle doit faire une r\u00e9volution psychologique, a soulign\u00e9 Madame la Ministre des Mines. C\u2019est \u00e0 cette occasion que l\u2019oratrice a vivement salu\u00e9 les efforts que ne cessent de d\u00e9ployer son Excellence Monsieur le Pr\u00e9sident de la R\u00e9publique Chef de l\u2019Etat, F\u00e9lix Antoine Tshisekedi Tshilombo, dans le cadre de la promotion de femme en dotant le gouvernement actuel des warriors d\u2019un quota de 27% soit 15 femmes membres du gouvernement. Ce qui constitue un grand progr\u00e8s par rapport aux gouvernements pr\u00e9c\u00e9dents.Enfin, la c\u00e9r\u00e9monie s\u2019est cl\u00f4tur\u00e9e par la remise des certificats de valorisation d\u00e9cern\u00e9s aux intervenants de cette activit\u00e9 par la coordonnatrice adjointe de la Fondation D\u00e9nise Nyakeru, Madame Katy Masulisi.<\/p>\n\n\n\n<figure class=\"wp-block-gallery has-nested-images columns-default is-cropped wp-block-gallery-1 is-layout-flex wp-block-gallery-is-layout-flex\">\n<figure class=\"wp-block-image size-large\"><img loading=\"lazy\" decoding=\"async\" width=\"1000\" height=\"667\" data-id=\"1193\" src=\"https:\/\/mines.gouv.cd\/fr\/wp-content\/uploads\/2022\/11\/WhatsApp-Image-2022-11-17-at-07.51.12.jpeg\" alt=\"\" class=\"wp-image-1193\" srcset=\"https:\/\/mines.gouv.cd\/fr\/wp-content\/uploads\/2022\/11\/WhatsApp-Image-2022-11-17-at-07.51.12.jpeg 1000w, https:\/\/mines.gouv.cd\/fr\/wp-content\/uploads\/2022\/11\/WhatsApp-Image-2022-11-17-at-07.51.12-300x200.jpeg 300w, https:\/\/mines.gouv.cd\/fr\/wp-content\/uploads\/2022\/11\/WhatsApp-Image-2022-11-17-at-07.51.12-768x512.jpeg 768w, https:\/\/mines.gouv.cd\/fr\/wp-content\/uploads\/2022\/11\/WhatsApp-Image-2022-11-17-at-07.51.12-696x464.jpeg 696w, https:\/\/mines.gouv.cd\/fr\/wp-content\/uploads\/2022\/11\/WhatsApp-Image-2022-11-17-at-07.51.12-630x420.jpeg 630w, https:\/\/mines.gouv.cd\/fr\/wp-content\/uploads\/2022\/11\/WhatsApp-Image-2022-11-17-at-07.51.12-600x400.jpeg 600w\" sizes=\"auto, (max-width: 1000px) 100vw, 1000px\" \/><\/figure>\n\n\n\n<figure class=\"wp-block-image size-large\"><img loading=\"lazy\" decoding=\"async\" width=\"1000\" height=\"667\" data-id=\"1191\" src=\"https:\/\/mines.gouv.cd\/fr\/wp-content\/uploads\/2022\/11\/WhatsApp-Image-2022-11-17-at-07.51.11.jpeg\" alt=\"\" class=\"wp-image-1191\" srcset=\"https:\/\/mines.gouv.cd\/fr\/wp-content\/uploads\/2022\/11\/WhatsApp-Image-2022-11-17-at-07.51.11.jpeg 1000w, https:\/\/mines.gouv.cd\/fr\/wp-content\/uploads\/2022\/11\/WhatsApp-Image-2022-11-17-at-07.51.11-300x200.jpeg 300w, https:\/\/mines.gouv.cd\/fr\/wp-content\/uploads\/2022\/11\/WhatsApp-Image-2022-11-17-at-07.51.11-768x512.jpeg 768w, https:\/\/mines.gouv.cd\/fr\/wp-content\/uploads\/2022\/11\/WhatsApp-Image-2022-11-17-at-07.51.11-696x464.jpeg 696w, https:\/\/mines.gouv.cd\/fr\/wp-content\/uploads\/2022\/11\/WhatsApp-Image-2022-11-17-at-07.51.11-630x420.jpeg 630w, https:\/\/mines.gouv.cd\/fr\/wp-content\/uploads\/2022\/11\/WhatsApp-Image-2022-11-17-at-07.51.11-600x400.jpeg 600w\" sizes=\"auto, (max-width: 1000px) 100vw, 1000px\" \/><\/figure>\n\n\n\n<figure class=\"wp-block-image size-large\"><img loading=\"lazy\" decoding=\"async\" width=\"1000\" height=\"667\" data-id=\"1190\" src=\"https:\/\/mines.gouv.cd\/fr\/wp-content\/uploads\/2022\/11\/WhatsApp-Image-2022-11-17-at-07.51.10.jpeg\" alt=\"\" class=\"wp-image-1190\" srcset=\"https:\/\/mines.gouv.cd\/fr\/wp-content\/uploads\/2022\/11\/WhatsApp-Image-2022-11-17-at-07.51.10.jpeg 1000w, https:\/\/mines.gouv.cd\/fr\/wp-content\/uploads\/2022\/11\/WhatsApp-Image-2022-11-17-at-07.51.10-300x200.jpeg 300w, https:\/\/mines.gouv.cd\/fr\/wp-content\/uploads\/2022\/11\/WhatsApp-Image-2022-11-17-at-07.51.10-768x512.jpeg 768w, https:\/\/mines.gouv.cd\/fr\/wp-content\/uploads\/2022\/11\/WhatsApp-Image-2022-11-17-at-07.51.10-696x464.jpeg 696w, https:\/\/mines.gouv.cd\/fr\/wp-content\/uploads\/2022\/11\/WhatsApp-Image-2022-11-17-at-07.51.10-630x420.jpeg 630w, https:\/\/mines.gouv.cd\/fr\/wp-content\/uploads\/2022\/11\/WhatsApp-Image-2022-11-17-at-07.51.10-600x400.jpeg 600w\" sizes=\"auto, (max-width: 1000px) 100vw, 1000px\" \/><\/figure>\n<\/figure>\n","protected":false},"excerpt":{"rendered":"<p>Invit\u00e9e sp\u00e9ciale de la fondation Denise Nyakeru en partenariat avec la coordination des \u00e9tudiants de l\u2019ISC, l\u2019ONU-femmes et l\u2019Ambassade de Su\u00e8de, la Ministre de Mines a \u00e9chang\u00e9 avec les \u00e9tudiants de l\u2019Institut pr\u00e9cit\u00e9 dans le cadre de la cession des \u00e9changes avec des universit\u00e9s d\u00e9nomm\u00e9es \u201c Entre futures femmes dirigeantes\u201d. L\u2019intervention de Madame Antoinette N\u2019samba [&hellip;]<\/p>\n","protected":false},"author":1,"featured_media":1192,"comment_status":"closed","ping_status":"open","sticky":false,"template":"","format":"standard","meta":{"tdm_status":"","tdm_grid_status":"","footnotes":""},"categories":[89,85,80],"tags":[],"class_list":{"0":"post-1188","1":"post","2":"type-post","3":"status-publish","4":"format-standard","5":"has-post-thumbnail","7":"category-a-la-une","8":"category-actualite","9":"category-bonne-gouvernance"},"amp_enabled":true,"_links":{"self":[{"href":"https:\/\/mines.gouv.cd\/fr\/wp-json\/wp\/v2\/posts\/1188","targetHints":{"allow":["GET"]}}],"collection":[{"href":"https:\/\/mines.gouv.cd\/fr\/wp-json\/wp\/v2\/posts"}],"about":[{"href":"https:\/\/mines.gouv.cd\/fr\/wp-json\/wp\/v2\/types\/post"}],"author":[{"embeddable":true,"href":"https:\/\/mines.gouv.cd\/fr\/wp-json\/wp\/v2\/users\/1"}],"replies":[{"embeddable":true,"href":"https:\/\/mines.gouv.cd\/fr\/wp-json\/wp\/v2\/comments?post=1188"}],"version-history":[{"count":1,"href":"https:\/\/mines.gouv.cd\/fr\/wp-json\/wp\/v2\/posts\/1188\/revisions"}],"predecessor-version":[{"id":1194,"href":"https:\/\/mines.gouv.cd\/fr\/wp-json\/wp\/v2\/posts\/1188\/revisions\/1194"}],"wp:featuredmedia":[{"embeddable":true,"href":"https:\/\/mines.gouv.cd\/fr\/wp-json\/wp\/v2\/media\/1192"}],"wp:attachment":[{"href":"https:\/\/mines.gouv.cd\/fr\/wp-json\/wp\/v2\/media?parent=1188"}],"wp:term":[{"taxonomy":"category","embeddable":true,"href":"https:\/\/mines.gouv.cd\/fr\/wp-json\/wp\/v2\/categories?post=1188"},{"taxonomy":"post_tag","embeddable":true,"href":"https:\/\/mines.gouv.cd\/fr\/wp-json\/wp\/v2\/tags?post=1188"}],"curies":[{"name":"wp","href":"https:\/\/api.w.org\/{rel}","templated":true}]}}