{"id":1151,"date":"2022-11-09T13:48:05","date_gmt":"2022-11-09T12:48:05","guid":{"rendered":"https:\/\/mines.gouv.cd\/fr\/?p=1151"},"modified":"2022-11-09T13:48:08","modified_gmt":"2022-11-09T12:48:08","slug":"les-questions-de-la-fiscalite-de-la-para-fiscalite-et-du-code-miniers-au-centre-de-la-reunion-de-travail-entre-antoinette-nsamba-kalambayi-et-une-plate-forme-de-concertation-avec-le-gouvernement","status":"publish","type":"post","link":"https:\/\/mines.gouv.cd\/fr\/2022\/11\/09\/les-questions-de-la-fiscalite-de-la-para-fiscalite-et-du-code-miniers-au-centre-de-la-reunion-de-travail-entre-antoinette-nsamba-kalambayi-et-une-plate-forme-de-concertation-avec-le-gouvernement\/","title":{"rendered":"Les questions de la fiscalit\u00e9, de la para fiscalit\u00e9 et du code miniers au centre de la r\u00e9union de travail entre Antoinette N&rsquo;samba Kalambayi et une plate forme de concertation avec le Gouvernement."},"content":{"rendered":"<div id=\"fb-root\"><\/div>\n\n<p>Les questions de la fiscalit\u00e9, de la para fiscalit\u00e9 et du code miniers au centre de la r\u00e9union de travail entre <a href=\"https:\/\/web.facebook.com\/anskalambayi?__cft__%5B0%5D=AZXsHffdBuq29Hp1kUcYsgLcM1M4sM5_eHefx2HY5RY5O6RXPhjIALOLZcUjnyOwcpG7YWj-5GDICBXGUoXDLnRVfHcNf6e_u2VEtUsvxbv7QzXZjfib2B9UCMY4VTq26324QAB1z9AqVzvXaax1YXVk0TXlPhEPESOYtTF9sGkeZrK6WFE0jvp8qQ5ZeOwI5Lc&amp;__tn__=-%5DK-R\">Antoinette N&rsquo;samba Kalambayi<\/a> et une plate forme de concertation avec le Gouvernement<\/p>\n\n\n\n<p>Ce jeudi 13 octobre 2022 dans son cabinet de travail la Ministre nationale en charge des mines, Antoinette N&rsquo;Samba Kalambayi a \u00e9chang\u00e9 avec les membres de la plate forme concertation avec le Gouvernement. Au menu des \u00e9changes, les probl\u00e8mes de la fiscalit\u00e9, la para-fiscalit\u00e9s, douanes, \u00e9nergies et les clauses du Code et r\u00e8glement miniers.<\/p>\n\n\n\n<figure class=\"wp-block-image size-large\"><img loading=\"lazy\" decoding=\"async\" width=\"1024\" height=\"683\" src=\"https:\/\/mines.gouv.cd\/fr\/wp-content\/uploads\/2022\/11\/311483143_482700847210443_6735213459571116307_n-1024x683.jpg\" alt=\"\" class=\"wp-image-1119\" srcset=\"https:\/\/mines.gouv.cd\/fr\/wp-content\/uploads\/2022\/11\/311483143_482700847210443_6735213459571116307_n-1024x683.jpg 1024w, https:\/\/mines.gouv.cd\/fr\/wp-content\/uploads\/2022\/11\/311483143_482700847210443_6735213459571116307_n-300x200.jpg 300w, https:\/\/mines.gouv.cd\/fr\/wp-content\/uploads\/2022\/11\/311483143_482700847210443_6735213459571116307_n-768x512.jpg 768w, https:\/\/mines.gouv.cd\/fr\/wp-content\/uploads\/2022\/11\/311483143_482700847210443_6735213459571116307_n-696x464.jpg 696w, https:\/\/mines.gouv.cd\/fr\/wp-content\/uploads\/2022\/11\/311483143_482700847210443_6735213459571116307_n-1068x712.jpg 1068w, https:\/\/mines.gouv.cd\/fr\/wp-content\/uploads\/2022\/11\/311483143_482700847210443_6735213459571116307_n-630x420.jpg 630w, https:\/\/mines.gouv.cd\/fr\/wp-content\/uploads\/2022\/11\/311483143_482700847210443_6735213459571116307_n-600x400.jpg 600w, https:\/\/mines.gouv.cd\/fr\/wp-content\/uploads\/2022\/11\/311483143_482700847210443_6735213459571116307_n.jpg 1080w\" sizes=\"auto, (max-width: 1024px) 100vw, 1024px\" \/><\/figure>\n\n\n\n<p>Selon Mr Louis K. Watum, Pr\u00e9sident de la chambre des mines qui a conduit la d\u00e9l\u00e9gation, c&rsquo;est dans le cadre de la plate forme de concertation avec le Gouvernement au travers le Minist\u00e8re des mines. Cette structure va d\u00e9battre des diff\u00e9rents probl\u00e8mes du secteur minier.<\/p>\n\n\n\n<p>Mr Louis Watum, Pr\u00e9sident de la chambre des mines a en outre pr\u00e9cis\u00e9 devant la presse ce qui suit :<\/p>\n\n\n\n<p>\u00a0\u00bb Aujourd&rsquo;hui, le secteur minier est astreint \u00e0 toutes sortes de taxes qui sont compl\u00e8tement hors du cadre l\u00e9gal institu\u00e9 par le Code minier et cela ternit l&rsquo;image du secteur minier ainsi que celle du pays.<\/p>\n\n\n\n<p>Nous voulons r\u00e9fl\u00e9chir \u00e0 ce sujet pour proposer des solutions ad\u00e9quates\u00a0\u00bb a-t-il fait savoir.<\/p>\n\n\n\n<p>Et de poursuivre,<\/p>\n\n\n\n<p>\u00a0\u00bb Nous saluons l&rsquo;ouverture du gouvernement \u00e0 travers la patronne des mines. Elle est pr\u00eate \u00e0 nous accompagner dans ce combat et au besoin faire intervenir les diff\u00e9rents Minist\u00e8res sectoriels en charge de ces diff\u00e9rents services de l&rsquo;\u00c9tat pour trouver r\u00e9ellement des solutions.<\/p>\n\n\n\n<p>A titre d&rsquo;exemple, nous avons le guichet unique selon le code et la loi mais \u00e0 ce jours, nous faisons face \u00e0 pr\u00e8s de cinq (5) guichets. Toutefois, nous sommes confiant que nous avons un gouvernement qui est ouvert au dialogue et pr\u00e8s \u00e0 nous \u00e9couter chaque fois que nous aurons de dol\u00e9ances \u00ab\u00a0, conclut, Mr Louis K Watum, Pr\u00e9sident de la chambre des mines.<\/p>\n","protected":false},"excerpt":{"rendered":"<p>Les questions de la fiscalit\u00e9, de la para fiscalit\u00e9 et du code miniers au centre de la r\u00e9union de travail entre Antoinette N&rsquo;samba Kalambayi et une plate forme de concertation avec le Gouvernement Ce jeudi 13 octobre 2022 dans son cabinet de travail la Ministre nationale en charge des mines, Antoinette N&rsquo;Samba Kalambayi a \u00e9chang\u00e9 [&hellip;]<\/p>\n","protected":false},"author":1,"featured_media":1115,"comment_status":"closed","ping_status":"open","sticky":false,"template":"","format":"standard","meta":{"tdm_status":"","tdm_grid_status":"","footnotes":""},"categories":[89,85,80,90,83,84],"tags":[],"class_list":{"0":"post-1151","1":"post","2":"type-post","3":"status-publish","4":"format-standard","5":"has-post-thumbnail","7":"category-a-la-une","8":"category-actualite","9":"category-bonne-gouvernance","10":"category-conjocture-economique","11":"category-transparence","12":"category-vulgarisation"},"amp_enabled":true,"_links":{"self":[{"href":"https:\/\/mines.gouv.cd\/fr\/wp-json\/wp\/v2\/posts\/1151","targetHints":{"allow":["GET"]}}],"collection":[{"href":"https:\/\/mines.gouv.cd\/fr\/wp-json\/wp\/v2\/posts"}],"about":[{"href":"https:\/\/mines.gouv.cd\/fr\/wp-json\/wp\/v2\/types\/post"}],"author":[{"embeddable":true,"href":"https:\/\/mines.gouv.cd\/fr\/wp-json\/wp\/v2\/users\/1"}],"replies":[{"embeddable":true,"href":"https:\/\/mines.gouv.cd\/fr\/wp-json\/wp\/v2\/comments?post=1151"}],"version-history":[{"count":1,"href":"https:\/\/mines.gouv.cd\/fr\/wp-json\/wp\/v2\/posts\/1151\/revisions"}],"predecessor-version":[{"id":1154,"href":"https:\/\/mines.gouv.cd\/fr\/wp-json\/wp\/v2\/posts\/1151\/revisions\/1154"}],"wp:featuredmedia":[{"embeddable":true,"href":"https:\/\/mines.gouv.cd\/fr\/wp-json\/wp\/v2\/media\/1115"}],"wp:attachment":[{"href":"https:\/\/mines.gouv.cd\/fr\/wp-json\/wp\/v2\/media?parent=1151"}],"wp:term":[{"taxonomy":"category","embeddable":true,"href":"https:\/\/mines.gouv.cd\/fr\/wp-json\/wp\/v2\/categories?post=1151"},{"taxonomy":"post_tag","embeddable":true,"href":"https:\/\/mines.gouv.cd\/fr\/wp-json\/wp\/v2\/tags?post=1151"}],"curies":[{"name":"wp","href":"https:\/\/api.w.org\/{rel}","templated":true}]}}